{"id":1175,"date":"2022-09-15T17:54:08","date_gmt":"2022-09-15T15:54:08","guid":{"rendered":"https:\/\/www.europropmarket.com\/actualites\/?p=1175"},"modified":"2022-09-15T17:54:08","modified_gmt":"2022-09-15T15:54:08","slug":"quels-sont-les-objectifs-de-paris-la-defense-dans-le-domaine-immobilier","status":"publish","type":"post","link":"https:\/\/www.europropmarket.com\/actualites\/quels-sont-les-objectifs-de-paris-la-defense-dans-le-domaine-immobilier\/","title":{"rendered":"Quels sont les objectifs de Paris La D\u00e9fense dans le domaine immobilier ?"},"content":{"rendered":"<p>L\u2019Etablissement public <a href=\"https:\/\/www.europropmarket.com\/bureau\/location\/75000-paris\/\">Paris-La D\u00e9fense<\/a> est \u00e0 l\u2019origine de plusieurs projets immobiliers destin\u00e9s \u00e0 accroitre l\u2019attractivit\u00e9 du march\u00e9 de bureaux local, avec entre autres l\u2019am\u00e9nagement du secteur des Groues et le d\u00e9veloppement du <a href=\"https:\/\/www.europropmarket.com\/actualites\/grand-paris-express-de-nouvelles-opportunites-pour-limmobilier-dentreprise\/\">Grand Paris Express<\/a><\/p>\n<h2>La D\u00e9fense : une volont\u00e9 de cr\u00e9er une offre immobili\u00e8re attractive<\/h2>\n<p>La volont\u00e9 de cr\u00e9er une offre immobili\u00e8re Premium se traduit par des initiatives de la part de Paris-La D\u00e9fense visant notamment \u00e0 effacer certaines coupures urbaines pour mieux reconnecter les diff\u00e9rents quartiers et communes du secteur. La m\u00e9tamorphose des Grands Boulevards en un espace reliant efficacement le c\u0153ur de La D\u00e9fense \u00e0 Courbevoie et Puteaux s\u2019inscrit dans cette perspective. Plus g\u00e9n\u00e9ralement, l\u2019Etablissement public Paris La D\u00e9fense est \u00e0 l\u2019origine de plusieurs programmes destin\u00e9s \u00e0 accroitre l\u2019attractivit\u00e9 du secteur aupr\u00e8s des entreprises et investisseurs, \u00e0 travers l\u2019am\u00e9lioration de la qualit\u00e9 de vie et un volet environnemental omnipr\u00e9sent.<\/p>\n<p>&nbsp;<\/p>\n<h2>Le quartier des\u00a0 Groues<\/h2>\n<p>Le d\u00e9senclavement du quartier des Groues \u00e0 <a href=\"https:\/\/www.europropmarket.com\/bureau\/vente\/92000-nanterre\/\">Nanterre<\/a> est un de ces am\u00e9nagements embl\u00e9matiques : ce territoire de 65h implique \u00e0 partir de 2022 la cr\u00e9ation de 210 500 m\u00b2 de bureaux, 79 000 m\u00b2 de commerces, locaux d\u2019activit\u00e9s et \u00e9quipements aux c\u00f4t\u00e9 d\u2019immeubles de logements. V\u00e9ritable laboratoire d\u2019exp\u00e9rimentation, le quartier des Groues se distingue par son volet \u00e9cologique bas\u00e9 sur le confort des riverains et la performance \u00e9nerg\u00e9tique des b\u00e2timents : comme bien d\u2019autres programmes, les d\u00e9marches de labellisation et certification \u2013 BREEAM, HQE, Effinergie+ ou encore LEED \u2013 sont au c\u0153ur des transformations en cours. Proche de la Grande Arche et accessible depuis un boulevard de La D\u00e9fense r\u00e9am\u00e9nag\u00e9, le quartier des Groues constituera un nouveau hub de transports stimul\u00e9 par l\u2019arriv\u00e9e du Grand Paris Express et offrira un nouveau centre de gravit\u00e9 \u00e0 l\u2019ouest francilien. Les 4 hectares d\u2019espaces verts cr\u00e9\u00e9s sur l\u2019espace public et les 3 hectares d\u2019espaces verts priv\u00e9s dont b\u00e9n\u00e9ficiera le secteur des Groues illustre par ailleurs l\u2019objectif de v\u00e9g\u00e9talisation du territoire affich\u00e9 par Paris-La D\u00e9fense, une tendance qui profitera sans aucun doute aux entreprises implant\u00e9es : aux 37ha d\u2019espaces v\u00e9g\u00e9talis\u00e9es dont peut se pr\u00e9valoir Paris-la D\u00e9fense viendront bient\u00f4t s\u2019ajouter la cr\u00e9ation de nouveaux parcs urbains, de jardins partag\u00e9s, de toitures v\u00e9g\u00e9talis\u00e9es et de terrasses confortables au sein des nouveaux programmes immobiliers ambitieux, tertiaires principalement.<\/p>\n<h2>Trinity<\/h2>\n<p>Autre projet phare, Trinity t\u00e9moigne \u00e9galement des ambitions architecturales, environnementales et bien s\u00fbr \u00e9conomiques de Paris-La D\u00e9fense : au programme, 49 000 m\u00b2 d\u2019espaces de travail dont 4 000 m\u00b2 de services avec ascenseurs panoramiques en fa\u00e7ade, terrasses plant\u00e9es d\u2019arbres, business center en rooftop, services connect\u00e9s et espaces hybrides au profit d\u2019un immobilier de bureaux typique du monde tertiaire de demain. De nombreux autres projets sont aujourd\u2019hui mis en \u0153uvre par l\u2019\u00e9tablissement Paris-La D\u00e9fense, avec un objectif global associant qualit\u00e9 de vie, d\u00e9marche environnementale et performance professionnelle.<\/p>\n","protected":false},"excerpt":{"rendered":"<p>L\u2019Etablissement public Paris-La D\u00e9fense est \u00e0 l\u2019origine de plusieurs projets immobiliers destin\u00e9s \u00e0 accroitre l\u2019attractivit\u00e9 du march\u00e9 de bureaux local, avec entre autres l\u2019am\u00e9nagement du secteur des Groues et le d\u00e9veloppement du Grand Paris Express La D\u00e9fense : une volont\u00e9 de cr\u00e9er une offre immobili\u00e8re attractive La volont\u00e9 de cr\u00e9er une offre immobili\u00e8re Premium se [&hellip;]<\/p>\n","protected":false},"author":4,"featured_media":1569,"comment_status":"closed","ping_status":"closed","sticky":false,"template":"","format":"standard","meta":{"footnotes":""},"categories":[149],"tags":[179,88],"class_list":["post-1175","post","type-post","status-publish","format-standard","has-post-thumbnail","hentry","category-marche-investissements","tag-bureaux-nanterre","tag-la-defense","entry","has-media"],"yoast_head":"<!-- This site is optimized with the Yoast SEO plugin v19.13 - https:\/\/yoast.com\/wordpress\/plugins\/seo\/ -->\n<title>Paris La D\u00e9fense : cr\u00e9er une offre immobili\u00e8re attractive<\/title>\n<meta name=\"description\" content=\"Paris-La D\u00e9fense est \u00e0 l\u2019origine de plusieurs projets immobiliers destin\u00e9s \u00e0 accroitre l\u2019attractivit\u00e9 du march\u00e9 de bureaux\" \/>\n<meta name=\"robots\" content=\"index, follow, max-snippet:-1, max-image-preview:large, max-video-preview:-1\" \/>\n<link rel=\"canonical\" href=\"https:\/\/www.europropmarket.com\/actualites\/quels-sont-les-objectifs-de-paris-la-defense-dans-le-domaine-immobilier\/\" \/>\n<meta property=\"og:locale\" content=\"fr_FR\" \/>\n<meta property=\"og:type\" content=\"article\" \/>\n<meta property=\"og:title\" content=\"Paris La D\u00e9fense : cr\u00e9er une offre immobili\u00e8re attractive\" \/>\n<meta property=\"og:description\" content=\"Paris-La D\u00e9fense est \u00e0 l\u2019origine de plusieurs projets immobiliers destin\u00e9s \u00e0 accroitre l\u2019attractivit\u00e9 du march\u00e9 de bureaux\" \/>\n<meta property=\"og:url\" content=\"https:\/\/www.europropmarket.com\/actualites\/quels-sont-les-objectifs-de-paris-la-defense-dans-le-domaine-immobilier\/\" \/>\n<meta property=\"og:site_name\" content=\"Europropmarket\" \/>\n<meta property=\"article:published_time\" content=\"2022-09-15T15:54:08+00:00\" \/>\n<meta property=\"og:image\" content=\"https:\/\/www.europropmarket.com\/actualites\/wp-content\/uploads\/2022\/09\/La-Grande-Arche-La-Defense-Paris-700x525-1.jpg\" \/>\n\t<meta property=\"og:image:width\" content=\"980\" \/>\n\t<meta property=\"og:image:height\" content=\"380\" \/>\n\t<meta property=\"og:image:type\" content=\"image\/jpeg\" \/>\n<meta name=\"author\" content=\"St\u00e9phane BONTOUX\" \/>\n<meta name=\"twitter:card\" content=\"summary_large_image\" \/>\n<meta name=\"twitter:label1\" content=\"\u00c9crit par\" \/>\n\t<meta name=\"twitter:data1\" content=\"St\u00e9phane BONTOUX\" \/>\n\t<meta name=\"twitter:label2\" content=\"Dur\u00e9e de lecture estim\u00e9e\" \/>\n\t<meta name=\"twitter:data2\" content=\"3 minutes\" \/>\n<script type=\"application\/ld+json\" class=\"yoast-schema-graph\">{\"@context\":\"https:\/\/schema.org\",\"@graph\":[{\"@type\":\"Article\",\"@id\":\"https:\/\/www.europropmarket.com\/actualites\/quels-sont-les-objectifs-de-paris-la-defense-dans-le-domaine-immobilier\/#article\",\"isPartOf\":{\"@id\":\"https:\/\/www.europropmarket.com\/actualites\/quels-sont-les-objectifs-de-paris-la-defense-dans-le-domaine-immobilier\/\"},\"author\":{\"name\":\"St\u00e9phane BONTOUX\",\"@id\":\"https:\/\/www.europropmarket.com\/actualites\/#\/schema\/person\/97027d62243b84ca18df0089bcbb10a8\"},\"headline\":\"Quels sont les objectifs de Paris La D\u00e9fense dans le domaine immobilier ?\",\"datePublished\":\"2022-09-15T15:54:08+00:00\",\"dateModified\":\"2022-09-15T15:54:08+00:00\",\"mainEntityOfPage\":{\"@id\":\"https:\/\/www.europropmarket.com\/actualites\/quels-sont-les-objectifs-de-paris-la-defense-dans-le-domaine-immobilier\/\"},\"wordCount\":531,\"publisher\":{\"@id\":\"https:\/\/www.europropmarket.com\/actualites\/#organization\"},\"keywords\":[\"Bureaux Nanterre\",\"La d\u00e9fense\"],\"articleSection\":[\"March\u00e9 \/ Investissements\"],\"inLanguage\":\"fr-FR\"},{\"@type\":\"WebPage\",\"@id\":\"https:\/\/www.europropmarket.com\/actualites\/quels-sont-les-objectifs-de-paris-la-defense-dans-le-domaine-immobilier\/\",\"url\":\"https:\/\/www.europropmarket.com\/actualites\/quels-sont-les-objectifs-de-paris-la-defense-dans-le-domaine-immobilier\/\",\"name\":\"Paris La D\u00e9fense : cr\u00e9er une offre immobili\u00e8re attractive\",\"isPartOf\":{\"@id\":\"https:\/\/www.europropmarket.com\/actualites\/#website\"},\"datePublished\":\"2022-09-15T15:54:08+00:00\",\"dateModified\":\"2022-09-15T15:54:08+00:00\",\"description\":\"Paris-La D\u00e9fense est \u00e0 l\u2019origine de plusieurs projets immobiliers destin\u00e9s \u00e0 accroitre l\u2019attractivit\u00e9 du march\u00e9 de bureaux\",\"breadcrumb\":{\"@id\":\"https:\/\/www.europropmarket.com\/actualites\/quels-sont-les-objectifs-de-paris-la-defense-dans-le-domaine-immobilier\/#breadcrumb\"},\"inLanguage\":\"fr-FR\",\"potentialAction\":[{\"@type\":\"ReadAction\",\"target\":[\"https:\/\/www.europropmarket.com\/actualites\/quels-sont-les-objectifs-de-paris-la-defense-dans-le-domaine-immobilier\/\"]}]},{\"@type\":\"BreadcrumbList\",\"@id\":\"https:\/\/www.europropmarket.com\/actualites\/quels-sont-les-objectifs-de-paris-la-defense-dans-le-domaine-immobilier\/#breadcrumb\",\"itemListElement\":[{\"@type\":\"ListItem\",\"position\":1,\"name\":\"Accueil\",\"item\":\"https:\/\/www.europropmarket.com\/actualites\/\"},{\"@type\":\"ListItem\",\"position\":2,\"name\":\"Quels sont les objectifs de Paris La D\u00e9fense dans le domaine immobilier ?\"}]},{\"@type\":\"WebSite\",\"@id\":\"https:\/\/www.europropmarket.com\/actualites\/#website\",\"url\":\"https:\/\/www.europropmarket.com\/actualites\/\",\"name\":\"Europropmarket\",\"description\":\"\",\"publisher\":{\"@id\":\"https:\/\/www.europropmarket.com\/actualites\/#organization\"},\"potentialAction\":[{\"@type\":\"SearchAction\",\"target\":{\"@type\":\"EntryPoint\",\"urlTemplate\":\"https:\/\/www.europropmarket.com\/actualites\/?s={search_term_string}\"},\"query-input\":\"required name=search_term_string\"}],\"inLanguage\":\"fr-FR\"},{\"@type\":\"Organization\",\"@id\":\"https:\/\/www.europropmarket.com\/actualites\/#organization\",\"name\":\"Europropmarket\",\"url\":\"https:\/\/www.europropmarket.com\/actualites\/\",\"logo\":{\"@type\":\"ImageObject\",\"inLanguage\":\"fr-FR\",\"@id\":\"https:\/\/www.europropmarket.com\/actualites\/#\/schema\/logo\/image\/\",\"url\":\"https:\/\/www.europropmarket.com\/actualites\/wp-content\/uploads\/2021\/04\/logo.png\",\"contentUrl\":\"https:\/\/www.europropmarket.com\/actualites\/wp-content\/uploads\/2021\/04\/logo.png\",\"width\":204,\"height\":25,\"caption\":\"Europropmarket\"},\"image\":{\"@id\":\"https:\/\/www.europropmarket.com\/actualites\/#\/schema\/logo\/image\/\"}},{\"@type\":\"Person\",\"@id\":\"https:\/\/www.europropmarket.com\/actualites\/#\/schema\/person\/97027d62243b84ca18df0089bcbb10a8\",\"name\":\"St\u00e9phane BONTOUX\",\"image\":{\"@type\":\"ImageObject\",\"inLanguage\":\"fr-FR\",\"@id\":\"https:\/\/www.europropmarket.com\/actualites\/#\/schema\/person\/image\/\",\"url\":\"https:\/\/secure.gravatar.com\/avatar\/2e2408bccbefc28eb75eb64f0a5e748f653dd966b192e28b810a33dba3220ec5?s=96&d=mm&r=g\",\"contentUrl\":\"https:\/\/secure.gravatar.com\/avatar\/2e2408bccbefc28eb75eb64f0a5e748f653dd966b192e28b810a33dba3220ec5?s=96&d=mm&r=g\",\"caption\":\"St\u00e9phane BONTOUX\"},\"url\":\"https:\/\/www.europropmarket.com\/actualites\/author\/sbontoux\/\"}]}<\/script>\n<!-- \/ Yoast SEO plugin. -->","yoast_head_json":{"title":"Paris La D\u00e9fense : cr\u00e9er une offre immobili\u00e8re attractive","description":"Paris-La D\u00e9fense est \u00e0 l\u2019origine de plusieurs projets immobiliers destin\u00e9s \u00e0 accroitre l\u2019attractivit\u00e9 du march\u00e9 de bureaux","robots":{"index":"index","follow":"follow","max-snippet":"max-snippet:-1","max-image-preview":"max-image-preview:large","max-video-preview":"max-video-preview:-1"},"canonical":"https:\/\/www.europropmarket.com\/actualites\/quels-sont-les-objectifs-de-paris-la-defense-dans-le-domaine-immobilier\/","og_locale":"fr_FR","og_type":"article","og_title":"Paris La D\u00e9fense : cr\u00e9er une offre immobili\u00e8re attractive","og_description":"Paris-La D\u00e9fense est \u00e0 l\u2019origine de plusieurs projets immobiliers destin\u00e9s \u00e0 accroitre l\u2019attractivit\u00e9 du march\u00e9 de bureaux","og_url":"https:\/\/www.europropmarket.com\/actualites\/quels-sont-les-objectifs-de-paris-la-defense-dans-le-domaine-immobilier\/","og_site_name":"Europropmarket","article_published_time":"2022-09-15T15:54:08+00:00","og_image":[{"width":980,"height":380,"url":"https:\/\/www.europropmarket.com\/actualites\/wp-content\/uploads\/2022\/09\/La-Grande-Arche-La-Defense-Paris-700x525-1.jpg","type":"image\/jpeg"}],"author":"St\u00e9phane BONTOUX","twitter_card":"summary_large_image","twitter_misc":{"\u00c9crit par":"St\u00e9phane BONTOUX","Dur\u00e9e de lecture estim\u00e9e":"3 minutes"},"schema":{"@context":"https:\/\/schema.org","@graph":[{"@type":"Article","@id":"https:\/\/www.europropmarket.com\/actualites\/quels-sont-les-objectifs-de-paris-la-defense-dans-le-domaine-immobilier\/#article","isPartOf":{"@id":"https:\/\/www.europropmarket.com\/actualites\/quels-sont-les-objectifs-de-paris-la-defense-dans-le-domaine-immobilier\/"},"author":{"name":"St\u00e9phane BONTOUX","@id":"https:\/\/www.europropmarket.com\/actualites\/#\/schema\/person\/97027d62243b84ca18df0089bcbb10a8"},"headline":"Quels sont les objectifs de Paris La D\u00e9fense dans le domaine immobilier ?","datePublished":"2022-09-15T15:54:08+00:00","dateModified":"2022-09-15T15:54:08+00:00","mainEntityOfPage":{"@id":"https:\/\/www.europropmarket.com\/actualites\/quels-sont-les-objectifs-de-paris-la-defense-dans-le-domaine-immobilier\/"},"wordCount":531,"publisher":{"@id":"https:\/\/www.europropmarket.com\/actualites\/#organization"},"keywords":["Bureaux Nanterre","La d\u00e9fense"],"articleSection":["March\u00e9 \/ Investissements"],"inLanguage":"fr-FR"},{"@type":"WebPage","@id":"https:\/\/www.europropmarket.com\/actualites\/quels-sont-les-objectifs-de-paris-la-defense-dans-le-domaine-immobilier\/","url":"https:\/\/www.europropmarket.com\/actualites\/quels-sont-les-objectifs-de-paris-la-defense-dans-le-domaine-immobilier\/","name":"Paris La D\u00e9fense : cr\u00e9er une offre immobili\u00e8re attractive","isPartOf":{"@id":"https:\/\/www.europropmarket.com\/actualites\/#website"},"datePublished":"2022-09-15T15:54:08+00:00","dateModified":"2022-09-15T15:54:08+00:00","description":"Paris-La D\u00e9fense est \u00e0 l\u2019origine de plusieurs projets immobiliers destin\u00e9s \u00e0 accroitre l\u2019attractivit\u00e9 du march\u00e9 de bureaux","breadcrumb":{"@id":"https:\/\/www.europropmarket.com\/actualites\/quels-sont-les-objectifs-de-paris-la-defense-dans-le-domaine-immobilier\/#breadcrumb"},"inLanguage":"fr-FR","potentialAction":[{"@type":"ReadAction","target":["https:\/\/www.europropmarket.com\/actualites\/quels-sont-les-objectifs-de-paris-la-defense-dans-le-domaine-immobilier\/"]}]},{"@type":"BreadcrumbList","@id":"https:\/\/www.europropmarket.com\/actualites\/quels-sont-les-objectifs-de-paris-la-defense-dans-le-domaine-immobilier\/#breadcrumb","itemListElement":[{"@type":"ListItem","position":1,"name":"Accueil","item":"https:\/\/www.europropmarket.com\/actualites\/"},{"@type":"ListItem","position":2,"name":"Quels sont les objectifs de Paris La D\u00e9fense dans le domaine immobilier ?"}]},{"@type":"WebSite","@id":"https:\/\/www.europropmarket.com\/actualites\/#website","url":"https:\/\/www.europropmarket.com\/actualites\/","name":"Europropmarket","description":"","publisher":{"@id":"https:\/\/www.europropmarket.com\/actualites\/#organization"},"potentialAction":[{"@type":"SearchAction","target":{"@type":"EntryPoint","urlTemplate":"https:\/\/www.europropmarket.com\/actualites\/?s={search_term_string}"},"query-input":"required name=search_term_string"}],"inLanguage":"fr-FR"},{"@type":"Organization","@id":"https:\/\/www.europropmarket.com\/actualites\/#organization","name":"Europropmarket","url":"https:\/\/www.europropmarket.com\/actualites\/","logo":{"@type":"ImageObject","inLanguage":"fr-FR","@id":"https:\/\/www.europropmarket.com\/actualites\/#\/schema\/logo\/image\/","url":"https:\/\/www.europropmarket.com\/actualites\/wp-content\/uploads\/2021\/04\/logo.png","contentUrl":"https:\/\/www.europropmarket.com\/actualites\/wp-content\/uploads\/2021\/04\/logo.png","width":204,"height":25,"caption":"Europropmarket"},"image":{"@id":"https:\/\/www.europropmarket.com\/actualites\/#\/schema\/logo\/image\/"}},{"@type":"Person","@id":"https:\/\/www.europropmarket.com\/actualites\/#\/schema\/person\/97027d62243b84ca18df0089bcbb10a8","name":"St\u00e9phane BONTOUX","image":{"@type":"ImageObject","inLanguage":"fr-FR","@id":"https:\/\/www.europropmarket.com\/actualites\/#\/schema\/person\/image\/","url":"https:\/\/secure.gravatar.com\/avatar\/2e2408bccbefc28eb75eb64f0a5e748f653dd966b192e28b810a33dba3220ec5?s=96&d=mm&r=g","contentUrl":"https:\/\/secure.gravatar.com\/avatar\/2e2408bccbefc28eb75eb64f0a5e748f653dd966b192e28b810a33dba3220ec5?s=96&d=mm&r=g","caption":"St\u00e9phane BONTOUX"},"url":"https:\/\/www.europropmarket.com\/actualites\/author\/sbontoux\/"}]}},"_links":{"self":[{"href":"https:\/\/www.europropmarket.com\/actualites\/wp-json\/wp\/v2\/posts\/1175","targetHints":{"allow":["GET"]}}],"collection":[{"href":"https:\/\/www.europropmarket.com\/actualites\/wp-json\/wp\/v2\/posts"}],"about":[{"href":"https:\/\/www.europropmarket.com\/actualites\/wp-json\/wp\/v2\/types\/post"}],"author":[{"embeddable":true,"href":"https:\/\/www.europropmarket.com\/actualites\/wp-json\/wp\/v2\/users\/4"}],"replies":[{"embeddable":true,"href":"https:\/\/www.europropmarket.com\/actualites\/wp-json\/wp\/v2\/comments?post=1175"}],"version-history":[{"count":3,"href":"https:\/\/www.europropmarket.com\/actualites\/wp-json\/wp\/v2\/posts\/1175\/revisions"}],"predecessor-version":[{"id":1570,"href":"https:\/\/www.europropmarket.com\/actualites\/wp-json\/wp\/v2\/posts\/1175\/revisions\/1570"}],"wp:featuredmedia":[{"embeddable":true,"href":"https:\/\/www.europropmarket.com\/actualites\/wp-json\/wp\/v2\/media\/1569"}],"wp:attachment":[{"href":"https:\/\/www.europropmarket.com\/actualites\/wp-json\/wp\/v2\/media?parent=1175"}],"wp:term":[{"taxonomy":"category","embeddable":true,"href":"https:\/\/www.europropmarket.com\/actualites\/wp-json\/wp\/v2\/categories?post=1175"},{"taxonomy":"post_tag","embeddable":true,"href":"https:\/\/www.europropmarket.com\/actualites\/wp-json\/wp\/v2\/tags?post=1175"}],"curies":[{"name":"wp","href":"https:\/\/api.w.org\/{rel}","templated":true}]}}