{"id":1213,"date":"2022-07-20T16:15:51","date_gmt":"2022-07-20T14:15:51","guid":{"rendered":"https:\/\/www.europropmarket.com\/actualites\/?p=1213"},"modified":"2022-07-20T16:15:51","modified_gmt":"2022-07-20T14:15:51","slug":"vegetalisation-des-coproprietes-lexemple-lyonnais","status":"publish","type":"post","link":"https:\/\/www.europropmarket.com\/actualites\/vegetalisation-des-coproprietes-lexemple-lyonnais\/","title":{"rendered":"V\u00e9g\u00e9talisation des copropri\u00e9t\u00e9s : l\u2019exemple lyonnais"},"content":{"rendered":"<p>Encourageant la transition \u00e9cologique et climatique, <a href=\"https:\/\/www.europropmarket.com\/actualites\/les-grands-projets-urbains-de-la-metropole-de-lyon\/\">Lyon M\u00e9tropole<\/a> accorde d\u00e9sormais des aides financi\u00e8res aux immeubles de bureaux\u00a0 engag\u00e9es dans une d\u00e9marche de v\u00e9g\u00e9talisation. Une initiative visant entre autres \u00e0 cr\u00e9er des \u00eelots de fraicheur en zone urbaine<\/p>\n<p>&nbsp;<\/p>\n<p><strong>Encourager la transition \u00e9cologique \u00e0 Lyon M\u00e9tropole<\/strong><\/p>\n<p>Le processus de verdissement du centre-ville lyonnais a pris un tournant en d\u00e9cembre 2021, alors que la m\u00e9tropole annon\u00e7ait la plantation de plusieurs arbres dans une copropri\u00e9t\u00e9 du troisi\u00e8me arrondissement appartenant \u00e0 Grand Lyon Habitat. Il s&rsquo;agit d\u00e9sormais de mettre en avant les enjeux li\u00e9s \u00e0 la v\u00e9g\u00e9talisation des copropri\u00e9t\u00e9s, une ambition qui s\u2019inscrit dans la perspective du \u00ab\u00a0Plan Nature\u00a0\u00bb adopt\u00e9 l&rsquo;ann\u00e9e derni\u00e8re. Si le verdissement des <a href=\"https:\/\/www.europropmarket.com\/nos-offres\/69000-lyon\/\">quartiers d&rsquo;affaires<\/a>, zones d\u2019activit\u00e9s et espace publics est enclench\u00e9 depuis plusieurs ann\u00e9es dans la m\u00e9tropole lyonnaise, cette d\u00e9marche s\u2019av\u00e8re d\u00e9sormais insuffisante au regard des objectifs de transition \u00e9cologique et climatique fix\u00e9s par le gouvernement. Afin de rafra\u00eechir la ville, d\u00e9simperm\u00e9abiliser les surfaces urbaines et r\u00e9\u00e9quilibrer le couvert v\u00e9g\u00e9tal entre l&rsquo;Ouest du territoire (tr\u00e8s v\u00e9g\u00e9talis\u00e9) et l&rsquo;Est (trop peu v\u00e9g\u00e9talis\u00e9), Lyon M\u00e9tropole \u00e9tend ainsi d\u00e9sormais ses projets environnementaux aux copropri\u00e9t\u00e9s qui repr\u00e9sentent environ 70 % des espaces verts, illustrant ainsi en quoi la v\u00e9g\u00e9talisation des seuls espaces publics ne suffit plus. La v\u00e9g\u00e9talisation des copropri\u00e9t\u00e9s peut prendre diff\u00e9rents visages\u00a0:\u00a0 fa\u00e7ades vertes recouvrant les murs ext\u00e9rieurs des b\u00e2timents, ou bien toitures v\u00e9g\u00e9talis\u00e9es qui permettent de limiter le r\u00e9chauffement urbain en absorbant la chaleur.<\/p>\n<p><strong>Un accompagnement financier au profit des copropri\u00e9t\u00e9s<\/strong><\/p>\n<p>La <a href=\"https:\/\/www.grandlyon.com\/\">M\u00e9tropole lyonnaise<\/a> a choisi de mettre en place des aides financi\u00e8res \u00e0 destination des bailleurs sociaux et des copropri\u00e9t\u00e9s priv\u00e9es afin de les inciter \u00e0 entamer une d\u00e9marche de v\u00e9g\u00e9talisation des espaces. Le montant de ces aides varient notamment en fonction de la qualit\u00e9 des arbres plant\u00e9s\u00a0:<\/p>\n<ul>\n<li>Pour les copropri\u00e9t\u00e9s priv\u00e9es\u00a0: l\u2019aide est comprise entre 30 % et 65 % du co\u00fbt total incluant \u00e9tudes et travaux. L&rsquo;aide de base de 30 % peut \u00eatre bonifi\u00e9e de 20 % si la copropri\u00e9t\u00e9 est localis\u00e9e dans l&rsquo;une des 26 communes d\u00e9ficitaires en couvert v\u00e9g\u00e9tal. Une bonification suppl\u00e9mentaire de 10 % est accord\u00e9e lorsque certains arbres et arbustes plant\u00e9s son labellis\u00e9s \u00ab v\u00e9g\u00e9tal local \u00bb\u00a0; enfin une derni\u00e8re bonification de 5 % peut \u00eatre accord\u00e9e lorsque des arbres fruitiers sont plant\u00e9s au sein de la copropri\u00e9t\u00e9<\/li>\n<li>Pour les bailleurs sociaux\u00a0: les aides financi\u00e8res sont moins \u00e9lev\u00e9es, bien que l\u2019aide de base soit de 35 %. L\u2019accompagnement financier des bailleurs peut atteindre 50 % du co\u00fbt total du projet, gr\u00e2ce aux bonifications de 10 % (label \u00ab\u00a0v\u00e9g\u00e9tal local\u00a0\u00bb) et de 5% (plantation d\u2019arbres fruitiers)<\/li>\n<\/ul>\n<p>&nbsp;<\/p>\n","protected":false},"excerpt":{"rendered":"<p>Encourageant la transition \u00e9cologique et climatique, Lyon M\u00e9tropole accorde d\u00e9sormais des aides financi\u00e8res aux immeubles de bureaux\u00a0 engag\u00e9es dans une d\u00e9marche de v\u00e9g\u00e9talisation. Une initiative visant entre autres \u00e0 cr\u00e9er des \u00eelots de fraicheur en zone urbaine &nbsp; Encourager la transition \u00e9cologique \u00e0 Lyon M\u00e9tropole Le processus de verdissement du centre-ville lyonnais a pris un [&hellip;]<\/p>\n","protected":false},"author":4,"featured_media":1312,"comment_status":"closed","ping_status":"closed","sticky":false,"template":"","format":"standard","meta":{"footnotes":""},"categories":[5],"tags":[38,47],"class_list":["post-1213","post","type-post","status-publish","format-standard","has-post-thumbnail","hentry","category-bureaux","tag-bureaux-lyon","tag-immobilier-lyon","entry","has-media"],"yoast_head":"<!-- This site is optimized with the Yoast SEO plugin v19.13 - https:\/\/yoast.com\/wordpress\/plugins\/seo\/ -->\n<title>V\u00e9g\u00e9talisation des copropri\u00e9t\u00e9s : l\u2019exemple lyonnais - Europropmarket<\/title>\n<meta name=\"description\" content=\"Encourageant la transition \u00e9cologique et climatique, Lyon M\u00e9tropole accorde d\u00e9sormais des aides financi\u00e8res aux immeubles de bureaux\u00a0\" \/>\n<meta name=\"robots\" content=\"index, follow, max-snippet:-1, max-image-preview:large, max-video-preview:-1\" \/>\n<link rel=\"canonical\" href=\"https:\/\/www.europropmarket.com\/actualites\/vegetalisation-des-coproprietes-lexemple-lyonnais\/\" \/>\n<meta property=\"og:locale\" content=\"fr_FR\" \/>\n<meta property=\"og:type\" content=\"article\" \/>\n<meta property=\"og:title\" content=\"V\u00e9g\u00e9talisation des copropri\u00e9t\u00e9s : l\u2019exemple lyonnais - Europropmarket\" \/>\n<meta property=\"og:description\" content=\"Encourageant la transition \u00e9cologique et climatique, Lyon M\u00e9tropole accorde d\u00e9sormais des aides financi\u00e8res aux immeubles de bureaux\u00a0\" \/>\n<meta property=\"og:url\" content=\"https:\/\/www.europropmarket.com\/actualites\/vegetalisation-des-coproprietes-lexemple-lyonnais\/\" \/>\n<meta property=\"og:site_name\" content=\"Europropmarket\" \/>\n<meta property=\"article:published_time\" content=\"2022-07-20T14:15:51+00:00\" \/>\n<meta property=\"og:image\" content=\"https:\/\/www.europropmarket.com\/actualites\/wp-content\/uploads\/2022\/07\/\u00a9-Corporate_Garden6.jpg\" \/>\n\t<meta property=\"og:image:width\" content=\"980\" \/>\n\t<meta property=\"og:image:height\" content=\"380\" \/>\n\t<meta property=\"og:image:type\" content=\"image\/jpeg\" \/>\n<meta name=\"author\" content=\"St\u00e9phane BONTOUX\" \/>\n<meta name=\"twitter:card\" content=\"summary_large_image\" \/>\n<meta name=\"twitter:label1\" content=\"\u00c9crit par\" \/>\n\t<meta name=\"twitter:data1\" content=\"St\u00e9phane BONTOUX\" \/>\n\t<meta name=\"twitter:label2\" content=\"Dur\u00e9e de lecture estim\u00e9e\" \/>\n\t<meta name=\"twitter:data2\" content=\"3 minutes\" \/>\n<script type=\"application\/ld+json\" class=\"yoast-schema-graph\">{\"@context\":\"https:\/\/schema.org\",\"@graph\":[{\"@type\":\"Article\",\"@id\":\"https:\/\/www.europropmarket.com\/actualites\/vegetalisation-des-coproprietes-lexemple-lyonnais\/#article\",\"isPartOf\":{\"@id\":\"https:\/\/www.europropmarket.com\/actualites\/vegetalisation-des-coproprietes-lexemple-lyonnais\/\"},\"author\":{\"name\":\"St\u00e9phane BONTOUX\",\"@id\":\"https:\/\/www.europropmarket.com\/actualites\/#\/schema\/person\/97027d62243b84ca18df0089bcbb10a8\"},\"headline\":\"V\u00e9g\u00e9talisation des copropri\u00e9t\u00e9s : l\u2019exemple lyonnais\",\"datePublished\":\"2022-07-20T14:15:51+00:00\",\"dateModified\":\"2022-07-20T14:15:51+00:00\",\"mainEntityOfPage\":{\"@id\":\"https:\/\/www.europropmarket.com\/actualites\/vegetalisation-des-coproprietes-lexemple-lyonnais\/\"},\"wordCount\":505,\"publisher\":{\"@id\":\"https:\/\/www.europropmarket.com\/actualites\/#organization\"},\"keywords\":[\"bureaux lyon\",\"immobilier Lyon\"],\"articleSection\":[\"Bureaux\"],\"inLanguage\":\"fr-FR\"},{\"@type\":\"WebPage\",\"@id\":\"https:\/\/www.europropmarket.com\/actualites\/vegetalisation-des-coproprietes-lexemple-lyonnais\/\",\"url\":\"https:\/\/www.europropmarket.com\/actualites\/vegetalisation-des-coproprietes-lexemple-lyonnais\/\",\"name\":\"V\u00e9g\u00e9talisation des copropri\u00e9t\u00e9s : l\u2019exemple lyonnais - Europropmarket\",\"isPartOf\":{\"@id\":\"https:\/\/www.europropmarket.com\/actualites\/#website\"},\"datePublished\":\"2022-07-20T14:15:51+00:00\",\"dateModified\":\"2022-07-20T14:15:51+00:00\",\"description\":\"Encourageant la transition \u00e9cologique et climatique, Lyon M\u00e9tropole accorde d\u00e9sormais des aides financi\u00e8res aux immeubles de bureaux\u00a0\",\"breadcrumb\":{\"@id\":\"https:\/\/www.europropmarket.com\/actualites\/vegetalisation-des-coproprietes-lexemple-lyonnais\/#breadcrumb\"},\"inLanguage\":\"fr-FR\",\"potentialAction\":[{\"@type\":\"ReadAction\",\"target\":[\"https:\/\/www.europropmarket.com\/actualites\/vegetalisation-des-coproprietes-lexemple-lyonnais\/\"]}]},{\"@type\":\"BreadcrumbList\",\"@id\":\"https:\/\/www.europropmarket.com\/actualites\/vegetalisation-des-coproprietes-lexemple-lyonnais\/#breadcrumb\",\"itemListElement\":[{\"@type\":\"ListItem\",\"position\":1,\"name\":\"Accueil\",\"item\":\"https:\/\/www.europropmarket.com\/actualites\/\"},{\"@type\":\"ListItem\",\"position\":2,\"name\":\"V\u00e9g\u00e9talisation des copropri\u00e9t\u00e9s : l\u2019exemple lyonnais\"}]},{\"@type\":\"WebSite\",\"@id\":\"https:\/\/www.europropmarket.com\/actualites\/#website\",\"url\":\"https:\/\/www.europropmarket.com\/actualites\/\",\"name\":\"Europropmarket\",\"description\":\"\",\"publisher\":{\"@id\":\"https:\/\/www.europropmarket.com\/actualites\/#organization\"},\"potentialAction\":[{\"@type\":\"SearchAction\",\"target\":{\"@type\":\"EntryPoint\",\"urlTemplate\":\"https:\/\/www.europropmarket.com\/actualites\/?s={search_term_string}\"},\"query-input\":\"required name=search_term_string\"}],\"inLanguage\":\"fr-FR\"},{\"@type\":\"Organization\",\"@id\":\"https:\/\/www.europropmarket.com\/actualites\/#organization\",\"name\":\"Europropmarket\",\"url\":\"https:\/\/www.europropmarket.com\/actualites\/\",\"logo\":{\"@type\":\"ImageObject\",\"inLanguage\":\"fr-FR\",\"@id\":\"https:\/\/www.europropmarket.com\/actualites\/#\/schema\/logo\/image\/\",\"url\":\"https:\/\/www.europropmarket.com\/actualites\/wp-content\/uploads\/2021\/04\/logo.png\",\"contentUrl\":\"https:\/\/www.europropmarket.com\/actualites\/wp-content\/uploads\/2021\/04\/logo.png\",\"width\":204,\"height\":25,\"caption\":\"Europropmarket\"},\"image\":{\"@id\":\"https:\/\/www.europropmarket.com\/actualites\/#\/schema\/logo\/image\/\"}},{\"@type\":\"Person\",\"@id\":\"https:\/\/www.europropmarket.com\/actualites\/#\/schema\/person\/97027d62243b84ca18df0089bcbb10a8\",\"name\":\"St\u00e9phane BONTOUX\",\"image\":{\"@type\":\"ImageObject\",\"inLanguage\":\"fr-FR\",\"@id\":\"https:\/\/www.europropmarket.com\/actualites\/#\/schema\/person\/image\/\",\"url\":\"https:\/\/secure.gravatar.com\/avatar\/2e2408bccbefc28eb75eb64f0a5e748f653dd966b192e28b810a33dba3220ec5?s=96&d=mm&r=g\",\"contentUrl\":\"https:\/\/secure.gravatar.com\/avatar\/2e2408bccbefc28eb75eb64f0a5e748f653dd966b192e28b810a33dba3220ec5?s=96&d=mm&r=g\",\"caption\":\"St\u00e9phane BONTOUX\"},\"url\":\"https:\/\/www.europropmarket.com\/actualites\/author\/sbontoux\/\"}]}<\/script>\n<!-- \/ Yoast SEO plugin. -->","yoast_head_json":{"title":"V\u00e9g\u00e9talisation des copropri\u00e9t\u00e9s : l\u2019exemple lyonnais - Europropmarket","description":"Encourageant la transition \u00e9cologique et climatique, Lyon M\u00e9tropole accorde d\u00e9sormais des aides financi\u00e8res aux immeubles de bureaux\u00a0","robots":{"index":"index","follow":"follow","max-snippet":"max-snippet:-1","max-image-preview":"max-image-preview:large","max-video-preview":"max-video-preview:-1"},"canonical":"https:\/\/www.europropmarket.com\/actualites\/vegetalisation-des-coproprietes-lexemple-lyonnais\/","og_locale":"fr_FR","og_type":"article","og_title":"V\u00e9g\u00e9talisation des copropri\u00e9t\u00e9s : l\u2019exemple lyonnais - Europropmarket","og_description":"Encourageant la transition \u00e9cologique et climatique, Lyon M\u00e9tropole accorde d\u00e9sormais des aides financi\u00e8res aux immeubles de bureaux\u00a0","og_url":"https:\/\/www.europropmarket.com\/actualites\/vegetalisation-des-coproprietes-lexemple-lyonnais\/","og_site_name":"Europropmarket","article_published_time":"2022-07-20T14:15:51+00:00","og_image":[{"width":980,"height":380,"url":"https:\/\/www.europropmarket.com\/actualites\/wp-content\/uploads\/2022\/07\/\u00a9-Corporate_Garden6.jpg","type":"image\/jpeg"}],"author":"St\u00e9phane BONTOUX","twitter_card":"summary_large_image","twitter_misc":{"\u00c9crit par":"St\u00e9phane BONTOUX","Dur\u00e9e de lecture estim\u00e9e":"3 minutes"},"schema":{"@context":"https:\/\/schema.org","@graph":[{"@type":"Article","@id":"https:\/\/www.europropmarket.com\/actualites\/vegetalisation-des-coproprietes-lexemple-lyonnais\/#article","isPartOf":{"@id":"https:\/\/www.europropmarket.com\/actualites\/vegetalisation-des-coproprietes-lexemple-lyonnais\/"},"author":{"name":"St\u00e9phane BONTOUX","@id":"https:\/\/www.europropmarket.com\/actualites\/#\/schema\/person\/97027d62243b84ca18df0089bcbb10a8"},"headline":"V\u00e9g\u00e9talisation des copropri\u00e9t\u00e9s : l\u2019exemple lyonnais","datePublished":"2022-07-20T14:15:51+00:00","dateModified":"2022-07-20T14:15:51+00:00","mainEntityOfPage":{"@id":"https:\/\/www.europropmarket.com\/actualites\/vegetalisation-des-coproprietes-lexemple-lyonnais\/"},"wordCount":505,"publisher":{"@id":"https:\/\/www.europropmarket.com\/actualites\/#organization"},"keywords":["bureaux lyon","immobilier Lyon"],"articleSection":["Bureaux"],"inLanguage":"fr-FR"},{"@type":"WebPage","@id":"https:\/\/www.europropmarket.com\/actualites\/vegetalisation-des-coproprietes-lexemple-lyonnais\/","url":"https:\/\/www.europropmarket.com\/actualites\/vegetalisation-des-coproprietes-lexemple-lyonnais\/","name":"V\u00e9g\u00e9talisation des copropri\u00e9t\u00e9s : l\u2019exemple lyonnais - Europropmarket","isPartOf":{"@id":"https:\/\/www.europropmarket.com\/actualites\/#website"},"datePublished":"2022-07-20T14:15:51+00:00","dateModified":"2022-07-20T14:15:51+00:00","description":"Encourageant la transition \u00e9cologique et climatique, Lyon M\u00e9tropole accorde d\u00e9sormais des aides financi\u00e8res aux immeubles de bureaux\u00a0","breadcrumb":{"@id":"https:\/\/www.europropmarket.com\/actualites\/vegetalisation-des-coproprietes-lexemple-lyonnais\/#breadcrumb"},"inLanguage":"fr-FR","potentialAction":[{"@type":"ReadAction","target":["https:\/\/www.europropmarket.com\/actualites\/vegetalisation-des-coproprietes-lexemple-lyonnais\/"]}]},{"@type":"BreadcrumbList","@id":"https:\/\/www.europropmarket.com\/actualites\/vegetalisation-des-coproprietes-lexemple-lyonnais\/#breadcrumb","itemListElement":[{"@type":"ListItem","position":1,"name":"Accueil","item":"https:\/\/www.europropmarket.com\/actualites\/"},{"@type":"ListItem","position":2,"name":"V\u00e9g\u00e9talisation des copropri\u00e9t\u00e9s : l\u2019exemple lyonnais"}]},{"@type":"WebSite","@id":"https:\/\/www.europropmarket.com\/actualites\/#website","url":"https:\/\/www.europropmarket.com\/actualites\/","name":"Europropmarket","description":"","publisher":{"@id":"https:\/\/www.europropmarket.com\/actualites\/#organization"},"potentialAction":[{"@type":"SearchAction","target":{"@type":"EntryPoint","urlTemplate":"https:\/\/www.europropmarket.com\/actualites\/?s={search_term_string}"},"query-input":"required name=search_term_string"}],"inLanguage":"fr-FR"},{"@type":"Organization","@id":"https:\/\/www.europropmarket.com\/actualites\/#organization","name":"Europropmarket","url":"https:\/\/www.europropmarket.com\/actualites\/","logo":{"@type":"ImageObject","inLanguage":"fr-FR","@id":"https:\/\/www.europropmarket.com\/actualites\/#\/schema\/logo\/image\/","url":"https:\/\/www.europropmarket.com\/actualites\/wp-content\/uploads\/2021\/04\/logo.png","contentUrl":"https:\/\/www.europropmarket.com\/actualites\/wp-content\/uploads\/2021\/04\/logo.png","width":204,"height":25,"caption":"Europropmarket"},"image":{"@id":"https:\/\/www.europropmarket.com\/actualites\/#\/schema\/logo\/image\/"}},{"@type":"Person","@id":"https:\/\/www.europropmarket.com\/actualites\/#\/schema\/person\/97027d62243b84ca18df0089bcbb10a8","name":"St\u00e9phane BONTOUX","image":{"@type":"ImageObject","inLanguage":"fr-FR","@id":"https:\/\/www.europropmarket.com\/actualites\/#\/schema\/person\/image\/","url":"https:\/\/secure.gravatar.com\/avatar\/2e2408bccbefc28eb75eb64f0a5e748f653dd966b192e28b810a33dba3220ec5?s=96&d=mm&r=g","contentUrl":"https:\/\/secure.gravatar.com\/avatar\/2e2408bccbefc28eb75eb64f0a5e748f653dd966b192e28b810a33dba3220ec5?s=96&d=mm&r=g","caption":"St\u00e9phane BONTOUX"},"url":"https:\/\/www.europropmarket.com\/actualites\/author\/sbontoux\/"}]}},"_links":{"self":[{"href":"https:\/\/www.europropmarket.com\/actualites\/wp-json\/wp\/v2\/posts\/1213","targetHints":{"allow":["GET"]}}],"collection":[{"href":"https:\/\/www.europropmarket.com\/actualites\/wp-json\/wp\/v2\/posts"}],"about":[{"href":"https:\/\/www.europropmarket.com\/actualites\/wp-json\/wp\/v2\/types\/post"}],"author":[{"embeddable":true,"href":"https:\/\/www.europropmarket.com\/actualites\/wp-json\/wp\/v2\/users\/4"}],"replies":[{"embeddable":true,"href":"https:\/\/www.europropmarket.com\/actualites\/wp-json\/wp\/v2\/comments?post=1213"}],"version-history":[{"count":2,"href":"https:\/\/www.europropmarket.com\/actualites\/wp-json\/wp\/v2\/posts\/1213\/revisions"}],"predecessor-version":[{"id":1313,"href":"https:\/\/www.europropmarket.com\/actualites\/wp-json\/wp\/v2\/posts\/1213\/revisions\/1313"}],"wp:featuredmedia":[{"embeddable":true,"href":"https:\/\/www.europropmarket.com\/actualites\/wp-json\/wp\/v2\/media\/1312"}],"wp:attachment":[{"href":"https:\/\/www.europropmarket.com\/actualites\/wp-json\/wp\/v2\/media?parent=1213"}],"wp:term":[{"taxonomy":"category","embeddable":true,"href":"https:\/\/www.europropmarket.com\/actualites\/wp-json\/wp\/v2\/categories?post=1213"},{"taxonomy":"post_tag","embeddable":true,"href":"https:\/\/www.europropmarket.com\/actualites\/wp-json\/wp\/v2\/tags?post=1213"}],"curies":[{"name":"wp","href":"https:\/\/api.w.org\/{rel}","templated":true}]}}