{"id":1248,"date":"2022-07-11T16:42:30","date_gmt":"2022-07-11T14:42:30","guid":{"rendered":"https:\/\/www.europropmarket.com\/actualites\/?p=1248"},"modified":"2022-07-11T16:42:30","modified_gmt":"2022-07-11T14:42:30","slug":"comment-la-crise-sanitaire-a-accelere-la-mutation-de-limmobilier-professionnel","status":"publish","type":"post","link":"https:\/\/www.europropmarket.com\/actualites\/comment-la-crise-sanitaire-a-accelere-la-mutation-de-limmobilier-professionnel\/","title":{"rendered":"Comment la crise sanitaire \u00e0 acc\u00e9l\u00e9r\u00e9 la mutation de l&rsquo;immobilier professionnel"},"content":{"rendered":"<p class=\"Standard\" style=\"text-align: justify; text-justify: inter-ideograph; line-height: 150%;\">L&rsquo;immobilier d&rsquo;entreprise conna\u00eet aujourd&rsquo;hui des mutations caract\u00e9ris\u00e9es notamment par une r\u00e9duction des surfaces au profit d&rsquo;une plus grande flexibilit\u00e9. Les <a href=\"https:\/\/www.europropmarket.com\/bureau\/\">bureaux moderne<\/a>s sont d\u00e9sormais optimis\u00e9s pour r\u00e9pondre aux besoins du flex office et du t\u00e9l\u00e9travail<\/p>\n<p>&nbsp;<\/p>\n<h2 class=\"Standard\" style=\"text-align: justify; text-justify: inter-ideograph; line-height: 150%;\"><b>De nouveaux modes de travail qui transforment l&rsquo;entreprise<\/b><\/h2>\n<p class=\"Standard\" style=\"text-align: justify; text-justify: inter-ideograph; line-height: 150%;\">\n<p class=\"Standard\" style=\"text-align: justify; text-justify: inter-ideograph; line-height: 150%;\">Parmi les cons\u00e9quences de la crise sanitaire, l&rsquo;acc\u00e9l\u00e9ration de transformations d\u00e9j\u00e0 en cours au sein de l&rsquo;immobilier d&rsquo;entreprise est une des plus visibles pour les professionnels\u00a0: la pratique du t\u00e9l\u00e9travail d\u00e9j\u00e0 mise en \u0153uvre auparavant par certaines entreprises concernait 31% des salari\u00e9s en d\u00e9cembre 2020, 45% des t\u00e9l\u00e9travailleurs recourant d\u00e9sormais \u00e0 ce mode de travail 100% du temps. Par ailleurs le nombre de jours t\u00e9l\u00e9travaill\u00e9s demeure \u00e9lev\u00e9 avec 3,6 jours par semaine en moyenne \u2013 contre 1,6 jour fin 2019. L&rsquo;on con\u00e7oit d\u00e8s lors la volont\u00e9 qu&rsquo;ont de nombreuses soci\u00e9t\u00e9s de r\u00e9duire leurs surfaces de bureaux, dans la mesure o\u00f9 les espaces professionnels tendent \u00e0 \u00eatre fortement sous utilis\u00e9s. Or l&rsquo;immobilier est l&rsquo;un des principaux postes de d\u00e9pense des entreprises, qui en privil\u00e9giant des espaces moins volumineux peuvent r\u00e9aliser des \u00e9conomiques significatives. Le t\u00e9l\u00e9travail n&rsquo;est d&rsquo;ailleurs pas le seul ph\u00e9nom\u00e8ne qui pousse les soci\u00e9t\u00e9s \u00e0 reconsid\u00e9rer leur empreinte immobili\u00e8re\u00a0: l&rsquo;essor du <a href=\"https:\/\/www.europropmarket.com\/coworking\/location\/\">flex office<\/a>, souvent pl\u00e9biscit\u00e9 par les entreprises les plus modernes et leurs collaborateurs contribue fortement \u00e0 la red\u00e9finition des espaces de bureaux dans le sens d&rsquo;une flexibilit\u00e9 accrue. L&rsquo;entreprise devient \u00e9galement un espace de vie, de lien social et d&rsquo;\u00e9mulation, offrant aux salari\u00e9s des environnements de travail performants accompagn\u00e9s de services d\u00e9di\u00e9s \u00e0 l\u2019office management<\/p>\n<p class=\"Standard\" style=\"text-align: justify; text-justify: inter-ideograph; line-height: 150%;\">\n<h2 class=\"Standard\" style=\"text-align: justify; text-justify: inter-ideograph; line-height: 150%;\"><b>Des espaces de travail plus flexibles et fonctionnels<\/b><\/h2>\n<p class=\"Standard\" style=\"text-align: justify; text-justify: inter-ideograph; line-height: 150%;\">\n<p class=\"Standard\" style=\"text-align: justify; text-justify: inter-ideograph; line-height: 150%;\">La recherche de flexibilit\u00e9 qui concerne aussi bien les grandes entreprises que les PME ou startups donne ainsi un r\u00f4le central au coworking et aux solutions immobili\u00e8res \u00ab\u00a0\u00e0 la carte\u00a0\u00bb\u00a0; le <a href=\"https:\/\/www.europropmarket.com\/actualites\/le-coworking-des-espaces-de-bureaux-collaboratifs-adaptes-aux-nouveaux-modes-de-travail\/\">coworking<\/a> \u00ab\u00a0plug and play\u00a0\u00bb permet de r\u00e9pondre aux diverses strat\u00e9gies d&rsquo;entreprises gr\u00e2ce \u00e0 des formules personnalis\u00e9es \u2013 locations \u00e0 l&rsquo;heure, \u00e0 la journ\u00e9e, ou au mois, que ce soit au profit de l&rsquo;ensemble des salari\u00e9s ou de quelques-uns seulement. L&rsquo;immobilier d&rsquo;entreprise devient ainsi une prestation plut\u00f4t qu&rsquo;un simple poste de d\u00e9pense parfois lourd, modulable de surcro\u00eet en fonction des besoins du moment. Cette flexibilit\u00e9 est \u00e9galement g\u00e9ographique puisque ces espaces de coworking n&rsquo;imposent aucun engagement qui viendrait circonscrire l&rsquo;entreprise en un lieu d\u00e9termin\u00e9. Une perspective qui devient \u00e9galement la norme au sein des espaces de travail appartenant \u00e0 l&rsquo;entreprise\u00a0: aux bureaux traditionnels se substituent d\u00e9sormais des environnements de travail hyperconnect\u00e9s permettant aux collaborateurs de choisir leur poste en fonction des t\u00e2ches \u00e0 accomplir \u00e0 un instant T. Les surfaces sont ainsi plus modestes qu&rsquo;auparavant, mais aussi et surtout plus fonctionnelles et tourn\u00e9es vers la productivit\u00e9 autant que le bien \u00eatre : les salles de r\u00e9union et bureaux c\u00f4toient d\u00e9sormais des lieux de d\u00e9tente, espaces de restaurations chaleureux et m\u00eame p\u00f4les fitness pour les entreprises les plus audacieuses. De nouvelles \u00e9volutions allant dans le sens d&rsquo;une plus grande QVT semblent en outre pr\u00e9visibles lorsque la sortie de crise sanitaire sera d\u00e9finitive.<\/p>\n<p class=\"Standard\" style=\"text-align: justify; text-justify: inter-ideograph; line-height: 150%;\">\n<p class=\"Standard\" style=\"text-align: justify; text-justify: inter-ideograph; line-height: 150%;\">\n<p class=\"Standard\" style=\"text-align: justify; text-justify: inter-ideograph; line-height: 150%;\">\n","protected":false},"excerpt":{"rendered":"<p>L&rsquo;immobilier d&rsquo;entreprise conna\u00eet aujourd&rsquo;hui des mutations caract\u00e9ris\u00e9es notamment par une r\u00e9duction des surfaces au profit d&rsquo;une plus grande flexibilit\u00e9. Les bureaux modernes sont d\u00e9sormais optimis\u00e9s pour r\u00e9pondre aux besoins du flex office et du t\u00e9l\u00e9travail &nbsp; De nouveaux modes de travail qui transforment l&rsquo;entreprise Parmi les cons\u00e9quences de la crise sanitaire, l&rsquo;acc\u00e9l\u00e9ration de transformations d\u00e9j\u00e0 [&hellip;]<\/p>\n","protected":false},"author":4,"featured_media":1249,"comment_status":"closed","ping_status":"closed","sticky":false,"template":"","format":"standard","meta":{"footnotes":""},"categories":[9],"tags":[124,15,24,33],"class_list":["post-1248","post","type-post","status-publish","format-standard","has-post-thumbnail","hentry","category-coworking","tag-coliving","tag-coworking","tag-immobilier-dentreprise","tag-immobilier-de-bureaux","entry","has-media"],"yoast_head":"<!-- This site is optimized with the Yoast SEO plugin v19.13 - https:\/\/yoast.com\/wordpress\/plugins\/seo\/ -->\n<title>Comment la COVID 19 \u00e0 acc\u00e9l\u00e9r\u00e9 la mutation de l&#039;immobilier professionnel<\/title>\n<meta name=\"description\" content=\"L&#039;immobilier d&#039;entreprise conna\u00eet des mutations caract\u00e9ris\u00e9es : une r\u00e9duction des surfaces au profit d&#039;une plus grande flexibilit\u00e9\" \/>\n<meta name=\"robots\" content=\"index, follow, max-snippet:-1, max-image-preview:large, max-video-preview:-1\" \/>\n<link rel=\"canonical\" href=\"https:\/\/www.europropmarket.com\/actualites\/comment-la-crise-sanitaire-a-accelere-la-mutation-de-limmobilier-professionnel\/\" \/>\n<meta property=\"og:locale\" content=\"fr_FR\" \/>\n<meta property=\"og:type\" content=\"article\" \/>\n<meta property=\"og:title\" content=\"Comment la COVID 19 \u00e0 acc\u00e9l\u00e9r\u00e9 la mutation de l&#039;immobilier professionnel\" \/>\n<meta property=\"og:description\" content=\"L&#039;immobilier d&#039;entreprise conna\u00eet des mutations caract\u00e9ris\u00e9es : une r\u00e9duction des surfaces au profit d&#039;une plus grande flexibilit\u00e9\" \/>\n<meta property=\"og:url\" content=\"https:\/\/www.europropmarket.com\/actualites\/comment-la-crise-sanitaire-a-accelere-la-mutation-de-limmobilier-professionnel\/\" \/>\n<meta property=\"og:site_name\" content=\"Europropmarket\" \/>\n<meta property=\"article:published_time\" content=\"2022-07-11T14:42:30+00:00\" \/>\n<meta property=\"og:image\" content=\"https:\/\/www.europropmarket.com\/actualites\/wp-content\/uploads\/2022\/07\/Potential-Feature-Image-2-1280x640-1.jpg\" \/>\n\t<meta property=\"og:image:width\" content=\"1168\" \/>\n\t<meta property=\"og:image:height\" content=\"453\" \/>\n\t<meta property=\"og:image:type\" content=\"image\/jpeg\" \/>\n<meta name=\"author\" content=\"St\u00e9phane BONTOUX\" \/>\n<meta name=\"twitter:card\" content=\"summary_large_image\" \/>\n<meta name=\"twitter:label1\" content=\"\u00c9crit par\" \/>\n\t<meta name=\"twitter:data1\" content=\"St\u00e9phane BONTOUX\" \/>\n\t<meta name=\"twitter:label2\" content=\"Dur\u00e9e de lecture estim\u00e9e\" \/>\n\t<meta name=\"twitter:data2\" content=\"3 minutes\" \/>\n<script type=\"application\/ld+json\" class=\"yoast-schema-graph\">{\"@context\":\"https:\/\/schema.org\",\"@graph\":[{\"@type\":\"Article\",\"@id\":\"https:\/\/www.europropmarket.com\/actualites\/comment-la-crise-sanitaire-a-accelere-la-mutation-de-limmobilier-professionnel\/#article\",\"isPartOf\":{\"@id\":\"https:\/\/www.europropmarket.com\/actualites\/comment-la-crise-sanitaire-a-accelere-la-mutation-de-limmobilier-professionnel\/\"},\"author\":{\"name\":\"St\u00e9phane BONTOUX\",\"@id\":\"https:\/\/www.europropmarket.com\/actualites\/#\/schema\/person\/97027d62243b84ca18df0089bcbb10a8\"},\"headline\":\"Comment la crise sanitaire \u00e0 acc\u00e9l\u00e9r\u00e9 la mutation de l&rsquo;immobilier professionnel\",\"datePublished\":\"2022-07-11T14:42:30+00:00\",\"dateModified\":\"2022-07-11T14:42:30+00:00\",\"mainEntityOfPage\":{\"@id\":\"https:\/\/www.europropmarket.com\/actualites\/comment-la-crise-sanitaire-a-accelere-la-mutation-de-limmobilier-professionnel\/\"},\"wordCount\":553,\"publisher\":{\"@id\":\"https:\/\/www.europropmarket.com\/actualites\/#organization\"},\"keywords\":[\"coliving\",\"coworking\",\"Immobilier d'entreprise\",\"immobilier de bureaux\"],\"articleSection\":[\"Coworking\"],\"inLanguage\":\"fr-FR\"},{\"@type\":\"WebPage\",\"@id\":\"https:\/\/www.europropmarket.com\/actualites\/comment-la-crise-sanitaire-a-accelere-la-mutation-de-limmobilier-professionnel\/\",\"url\":\"https:\/\/www.europropmarket.com\/actualites\/comment-la-crise-sanitaire-a-accelere-la-mutation-de-limmobilier-professionnel\/\",\"name\":\"Comment la COVID 19 \u00e0 acc\u00e9l\u00e9r\u00e9 la mutation de l'immobilier professionnel\",\"isPartOf\":{\"@id\":\"https:\/\/www.europropmarket.com\/actualites\/#website\"},\"datePublished\":\"2022-07-11T14:42:30+00:00\",\"dateModified\":\"2022-07-11T14:42:30+00:00\",\"description\":\"L'immobilier d'entreprise conna\u00eet des mutations caract\u00e9ris\u00e9es : une r\u00e9duction des surfaces au profit d'une plus grande flexibilit\u00e9\",\"breadcrumb\":{\"@id\":\"https:\/\/www.europropmarket.com\/actualites\/comment-la-crise-sanitaire-a-accelere-la-mutation-de-limmobilier-professionnel\/#breadcrumb\"},\"inLanguage\":\"fr-FR\",\"potentialAction\":[{\"@type\":\"ReadAction\",\"target\":[\"https:\/\/www.europropmarket.com\/actualites\/comment-la-crise-sanitaire-a-accelere-la-mutation-de-limmobilier-professionnel\/\"]}]},{\"@type\":\"BreadcrumbList\",\"@id\":\"https:\/\/www.europropmarket.com\/actualites\/comment-la-crise-sanitaire-a-accelere-la-mutation-de-limmobilier-professionnel\/#breadcrumb\",\"itemListElement\":[{\"@type\":\"ListItem\",\"position\":1,\"name\":\"Accueil\",\"item\":\"https:\/\/www.europropmarket.com\/actualites\/\"},{\"@type\":\"ListItem\",\"position\":2,\"name\":\"Comment la crise sanitaire \u00e0 acc\u00e9l\u00e9r\u00e9 la mutation de l&rsquo;immobilier professionnel\"}]},{\"@type\":\"WebSite\",\"@id\":\"https:\/\/www.europropmarket.com\/actualites\/#website\",\"url\":\"https:\/\/www.europropmarket.com\/actualites\/\",\"name\":\"Europropmarket\",\"description\":\"\",\"publisher\":{\"@id\":\"https:\/\/www.europropmarket.com\/actualites\/#organization\"},\"potentialAction\":[{\"@type\":\"SearchAction\",\"target\":{\"@type\":\"EntryPoint\",\"urlTemplate\":\"https:\/\/www.europropmarket.com\/actualites\/?s={search_term_string}\"},\"query-input\":\"required name=search_term_string\"}],\"inLanguage\":\"fr-FR\"},{\"@type\":\"Organization\",\"@id\":\"https:\/\/www.europropmarket.com\/actualites\/#organization\",\"name\":\"Europropmarket\",\"url\":\"https:\/\/www.europropmarket.com\/actualites\/\",\"logo\":{\"@type\":\"ImageObject\",\"inLanguage\":\"fr-FR\",\"@id\":\"https:\/\/www.europropmarket.com\/actualites\/#\/schema\/logo\/image\/\",\"url\":\"https:\/\/www.europropmarket.com\/actualites\/wp-content\/uploads\/2021\/04\/logo.png\",\"contentUrl\":\"https:\/\/www.europropmarket.com\/actualites\/wp-content\/uploads\/2021\/04\/logo.png\",\"width\":204,\"height\":25,\"caption\":\"Europropmarket\"},\"image\":{\"@id\":\"https:\/\/www.europropmarket.com\/actualites\/#\/schema\/logo\/image\/\"}},{\"@type\":\"Person\",\"@id\":\"https:\/\/www.europropmarket.com\/actualites\/#\/schema\/person\/97027d62243b84ca18df0089bcbb10a8\",\"name\":\"St\u00e9phane BONTOUX\",\"image\":{\"@type\":\"ImageObject\",\"inLanguage\":\"fr-FR\",\"@id\":\"https:\/\/www.europropmarket.com\/actualites\/#\/schema\/person\/image\/\",\"url\":\"https:\/\/secure.gravatar.com\/avatar\/2e2408bccbefc28eb75eb64f0a5e748f653dd966b192e28b810a33dba3220ec5?s=96&d=mm&r=g\",\"contentUrl\":\"https:\/\/secure.gravatar.com\/avatar\/2e2408bccbefc28eb75eb64f0a5e748f653dd966b192e28b810a33dba3220ec5?s=96&d=mm&r=g\",\"caption\":\"St\u00e9phane BONTOUX\"},\"url\":\"https:\/\/www.europropmarket.com\/actualites\/author\/sbontoux\/\"}]}<\/script>\n<!-- \/ Yoast SEO plugin. -->","yoast_head_json":{"title":"Comment la COVID 19 \u00e0 acc\u00e9l\u00e9r\u00e9 la mutation de l'immobilier professionnel","description":"L'immobilier d'entreprise conna\u00eet des mutations caract\u00e9ris\u00e9es : une r\u00e9duction des surfaces au profit d'une plus grande flexibilit\u00e9","robots":{"index":"index","follow":"follow","max-snippet":"max-snippet:-1","max-image-preview":"max-image-preview:large","max-video-preview":"max-video-preview:-1"},"canonical":"https:\/\/www.europropmarket.com\/actualites\/comment-la-crise-sanitaire-a-accelere-la-mutation-de-limmobilier-professionnel\/","og_locale":"fr_FR","og_type":"article","og_title":"Comment la COVID 19 \u00e0 acc\u00e9l\u00e9r\u00e9 la mutation de l'immobilier professionnel","og_description":"L'immobilier d'entreprise conna\u00eet des mutations caract\u00e9ris\u00e9es : une r\u00e9duction des surfaces au profit d'une plus grande flexibilit\u00e9","og_url":"https:\/\/www.europropmarket.com\/actualites\/comment-la-crise-sanitaire-a-accelere-la-mutation-de-limmobilier-professionnel\/","og_site_name":"Europropmarket","article_published_time":"2022-07-11T14:42:30+00:00","og_image":[{"width":1168,"height":453,"url":"https:\/\/www.europropmarket.com\/actualites\/wp-content\/uploads\/2022\/07\/Potential-Feature-Image-2-1280x640-1.jpg","type":"image\/jpeg"}],"author":"St\u00e9phane BONTOUX","twitter_card":"summary_large_image","twitter_misc":{"\u00c9crit par":"St\u00e9phane BONTOUX","Dur\u00e9e de lecture estim\u00e9e":"3 minutes"},"schema":{"@context":"https:\/\/schema.org","@graph":[{"@type":"Article","@id":"https:\/\/www.europropmarket.com\/actualites\/comment-la-crise-sanitaire-a-accelere-la-mutation-de-limmobilier-professionnel\/#article","isPartOf":{"@id":"https:\/\/www.europropmarket.com\/actualites\/comment-la-crise-sanitaire-a-accelere-la-mutation-de-limmobilier-professionnel\/"},"author":{"name":"St\u00e9phane BONTOUX","@id":"https:\/\/www.europropmarket.com\/actualites\/#\/schema\/person\/97027d62243b84ca18df0089bcbb10a8"},"headline":"Comment la crise sanitaire \u00e0 acc\u00e9l\u00e9r\u00e9 la mutation de l&rsquo;immobilier professionnel","datePublished":"2022-07-11T14:42:30+00:00","dateModified":"2022-07-11T14:42:30+00:00","mainEntityOfPage":{"@id":"https:\/\/www.europropmarket.com\/actualites\/comment-la-crise-sanitaire-a-accelere-la-mutation-de-limmobilier-professionnel\/"},"wordCount":553,"publisher":{"@id":"https:\/\/www.europropmarket.com\/actualites\/#organization"},"keywords":["coliving","coworking","Immobilier d'entreprise","immobilier de bureaux"],"articleSection":["Coworking"],"inLanguage":"fr-FR"},{"@type":"WebPage","@id":"https:\/\/www.europropmarket.com\/actualites\/comment-la-crise-sanitaire-a-accelere-la-mutation-de-limmobilier-professionnel\/","url":"https:\/\/www.europropmarket.com\/actualites\/comment-la-crise-sanitaire-a-accelere-la-mutation-de-limmobilier-professionnel\/","name":"Comment la COVID 19 \u00e0 acc\u00e9l\u00e9r\u00e9 la mutation de l'immobilier professionnel","isPartOf":{"@id":"https:\/\/www.europropmarket.com\/actualites\/#website"},"datePublished":"2022-07-11T14:42:30+00:00","dateModified":"2022-07-11T14:42:30+00:00","description":"L'immobilier d'entreprise conna\u00eet des mutations caract\u00e9ris\u00e9es : une r\u00e9duction des surfaces au profit d'une plus grande flexibilit\u00e9","breadcrumb":{"@id":"https:\/\/www.europropmarket.com\/actualites\/comment-la-crise-sanitaire-a-accelere-la-mutation-de-limmobilier-professionnel\/#breadcrumb"},"inLanguage":"fr-FR","potentialAction":[{"@type":"ReadAction","target":["https:\/\/www.europropmarket.com\/actualites\/comment-la-crise-sanitaire-a-accelere-la-mutation-de-limmobilier-professionnel\/"]}]},{"@type":"BreadcrumbList","@id":"https:\/\/www.europropmarket.com\/actualites\/comment-la-crise-sanitaire-a-accelere-la-mutation-de-limmobilier-professionnel\/#breadcrumb","itemListElement":[{"@type":"ListItem","position":1,"name":"Accueil","item":"https:\/\/www.europropmarket.com\/actualites\/"},{"@type":"ListItem","position":2,"name":"Comment la crise sanitaire \u00e0 acc\u00e9l\u00e9r\u00e9 la mutation de l&rsquo;immobilier professionnel"}]},{"@type":"WebSite","@id":"https:\/\/www.europropmarket.com\/actualites\/#website","url":"https:\/\/www.europropmarket.com\/actualites\/","name":"Europropmarket","description":"","publisher":{"@id":"https:\/\/www.europropmarket.com\/actualites\/#organization"},"potentialAction":[{"@type":"SearchAction","target":{"@type":"EntryPoint","urlTemplate":"https:\/\/www.europropmarket.com\/actualites\/?s={search_term_string}"},"query-input":"required name=search_term_string"}],"inLanguage":"fr-FR"},{"@type":"Organization","@id":"https:\/\/www.europropmarket.com\/actualites\/#organization","name":"Europropmarket","url":"https:\/\/www.europropmarket.com\/actualites\/","logo":{"@type":"ImageObject","inLanguage":"fr-FR","@id":"https:\/\/www.europropmarket.com\/actualites\/#\/schema\/logo\/image\/","url":"https:\/\/www.europropmarket.com\/actualites\/wp-content\/uploads\/2021\/04\/logo.png","contentUrl":"https:\/\/www.europropmarket.com\/actualites\/wp-content\/uploads\/2021\/04\/logo.png","width":204,"height":25,"caption":"Europropmarket"},"image":{"@id":"https:\/\/www.europropmarket.com\/actualites\/#\/schema\/logo\/image\/"}},{"@type":"Person","@id":"https:\/\/www.europropmarket.com\/actualites\/#\/schema\/person\/97027d62243b84ca18df0089bcbb10a8","name":"St\u00e9phane BONTOUX","image":{"@type":"ImageObject","inLanguage":"fr-FR","@id":"https:\/\/www.europropmarket.com\/actualites\/#\/schema\/person\/image\/","url":"https:\/\/secure.gravatar.com\/avatar\/2e2408bccbefc28eb75eb64f0a5e748f653dd966b192e28b810a33dba3220ec5?s=96&d=mm&r=g","contentUrl":"https:\/\/secure.gravatar.com\/avatar\/2e2408bccbefc28eb75eb64f0a5e748f653dd966b192e28b810a33dba3220ec5?s=96&d=mm&r=g","caption":"St\u00e9phane BONTOUX"},"url":"https:\/\/www.europropmarket.com\/actualites\/author\/sbontoux\/"}]}},"_links":{"self":[{"href":"https:\/\/www.europropmarket.com\/actualites\/wp-json\/wp\/v2\/posts\/1248","targetHints":{"allow":["GET"]}}],"collection":[{"href":"https:\/\/www.europropmarket.com\/actualites\/wp-json\/wp\/v2\/posts"}],"about":[{"href":"https:\/\/www.europropmarket.com\/actualites\/wp-json\/wp\/v2\/types\/post"}],"author":[{"embeddable":true,"href":"https:\/\/www.europropmarket.com\/actualites\/wp-json\/wp\/v2\/users\/4"}],"replies":[{"embeddable":true,"href":"https:\/\/www.europropmarket.com\/actualites\/wp-json\/wp\/v2\/comments?post=1248"}],"version-history":[{"count":1,"href":"https:\/\/www.europropmarket.com\/actualites\/wp-json\/wp\/v2\/posts\/1248\/revisions"}],"predecessor-version":[{"id":1250,"href":"https:\/\/www.europropmarket.com\/actualites\/wp-json\/wp\/v2\/posts\/1248\/revisions\/1250"}],"wp:featuredmedia":[{"embeddable":true,"href":"https:\/\/www.europropmarket.com\/actualites\/wp-json\/wp\/v2\/media\/1249"}],"wp:attachment":[{"href":"https:\/\/www.europropmarket.com\/actualites\/wp-json\/wp\/v2\/media?parent=1248"}],"wp:term":[{"taxonomy":"category","embeddable":true,"href":"https:\/\/www.europropmarket.com\/actualites\/wp-json\/wp\/v2\/categories?post=1248"},{"taxonomy":"post_tag","embeddable":true,"href":"https:\/\/www.europropmarket.com\/actualites\/wp-json\/wp\/v2\/tags?post=1248"}],"curies":[{"name":"wp","href":"https:\/\/api.w.org\/{rel}","templated":true}]}}