{"id":1268,"date":"2022-07-21T14:28:10","date_gmt":"2022-07-21T12:28:10","guid":{"rendered":"https:\/\/www.europropmarket.com\/actualites\/?p=1268"},"modified":"2022-08-02T12:25:29","modified_gmt":"2022-08-02T10:25:29","slug":"le-marche-immobilier-dentreprise-nantais-renoue-avec-la-croissance","status":"publish","type":"post","link":"https:\/\/www.europropmarket.com\/actualites\/le-marche-immobilier-dentreprise-nantais-renoue-avec-la-croissance\/","title":{"rendered":"Le march\u00e9 immobilier d\u2019entreprise nantais renoue avec la croissance"},"content":{"rendered":"<p>L\u2019<a href=\"https:\/\/www.europropmarket.com\/nos-offres\/44000-nantes\/\">immobilier d\u2019entreprise nantais<\/a> red\u00e9colle en 2022, avec une demande plac\u00e9e en hausse pour le march\u00e9 des bureaux. L\u2019immobilier logistique poursuit \u00e9galement son d\u00e9veloppement, la forte demande d\u2019entrep\u00f4ts pesant sur l\u2019offre et les loyers.<\/p>\n<p><b>\u00a0<\/b><\/p>\n<h2><strong>Une ann\u00e9e record pour le march\u00e9 de bureaux \u00e0 Nantes<\/strong><\/h2>\n<p>Avec seulement 86\u00a0000 m\u00b2 de <a href=\"https:\/\/www.europropmarket.com\/bureau\/location\/44000-nantes\/\">bureaux commercialis\u00e9s<\/a> en 2020, Nantes M\u00e9tropole subissait de plein fouet les cons\u00e9quences \u00e9conomiques de la situation sanitaire. Au terme de l&rsquo;ann\u00e9e 2021, le march\u00e9 immobilier d\u2019entreprise nantais semble pourtant bel et bien sorti de cette crise, avec une demande plac\u00e9e qui s&rsquo;\u00e9l\u00e8ve \u00e0 129\u00a0136 m\u00b2 pour les surfaces tertiaires. Une ann\u00e9e record qui se place juste derri\u00e8re 2011 (131\u00a0000m\u00b2 de bureaux commercialis\u00e9s) d\u2019apr\u00e8s les chiffres de l\u2019observatoire nantais de l&rsquo;immobilier tertiaire d&rsquo;activit\u00e9 (Onita). La M\u00e9tropole nantaise peut donc toujours compter sur le dynamisme et l\u2019attractivit\u00e9 de ses quartiers d&rsquo;affaires, notamment <a href=\"https:\/\/www.europropmarket.com\/actualites\/tag\/nantes\/\">Euronantes<\/a> et le parc Ar Mor \u00e0 Saint-Herblain. La croissance du march\u00e9 immobilier professionnel b\u00e9n\u00e9ficie \u00e9galement de la pr\u00e9sence de nombreuses PME dont les recherches se portent vers des surfaces de taille relativement r\u00e9duites comprise entre 500 m\u00b2 et 1500 m\u00b2. Ces nombreuses op\u00e9rations illustrent une tendance \u00e0 l&rsquo;optimisation de l&#8217;empreinte immobili\u00e8re \u00e0 travers l&rsquo;achat ou la location d&rsquo;espaces de bureaux plus petits, mais plus adapt\u00e9s aux nouveaux modes de travail, flex office et nomadisme digital.<\/p>\n<h2><strong>Logistique : risque de p\u00e9nurie et tension sur les loyers<\/strong><\/h2>\n<p>Port\u00e9 par l&rsquo;e-commerce, le march\u00e9 <a href=\"https:\/\/www.europropmarket.com\/entrepot-local-activite\/location\/44000-nantes\/\">immobilier logistique<\/a> poursuit \u00e9galement son essor pour r\u00e9pondre \u00e0 la forte des demandes des entreprises en qu\u00eate d&rsquo;entrep\u00f4ts et espaces de stockage. Les enjeux li\u00e9s \u00e0 la livraison du dernier km poussent d\u00e9sormais les op\u00e9rateurs logistiques \u00e0 se s\u2019installer au c\u0153ur des agglom\u00e9rations, l\u2019entrep\u00f4t urbain devenant une solution immobili\u00e8re incontournable. A l\u2019instar de Rennes et Bordeaux, Nantes participe d\u00e9sormais au d\u00e9veloppement d\u2019une dorsale atlantique qui attire les soci\u00e9t\u00e9s et investisseurs d\u00e9sireux d\u2019implanter leurs entrep\u00f4ts sur un territoire d\u2019avenir. Le risque de p\u00e9nurie d\u2019offre pourrait ainsi g\u00e9n\u00e9rer une forte tension sur les loyers, y compris pour ce qui concerne les entrep\u00f4ts XXL. Un ph\u00e9nom\u00e8ne que pourrait accentuer la loi Climat qui vise \u00e0 freiner l\u2019artificialisation des sols.<\/p>\n","protected":false},"excerpt":{"rendered":"<p>L\u2019immobilier d\u2019entreprise nantais red\u00e9colle en 2022, avec une demande plac\u00e9e en hausse pour le march\u00e9 des bureaux. L\u2019immobilier logistique poursuit \u00e9galement son d\u00e9veloppement, la forte demande d\u2019entrep\u00f4ts pesant sur l\u2019offre et les loyers. \u00a0 Une ann\u00e9e record pour le march\u00e9 de bureaux \u00e0 Nantes Avec seulement 86\u00a0000 m\u00b2 de bureaux commercialis\u00e9s en 2020, Nantes M\u00e9tropole [&hellip;]<\/p>\n","protected":false},"author":4,"featured_media":1310,"comment_status":"closed","ping_status":"closed","sticky":false,"template":"","format":"standard","meta":{"footnotes":""},"categories":[149],"tags":[70,132],"class_list":["post-1268","post","type-post","status-publish","format-standard","has-post-thumbnail","hentry","category-marche-investissements","tag-bureaux-nantes","tag-immobilier-nantes","entry","has-media"],"yoast_head":"<!-- This site is optimized with the Yoast SEO plugin v19.13 - https:\/\/yoast.com\/wordpress\/plugins\/seo\/ -->\n<title>Le march\u00e9 immobilier d\u2019entreprise nantais renoue avec la croissance<\/title>\n<meta name=\"description\" content=\"L\u2019immobilier d\u2019entreprise nantais red\u00e9colle en 2022, avec une demande plac\u00e9e en hausse pour le march\u00e9 des bureaux\" \/>\n<meta name=\"robots\" content=\"index, follow, max-snippet:-1, max-image-preview:large, max-video-preview:-1\" \/>\n<link rel=\"canonical\" href=\"https:\/\/www.europropmarket.com\/actualites\/le-marche-immobilier-dentreprise-nantais-renoue-avec-la-croissance\/\" \/>\n<meta property=\"og:locale\" content=\"fr_FR\" \/>\n<meta property=\"og:type\" content=\"article\" \/>\n<meta property=\"og:title\" content=\"Le march\u00e9 immobilier d\u2019entreprise nantais renoue avec la croissance\" \/>\n<meta property=\"og:description\" content=\"L\u2019immobilier d\u2019entreprise nantais red\u00e9colle en 2022, avec une demande plac\u00e9e en hausse pour le march\u00e9 des bureaux\" \/>\n<meta property=\"og:url\" content=\"https:\/\/www.europropmarket.com\/actualites\/le-marche-immobilier-dentreprise-nantais-renoue-avec-la-croissance\/\" \/>\n<meta property=\"og:site_name\" content=\"Europropmarket\" \/>\n<meta property=\"article:published_time\" content=\"2022-07-21T12:28:10+00:00\" \/>\n<meta property=\"article:modified_time\" content=\"2022-08-02T10:25:29+00:00\" \/>\n<meta property=\"og:image\" content=\"https:\/\/www.europropmarket.com\/actualites\/wp-content\/uploads\/2022\/07\/img.jpg\" \/>\n\t<meta property=\"og:image:width\" content=\"980\" \/>\n\t<meta property=\"og:image:height\" content=\"391\" \/>\n\t<meta property=\"og:image:type\" content=\"image\/jpeg\" \/>\n<meta name=\"author\" content=\"St\u00e9phane BONTOUX\" \/>\n<meta name=\"twitter:card\" content=\"summary_large_image\" \/>\n<meta name=\"twitter:label1\" content=\"\u00c9crit par\" \/>\n\t<meta name=\"twitter:data1\" content=\"St\u00e9phane BONTOUX\" \/>\n\t<meta name=\"twitter:label2\" content=\"Dur\u00e9e de lecture estim\u00e9e\" \/>\n\t<meta name=\"twitter:data2\" content=\"2 minutes\" \/>\n<script type=\"application\/ld+json\" class=\"yoast-schema-graph\">{\"@context\":\"https:\/\/schema.org\",\"@graph\":[{\"@type\":\"Article\",\"@id\":\"https:\/\/www.europropmarket.com\/actualites\/le-marche-immobilier-dentreprise-nantais-renoue-avec-la-croissance\/#article\",\"isPartOf\":{\"@id\":\"https:\/\/www.europropmarket.com\/actualites\/le-marche-immobilier-dentreprise-nantais-renoue-avec-la-croissance\/\"},\"author\":{\"name\":\"St\u00e9phane BONTOUX\",\"@id\":\"https:\/\/www.europropmarket.com\/actualites\/#\/schema\/person\/97027d62243b84ca18df0089bcbb10a8\"},\"headline\":\"Le march\u00e9 immobilier d\u2019entreprise nantais renoue avec la croissance\",\"datePublished\":\"2022-07-21T12:28:10+00:00\",\"dateModified\":\"2022-08-02T10:25:29+00:00\",\"mainEntityOfPage\":{\"@id\":\"https:\/\/www.europropmarket.com\/actualites\/le-marche-immobilier-dentreprise-nantais-renoue-avec-la-croissance\/\"},\"wordCount\":401,\"publisher\":{\"@id\":\"https:\/\/www.europropmarket.com\/actualites\/#organization\"},\"keywords\":[\"Bureaux Nantes\",\"Immobilier Nantes\"],\"articleSection\":[\"March\u00e9 \/ Investissements\"],\"inLanguage\":\"fr-FR\"},{\"@type\":\"WebPage\",\"@id\":\"https:\/\/www.europropmarket.com\/actualites\/le-marche-immobilier-dentreprise-nantais-renoue-avec-la-croissance\/\",\"url\":\"https:\/\/www.europropmarket.com\/actualites\/le-marche-immobilier-dentreprise-nantais-renoue-avec-la-croissance\/\",\"name\":\"Le march\u00e9 immobilier d\u2019entreprise nantais renoue avec la croissance\",\"isPartOf\":{\"@id\":\"https:\/\/www.europropmarket.com\/actualites\/#website\"},\"datePublished\":\"2022-07-21T12:28:10+00:00\",\"dateModified\":\"2022-08-02T10:25:29+00:00\",\"description\":\"L\u2019immobilier d\u2019entreprise nantais red\u00e9colle en 2022, avec une demande plac\u00e9e en hausse pour le march\u00e9 des bureaux\",\"breadcrumb\":{\"@id\":\"https:\/\/www.europropmarket.com\/actualites\/le-marche-immobilier-dentreprise-nantais-renoue-avec-la-croissance\/#breadcrumb\"},\"inLanguage\":\"fr-FR\",\"potentialAction\":[{\"@type\":\"ReadAction\",\"target\":[\"https:\/\/www.europropmarket.com\/actualites\/le-marche-immobilier-dentreprise-nantais-renoue-avec-la-croissance\/\"]}]},{\"@type\":\"BreadcrumbList\",\"@id\":\"https:\/\/www.europropmarket.com\/actualites\/le-marche-immobilier-dentreprise-nantais-renoue-avec-la-croissance\/#breadcrumb\",\"itemListElement\":[{\"@type\":\"ListItem\",\"position\":1,\"name\":\"Accueil\",\"item\":\"https:\/\/www.europropmarket.com\/actualites\/\"},{\"@type\":\"ListItem\",\"position\":2,\"name\":\"Le march\u00e9 immobilier d\u2019entreprise nantais renoue avec la croissance\"}]},{\"@type\":\"WebSite\",\"@id\":\"https:\/\/www.europropmarket.com\/actualites\/#website\",\"url\":\"https:\/\/www.europropmarket.com\/actualites\/\",\"name\":\"Europropmarket\",\"description\":\"\",\"publisher\":{\"@id\":\"https:\/\/www.europropmarket.com\/actualites\/#organization\"},\"potentialAction\":[{\"@type\":\"SearchAction\",\"target\":{\"@type\":\"EntryPoint\",\"urlTemplate\":\"https:\/\/www.europropmarket.com\/actualites\/?s={search_term_string}\"},\"query-input\":\"required name=search_term_string\"}],\"inLanguage\":\"fr-FR\"},{\"@type\":\"Organization\",\"@id\":\"https:\/\/www.europropmarket.com\/actualites\/#organization\",\"name\":\"Europropmarket\",\"url\":\"https:\/\/www.europropmarket.com\/actualites\/\",\"logo\":{\"@type\":\"ImageObject\",\"inLanguage\":\"fr-FR\",\"@id\":\"https:\/\/www.europropmarket.com\/actualites\/#\/schema\/logo\/image\/\",\"url\":\"https:\/\/www.europropmarket.com\/actualites\/wp-content\/uploads\/2021\/04\/logo.png\",\"contentUrl\":\"https:\/\/www.europropmarket.com\/actualites\/wp-content\/uploads\/2021\/04\/logo.png\",\"width\":204,\"height\":25,\"caption\":\"Europropmarket\"},\"image\":{\"@id\":\"https:\/\/www.europropmarket.com\/actualites\/#\/schema\/logo\/image\/\"}},{\"@type\":\"Person\",\"@id\":\"https:\/\/www.europropmarket.com\/actualites\/#\/schema\/person\/97027d62243b84ca18df0089bcbb10a8\",\"name\":\"St\u00e9phane BONTOUX\",\"image\":{\"@type\":\"ImageObject\",\"inLanguage\":\"fr-FR\",\"@id\":\"https:\/\/www.europropmarket.com\/actualites\/#\/schema\/person\/image\/\",\"url\":\"https:\/\/secure.gravatar.com\/avatar\/2e2408bccbefc28eb75eb64f0a5e748f653dd966b192e28b810a33dba3220ec5?s=96&d=mm&r=g\",\"contentUrl\":\"https:\/\/secure.gravatar.com\/avatar\/2e2408bccbefc28eb75eb64f0a5e748f653dd966b192e28b810a33dba3220ec5?s=96&d=mm&r=g\",\"caption\":\"St\u00e9phane BONTOUX\"},\"url\":\"https:\/\/www.europropmarket.com\/actualites\/author\/sbontoux\/\"}]}<\/script>\n<!-- \/ Yoast SEO plugin. -->","yoast_head_json":{"title":"Le march\u00e9 immobilier d\u2019entreprise nantais renoue avec la croissance","description":"L\u2019immobilier d\u2019entreprise nantais red\u00e9colle en 2022, avec une demande plac\u00e9e en hausse pour le march\u00e9 des bureaux","robots":{"index":"index","follow":"follow","max-snippet":"max-snippet:-1","max-image-preview":"max-image-preview:large","max-video-preview":"max-video-preview:-1"},"canonical":"https:\/\/www.europropmarket.com\/actualites\/le-marche-immobilier-dentreprise-nantais-renoue-avec-la-croissance\/","og_locale":"fr_FR","og_type":"article","og_title":"Le march\u00e9 immobilier d\u2019entreprise nantais renoue avec la croissance","og_description":"L\u2019immobilier d\u2019entreprise nantais red\u00e9colle en 2022, avec une demande plac\u00e9e en hausse pour le march\u00e9 des bureaux","og_url":"https:\/\/www.europropmarket.com\/actualites\/le-marche-immobilier-dentreprise-nantais-renoue-avec-la-croissance\/","og_site_name":"Europropmarket","article_published_time":"2022-07-21T12:28:10+00:00","article_modified_time":"2022-08-02T10:25:29+00:00","og_image":[{"width":980,"height":391,"url":"https:\/\/www.europropmarket.com\/actualites\/wp-content\/uploads\/2022\/07\/img.jpg","type":"image\/jpeg"}],"author":"St\u00e9phane BONTOUX","twitter_card":"summary_large_image","twitter_misc":{"\u00c9crit par":"St\u00e9phane BONTOUX","Dur\u00e9e de lecture estim\u00e9e":"2 minutes"},"schema":{"@context":"https:\/\/schema.org","@graph":[{"@type":"Article","@id":"https:\/\/www.europropmarket.com\/actualites\/le-marche-immobilier-dentreprise-nantais-renoue-avec-la-croissance\/#article","isPartOf":{"@id":"https:\/\/www.europropmarket.com\/actualites\/le-marche-immobilier-dentreprise-nantais-renoue-avec-la-croissance\/"},"author":{"name":"St\u00e9phane BONTOUX","@id":"https:\/\/www.europropmarket.com\/actualites\/#\/schema\/person\/97027d62243b84ca18df0089bcbb10a8"},"headline":"Le march\u00e9 immobilier d\u2019entreprise nantais renoue avec la croissance","datePublished":"2022-07-21T12:28:10+00:00","dateModified":"2022-08-02T10:25:29+00:00","mainEntityOfPage":{"@id":"https:\/\/www.europropmarket.com\/actualites\/le-marche-immobilier-dentreprise-nantais-renoue-avec-la-croissance\/"},"wordCount":401,"publisher":{"@id":"https:\/\/www.europropmarket.com\/actualites\/#organization"},"keywords":["Bureaux Nantes","Immobilier Nantes"],"articleSection":["March\u00e9 \/ Investissements"],"inLanguage":"fr-FR"},{"@type":"WebPage","@id":"https:\/\/www.europropmarket.com\/actualites\/le-marche-immobilier-dentreprise-nantais-renoue-avec-la-croissance\/","url":"https:\/\/www.europropmarket.com\/actualites\/le-marche-immobilier-dentreprise-nantais-renoue-avec-la-croissance\/","name":"Le march\u00e9 immobilier d\u2019entreprise nantais renoue avec la croissance","isPartOf":{"@id":"https:\/\/www.europropmarket.com\/actualites\/#website"},"datePublished":"2022-07-21T12:28:10+00:00","dateModified":"2022-08-02T10:25:29+00:00","description":"L\u2019immobilier d\u2019entreprise nantais red\u00e9colle en 2022, avec une demande plac\u00e9e en hausse pour le march\u00e9 des bureaux","breadcrumb":{"@id":"https:\/\/www.europropmarket.com\/actualites\/le-marche-immobilier-dentreprise-nantais-renoue-avec-la-croissance\/#breadcrumb"},"inLanguage":"fr-FR","potentialAction":[{"@type":"ReadAction","target":["https:\/\/www.europropmarket.com\/actualites\/le-marche-immobilier-dentreprise-nantais-renoue-avec-la-croissance\/"]}]},{"@type":"BreadcrumbList","@id":"https:\/\/www.europropmarket.com\/actualites\/le-marche-immobilier-dentreprise-nantais-renoue-avec-la-croissance\/#breadcrumb","itemListElement":[{"@type":"ListItem","position":1,"name":"Accueil","item":"https:\/\/www.europropmarket.com\/actualites\/"},{"@type":"ListItem","position":2,"name":"Le march\u00e9 immobilier d\u2019entreprise nantais renoue avec la croissance"}]},{"@type":"WebSite","@id":"https:\/\/www.europropmarket.com\/actualites\/#website","url":"https:\/\/www.europropmarket.com\/actualites\/","name":"Europropmarket","description":"","publisher":{"@id":"https:\/\/www.europropmarket.com\/actualites\/#organization"},"potentialAction":[{"@type":"SearchAction","target":{"@type":"EntryPoint","urlTemplate":"https:\/\/www.europropmarket.com\/actualites\/?s={search_term_string}"},"query-input":"required name=search_term_string"}],"inLanguage":"fr-FR"},{"@type":"Organization","@id":"https:\/\/www.europropmarket.com\/actualites\/#organization","name":"Europropmarket","url":"https:\/\/www.europropmarket.com\/actualites\/","logo":{"@type":"ImageObject","inLanguage":"fr-FR","@id":"https:\/\/www.europropmarket.com\/actualites\/#\/schema\/logo\/image\/","url":"https:\/\/www.europropmarket.com\/actualites\/wp-content\/uploads\/2021\/04\/logo.png","contentUrl":"https:\/\/www.europropmarket.com\/actualites\/wp-content\/uploads\/2021\/04\/logo.png","width":204,"height":25,"caption":"Europropmarket"},"image":{"@id":"https:\/\/www.europropmarket.com\/actualites\/#\/schema\/logo\/image\/"}},{"@type":"Person","@id":"https:\/\/www.europropmarket.com\/actualites\/#\/schema\/person\/97027d62243b84ca18df0089bcbb10a8","name":"St\u00e9phane BONTOUX","image":{"@type":"ImageObject","inLanguage":"fr-FR","@id":"https:\/\/www.europropmarket.com\/actualites\/#\/schema\/person\/image\/","url":"https:\/\/secure.gravatar.com\/avatar\/2e2408bccbefc28eb75eb64f0a5e748f653dd966b192e28b810a33dba3220ec5?s=96&d=mm&r=g","contentUrl":"https:\/\/secure.gravatar.com\/avatar\/2e2408bccbefc28eb75eb64f0a5e748f653dd966b192e28b810a33dba3220ec5?s=96&d=mm&r=g","caption":"St\u00e9phane BONTOUX"},"url":"https:\/\/www.europropmarket.com\/actualites\/author\/sbontoux\/"}]}},"_links":{"self":[{"href":"https:\/\/www.europropmarket.com\/actualites\/wp-json\/wp\/v2\/posts\/1268","targetHints":{"allow":["GET"]}}],"collection":[{"href":"https:\/\/www.europropmarket.com\/actualites\/wp-json\/wp\/v2\/posts"}],"about":[{"href":"https:\/\/www.europropmarket.com\/actualites\/wp-json\/wp\/v2\/types\/post"}],"author":[{"embeddable":true,"href":"https:\/\/www.europropmarket.com\/actualites\/wp-json\/wp\/v2\/users\/4"}],"replies":[{"embeddable":true,"href":"https:\/\/www.europropmarket.com\/actualites\/wp-json\/wp\/v2\/comments?post=1268"}],"version-history":[{"count":2,"href":"https:\/\/www.europropmarket.com\/actualites\/wp-json\/wp\/v2\/posts\/1268\/revisions"}],"predecessor-version":[{"id":1311,"href":"https:\/\/www.europropmarket.com\/actualites\/wp-json\/wp\/v2\/posts\/1268\/revisions\/1311"}],"wp:featuredmedia":[{"embeddable":true,"href":"https:\/\/www.europropmarket.com\/actualites\/wp-json\/wp\/v2\/media\/1310"}],"wp:attachment":[{"href":"https:\/\/www.europropmarket.com\/actualites\/wp-json\/wp\/v2\/media?parent=1268"}],"wp:term":[{"taxonomy":"category","embeddable":true,"href":"https:\/\/www.europropmarket.com\/actualites\/wp-json\/wp\/v2\/categories?post=1268"},{"taxonomy":"post_tag","embeddable":true,"href":"https:\/\/www.europropmarket.com\/actualites\/wp-json\/wp\/v2\/tags?post=1268"}],"curies":[{"name":"wp","href":"https:\/\/api.w.org\/{rel}","templated":true}]}}