{"id":1350,"date":"2022-07-19T19:05:25","date_gmt":"2022-07-19T17:05:25","guid":{"rendered":"https:\/\/www.europropmarket.com\/actualites\/?p=1350"},"modified":"2022-07-19T19:05:25","modified_gmt":"2022-07-19T17:05:25","slug":"immobilier-dentreprise-le-marche-lyonnais-reprend-son-essor-en-2022","status":"publish","type":"post","link":"https:\/\/www.europropmarket.com\/actualites\/immobilier-dentreprise-le-marche-lyonnais-reprend-son-essor-en-2022\/","title":{"rendered":"Immobilier d&rsquo;entreprise\u00a0: le march\u00e9 lyonnais reprend son essor en 2022"},"content":{"rendered":"<p class=\"Textbody\" style=\"text-align: justify; text-justify: inter-ideograph; line-height: 150%;\">Le march\u00e9 immobilier lyonnais entame d&rsquo;ores et d\u00e9j\u00e0 sa sortie de crise. Le march\u00e9 de bureaux repart \u00e0 la hausse, tout comme les investissements. Le secteur industriel de son c\u00f4t\u00e9 poursuit son d\u00e9veloppement.<\/p>\n<p class=\"Textbody\" style=\"text-align: justify; text-justify: inter-ideograph; line-height: 150%;\">\n<p class=\"Textbody\" style=\"text-align: justify; text-justify: inter-ideograph; line-height: 150%;\"><b>La reprise du march\u00e9 des bureaux<\/b><\/p>\n<p class=\"Textbody\" style=\"text-align: justify; text-justify: inter-ideograph; line-height: 150%;\">L&rsquo;<a href=\"https:\/\/www.europropmarket.com\/nos-offres\/69000-lyon\/\">immobilier d&rsquo;entreprise de Lyon<\/a> M\u00e9tropole s&rsquo;\u00e9tait distingu\u00e9 durant la crise sanitaire par sa r\u00e9silience, en d\u00e9pit de l&rsquo;impact subit par le march\u00e9 des bureaux,\u00a0 l&rsquo;activit\u00e9 du secteur repart \u00e0 la hausse avec 126 532m3 de bureaux commercialis\u00e9s au cours du premier semestre 2022. Les trois premiers mois de l&rsquo;ann\u00e9e se sont ainsi traduits par une hausse de 34% du march\u00e9 locatif tertiaire par rapport au premier trimestre 2021\u00a0: loin donc de s&rsquo;effondrer, l&rsquo;immobilier d&rsquo;entreprise lyonnais anticipe les changements qui accompagnent les nouveaux modes de travail \u2013 t\u00e9l\u00e9travail et flex office principalement \u2013 en se portant vers de nouvelles surfaces, souvent de moindre taille mais plus flexibles<\/p>\n<p class=\"Textbody\" style=\"text-align: justify; text-justify: inter-ideograph; line-height: 150%;\"><b>Investissements : un retour au niveau d&rsquo;avant crise<\/b><\/p>\n<p class=\"Textbody\" style=\"text-align: justify; text-justify: inter-ideograph; line-height: 150%;\">Contrairement au march\u00e9 francilien marqu\u00e9 par une stagnation en termes d&rsquo;investissements, la M\u00e9tropole lyonnaise renoue avec son dynamisme d&rsquo;avant crise en d\u00e9pit d&rsquo;un taux de biens immobiliers acquis en baisse de 59% au regard de l&rsquo;ann\u00e9e 2021\u00a0: le montant engag\u00e9 atteint ainsi 404 millions d&rsquo;euros. Le <a href=\"https:\/\/www.arthur-loyd-lyon.com\/bureau\/lyon\">march\u00e9 des bureaux<\/a> fait toujours office de locomotive et repr\u00e9sente 59% des volumes investis en immobilier d&rsquo;entreprise, les surfaces commerciales affichant une forte baisse \u2013seulement 6% des investissements contre 28% en 2021&#8230; Dop\u00e9 par l&rsquo;e-commerce, l&rsquo;immobilier logistique conna\u00eet pour sa part un essor fulgurant, les actifs industriels repr\u00e9sentant pour leur part 18% des volumes investis (contre seulement 2% en 2021)<\/p>\n<p class=\"Textbody\" style=\"text-align: justify; text-justify: inter-ideograph; line-height: 150%;\"><b>L&rsquo;essor du march\u00e9 immobilier industriel<\/b><\/p>\n<p class=\"Textbody\" style=\"text-align: justify; text-justify: inter-ideograph; line-height: 150%;\">Le march\u00e9 des <a href=\"https:\/\/www.europropmarket.com\/entrepot-local-activite\/vente\/69000-lyon\/\">locaux d&rsquo;activit\u00e9s lyonnais<\/a> se porte particuli\u00e8rement bien avec 175.259m\u00b2 commercialis\u00e9s au sein de la M\u00e9tropole. Un chiffre en progression de 30% sur un an pour une performance sup\u00e9rieure de 5% \u00e0 la moyenne d\u00e9cennale, t\u00e9moignant ainsi de la vitalit\u00e9 du march\u00e9 industriel lyonnais qui surpasse m\u00eame le secteur tertiaire en termes de surfaces commercialis\u00e9es.<\/p>\n<p class=\"Textbody\" style=\"text-align: justify; text-justify: inter-ideograph; line-height: 150%;\">\n","protected":false},"excerpt":{"rendered":"<p>Le march\u00e9 immobilier lyonnais entame d&rsquo;ores et d\u00e9j\u00e0 sa sortie de crise. Le march\u00e9 de bureaux repart \u00e0 la hausse, tout comme les investissements. Le secteur industriel de son c\u00f4t\u00e9 poursuit son d\u00e9veloppement. La reprise du march\u00e9 des bureaux L&rsquo;immobilier d&rsquo;entreprise de Lyon M\u00e9tropole s&rsquo;\u00e9tait distingu\u00e9 durant la crise sanitaire par sa r\u00e9silience, en d\u00e9pit [&hellip;]<\/p>\n","protected":false},"author":4,"featured_media":1351,"comment_status":"closed","ping_status":"closed","sticky":false,"template":"","format":"standard","meta":{"footnotes":""},"categories":[5],"tags":[38,47,45,62],"class_list":["post-1350","post","type-post","status-publish","format-standard","has-post-thumbnail","hentry","category-bureaux","tag-bureaux-lyon","tag-immobilier-lyon","tag-lyon","tag-metropole-de-lyon","entry","has-media"],"yoast_head":"<!-- This site is optimized with the Yoast SEO plugin v19.13 - https:\/\/yoast.com\/wordpress\/plugins\/seo\/ -->\n<title>Le march\u00e9 tertiaire lyonnais reprend son essor en 2022<\/title>\n<meta name=\"description\" content=\"Le march\u00e9 de bureaux \u00e0 Lyon repart \u00e0 la hausse, tout comme les investissements. Le secteur industriel de son c\u00f4t\u00e9 poursuit son d\u00e9veloppement\" \/>\n<meta name=\"robots\" content=\"index, follow, max-snippet:-1, max-image-preview:large, max-video-preview:-1\" \/>\n<link rel=\"canonical\" href=\"https:\/\/www.europropmarket.com\/actualites\/immobilier-dentreprise-le-marche-lyonnais-reprend-son-essor-en-2022\/\" \/>\n<meta property=\"og:locale\" content=\"fr_FR\" \/>\n<meta property=\"og:type\" content=\"article\" \/>\n<meta property=\"og:title\" content=\"Le march\u00e9 tertiaire lyonnais reprend son essor en 2022\" \/>\n<meta property=\"og:description\" content=\"Le march\u00e9 de bureaux \u00e0 Lyon repart \u00e0 la hausse, tout comme les investissements. Le secteur industriel de son c\u00f4t\u00e9 poursuit son d\u00e9veloppement\" \/>\n<meta property=\"og:url\" content=\"https:\/\/www.europropmarket.com\/actualites\/immobilier-dentreprise-le-marche-lyonnais-reprend-son-essor-en-2022\/\" \/>\n<meta property=\"og:site_name\" content=\"Europropmarket\" \/>\n<meta property=\"article:published_time\" content=\"2022-07-19T17:05:25+00:00\" \/>\n<meta property=\"og:image\" content=\"https:\/\/www.europropmarket.com\/actualites\/wp-content\/uploads\/2022\/07\/image-image-Saone-river-Lyon-France-82-as_191915687.jpg.jpg\" \/>\n\t<meta property=\"og:image:width\" content=\"980\" \/>\n\t<meta property=\"og:image:height\" content=\"380\" \/>\n\t<meta property=\"og:image:type\" content=\"image\/jpeg\" \/>\n<meta name=\"author\" content=\"St\u00e9phane BONTOUX\" \/>\n<meta name=\"twitter:card\" content=\"summary_large_image\" \/>\n<meta name=\"twitter:label1\" content=\"\u00c9crit par\" \/>\n\t<meta name=\"twitter:data1\" content=\"St\u00e9phane BONTOUX\" \/>\n\t<meta name=\"twitter:label2\" content=\"Dur\u00e9e de lecture estim\u00e9e\" \/>\n\t<meta name=\"twitter:data2\" content=\"2 minutes\" \/>\n<script type=\"application\/ld+json\" class=\"yoast-schema-graph\">{\"@context\":\"https:\/\/schema.org\",\"@graph\":[{\"@type\":\"Article\",\"@id\":\"https:\/\/www.europropmarket.com\/actualites\/immobilier-dentreprise-le-marche-lyonnais-reprend-son-essor-en-2022\/#article\",\"isPartOf\":{\"@id\":\"https:\/\/www.europropmarket.com\/actualites\/immobilier-dentreprise-le-marche-lyonnais-reprend-son-essor-en-2022\/\"},\"author\":{\"name\":\"St\u00e9phane BONTOUX\",\"@id\":\"https:\/\/www.europropmarket.com\/actualites\/#\/schema\/person\/97027d62243b84ca18df0089bcbb10a8\"},\"headline\":\"Immobilier d&rsquo;entreprise\u00a0: le march\u00e9 lyonnais reprend son essor en 2022\",\"datePublished\":\"2022-07-19T17:05:25+00:00\",\"dateModified\":\"2022-07-19T17:05:25+00:00\",\"mainEntityOfPage\":{\"@id\":\"https:\/\/www.europropmarket.com\/actualites\/immobilier-dentreprise-le-marche-lyonnais-reprend-son-essor-en-2022\/\"},\"wordCount\":334,\"publisher\":{\"@id\":\"https:\/\/www.europropmarket.com\/actualites\/#organization\"},\"keywords\":[\"bureaux lyon\",\"immobilier Lyon\",\"Lyon\",\"M\u00e9tropole de Lyon\"],\"articleSection\":[\"Bureaux\"],\"inLanguage\":\"fr-FR\"},{\"@type\":\"WebPage\",\"@id\":\"https:\/\/www.europropmarket.com\/actualites\/immobilier-dentreprise-le-marche-lyonnais-reprend-son-essor-en-2022\/\",\"url\":\"https:\/\/www.europropmarket.com\/actualites\/immobilier-dentreprise-le-marche-lyonnais-reprend-son-essor-en-2022\/\",\"name\":\"Le march\u00e9 tertiaire lyonnais reprend son essor en 2022\",\"isPartOf\":{\"@id\":\"https:\/\/www.europropmarket.com\/actualites\/#website\"},\"datePublished\":\"2022-07-19T17:05:25+00:00\",\"dateModified\":\"2022-07-19T17:05:25+00:00\",\"description\":\"Le march\u00e9 de bureaux \u00e0 Lyon repart \u00e0 la hausse, tout comme les investissements. Le secteur industriel de son c\u00f4t\u00e9 poursuit son d\u00e9veloppement\",\"breadcrumb\":{\"@id\":\"https:\/\/www.europropmarket.com\/actualites\/immobilier-dentreprise-le-marche-lyonnais-reprend-son-essor-en-2022\/#breadcrumb\"},\"inLanguage\":\"fr-FR\",\"potentialAction\":[{\"@type\":\"ReadAction\",\"target\":[\"https:\/\/www.europropmarket.com\/actualites\/immobilier-dentreprise-le-marche-lyonnais-reprend-son-essor-en-2022\/\"]}]},{\"@type\":\"BreadcrumbList\",\"@id\":\"https:\/\/www.europropmarket.com\/actualites\/immobilier-dentreprise-le-marche-lyonnais-reprend-son-essor-en-2022\/#breadcrumb\",\"itemListElement\":[{\"@type\":\"ListItem\",\"position\":1,\"name\":\"Accueil\",\"item\":\"https:\/\/www.europropmarket.com\/actualites\/\"},{\"@type\":\"ListItem\",\"position\":2,\"name\":\"Immobilier d&rsquo;entreprise\u00a0: le march\u00e9 lyonnais reprend son essor en 2022\"}]},{\"@type\":\"WebSite\",\"@id\":\"https:\/\/www.europropmarket.com\/actualites\/#website\",\"url\":\"https:\/\/www.europropmarket.com\/actualites\/\",\"name\":\"Europropmarket\",\"description\":\"\",\"publisher\":{\"@id\":\"https:\/\/www.europropmarket.com\/actualites\/#organization\"},\"potentialAction\":[{\"@type\":\"SearchAction\",\"target\":{\"@type\":\"EntryPoint\",\"urlTemplate\":\"https:\/\/www.europropmarket.com\/actualites\/?s={search_term_string}\"},\"query-input\":\"required name=search_term_string\"}],\"inLanguage\":\"fr-FR\"},{\"@type\":\"Organization\",\"@id\":\"https:\/\/www.europropmarket.com\/actualites\/#organization\",\"name\":\"Europropmarket\",\"url\":\"https:\/\/www.europropmarket.com\/actualites\/\",\"logo\":{\"@type\":\"ImageObject\",\"inLanguage\":\"fr-FR\",\"@id\":\"https:\/\/www.europropmarket.com\/actualites\/#\/schema\/logo\/image\/\",\"url\":\"https:\/\/www.europropmarket.com\/actualites\/wp-content\/uploads\/2021\/04\/logo.png\",\"contentUrl\":\"https:\/\/www.europropmarket.com\/actualites\/wp-content\/uploads\/2021\/04\/logo.png\",\"width\":204,\"height\":25,\"caption\":\"Europropmarket\"},\"image\":{\"@id\":\"https:\/\/www.europropmarket.com\/actualites\/#\/schema\/logo\/image\/\"}},{\"@type\":\"Person\",\"@id\":\"https:\/\/www.europropmarket.com\/actualites\/#\/schema\/person\/97027d62243b84ca18df0089bcbb10a8\",\"name\":\"St\u00e9phane BONTOUX\",\"image\":{\"@type\":\"ImageObject\",\"inLanguage\":\"fr-FR\",\"@id\":\"https:\/\/www.europropmarket.com\/actualites\/#\/schema\/person\/image\/\",\"url\":\"https:\/\/secure.gravatar.com\/avatar\/2e2408bccbefc28eb75eb64f0a5e748f653dd966b192e28b810a33dba3220ec5?s=96&d=mm&r=g\",\"contentUrl\":\"https:\/\/secure.gravatar.com\/avatar\/2e2408bccbefc28eb75eb64f0a5e748f653dd966b192e28b810a33dba3220ec5?s=96&d=mm&r=g\",\"caption\":\"St\u00e9phane BONTOUX\"},\"url\":\"https:\/\/www.europropmarket.com\/actualites\/author\/sbontoux\/\"}]}<\/script>\n<!-- \/ Yoast SEO plugin. -->","yoast_head_json":{"title":"Le march\u00e9 tertiaire lyonnais reprend son essor en 2022","description":"Le march\u00e9 de bureaux \u00e0 Lyon repart \u00e0 la hausse, tout comme les investissements. Le secteur industriel de son c\u00f4t\u00e9 poursuit son d\u00e9veloppement","robots":{"index":"index","follow":"follow","max-snippet":"max-snippet:-1","max-image-preview":"max-image-preview:large","max-video-preview":"max-video-preview:-1"},"canonical":"https:\/\/www.europropmarket.com\/actualites\/immobilier-dentreprise-le-marche-lyonnais-reprend-son-essor-en-2022\/","og_locale":"fr_FR","og_type":"article","og_title":"Le march\u00e9 tertiaire lyonnais reprend son essor en 2022","og_description":"Le march\u00e9 de bureaux \u00e0 Lyon repart \u00e0 la hausse, tout comme les investissements. Le secteur industriel de son c\u00f4t\u00e9 poursuit son d\u00e9veloppement","og_url":"https:\/\/www.europropmarket.com\/actualites\/immobilier-dentreprise-le-marche-lyonnais-reprend-son-essor-en-2022\/","og_site_name":"Europropmarket","article_published_time":"2022-07-19T17:05:25+00:00","og_image":[{"width":980,"height":380,"url":"https:\/\/www.europropmarket.com\/actualites\/wp-content\/uploads\/2022\/07\/image-image-Saone-river-Lyon-France-82-as_191915687.jpg.jpg","type":"image\/jpeg"}],"author":"St\u00e9phane BONTOUX","twitter_card":"summary_large_image","twitter_misc":{"\u00c9crit par":"St\u00e9phane BONTOUX","Dur\u00e9e de lecture estim\u00e9e":"2 minutes"},"schema":{"@context":"https:\/\/schema.org","@graph":[{"@type":"Article","@id":"https:\/\/www.europropmarket.com\/actualites\/immobilier-dentreprise-le-marche-lyonnais-reprend-son-essor-en-2022\/#article","isPartOf":{"@id":"https:\/\/www.europropmarket.com\/actualites\/immobilier-dentreprise-le-marche-lyonnais-reprend-son-essor-en-2022\/"},"author":{"name":"St\u00e9phane BONTOUX","@id":"https:\/\/www.europropmarket.com\/actualites\/#\/schema\/person\/97027d62243b84ca18df0089bcbb10a8"},"headline":"Immobilier d&rsquo;entreprise\u00a0: le march\u00e9 lyonnais reprend son essor en 2022","datePublished":"2022-07-19T17:05:25+00:00","dateModified":"2022-07-19T17:05:25+00:00","mainEntityOfPage":{"@id":"https:\/\/www.europropmarket.com\/actualites\/immobilier-dentreprise-le-marche-lyonnais-reprend-son-essor-en-2022\/"},"wordCount":334,"publisher":{"@id":"https:\/\/www.europropmarket.com\/actualites\/#organization"},"keywords":["bureaux lyon","immobilier Lyon","Lyon","M\u00e9tropole de Lyon"],"articleSection":["Bureaux"],"inLanguage":"fr-FR"},{"@type":"WebPage","@id":"https:\/\/www.europropmarket.com\/actualites\/immobilier-dentreprise-le-marche-lyonnais-reprend-son-essor-en-2022\/","url":"https:\/\/www.europropmarket.com\/actualites\/immobilier-dentreprise-le-marche-lyonnais-reprend-son-essor-en-2022\/","name":"Le march\u00e9 tertiaire lyonnais reprend son essor en 2022","isPartOf":{"@id":"https:\/\/www.europropmarket.com\/actualites\/#website"},"datePublished":"2022-07-19T17:05:25+00:00","dateModified":"2022-07-19T17:05:25+00:00","description":"Le march\u00e9 de bureaux \u00e0 Lyon repart \u00e0 la hausse, tout comme les investissements. Le secteur industriel de son c\u00f4t\u00e9 poursuit son d\u00e9veloppement","breadcrumb":{"@id":"https:\/\/www.europropmarket.com\/actualites\/immobilier-dentreprise-le-marche-lyonnais-reprend-son-essor-en-2022\/#breadcrumb"},"inLanguage":"fr-FR","potentialAction":[{"@type":"ReadAction","target":["https:\/\/www.europropmarket.com\/actualites\/immobilier-dentreprise-le-marche-lyonnais-reprend-son-essor-en-2022\/"]}]},{"@type":"BreadcrumbList","@id":"https:\/\/www.europropmarket.com\/actualites\/immobilier-dentreprise-le-marche-lyonnais-reprend-son-essor-en-2022\/#breadcrumb","itemListElement":[{"@type":"ListItem","position":1,"name":"Accueil","item":"https:\/\/www.europropmarket.com\/actualites\/"},{"@type":"ListItem","position":2,"name":"Immobilier d&rsquo;entreprise\u00a0: le march\u00e9 lyonnais reprend son essor en 2022"}]},{"@type":"WebSite","@id":"https:\/\/www.europropmarket.com\/actualites\/#website","url":"https:\/\/www.europropmarket.com\/actualites\/","name":"Europropmarket","description":"","publisher":{"@id":"https:\/\/www.europropmarket.com\/actualites\/#organization"},"potentialAction":[{"@type":"SearchAction","target":{"@type":"EntryPoint","urlTemplate":"https:\/\/www.europropmarket.com\/actualites\/?s={search_term_string}"},"query-input":"required name=search_term_string"}],"inLanguage":"fr-FR"},{"@type":"Organization","@id":"https:\/\/www.europropmarket.com\/actualites\/#organization","name":"Europropmarket","url":"https:\/\/www.europropmarket.com\/actualites\/","logo":{"@type":"ImageObject","inLanguage":"fr-FR","@id":"https:\/\/www.europropmarket.com\/actualites\/#\/schema\/logo\/image\/","url":"https:\/\/www.europropmarket.com\/actualites\/wp-content\/uploads\/2021\/04\/logo.png","contentUrl":"https:\/\/www.europropmarket.com\/actualites\/wp-content\/uploads\/2021\/04\/logo.png","width":204,"height":25,"caption":"Europropmarket"},"image":{"@id":"https:\/\/www.europropmarket.com\/actualites\/#\/schema\/logo\/image\/"}},{"@type":"Person","@id":"https:\/\/www.europropmarket.com\/actualites\/#\/schema\/person\/97027d62243b84ca18df0089bcbb10a8","name":"St\u00e9phane BONTOUX","image":{"@type":"ImageObject","inLanguage":"fr-FR","@id":"https:\/\/www.europropmarket.com\/actualites\/#\/schema\/person\/image\/","url":"https:\/\/secure.gravatar.com\/avatar\/2e2408bccbefc28eb75eb64f0a5e748f653dd966b192e28b810a33dba3220ec5?s=96&d=mm&r=g","contentUrl":"https:\/\/secure.gravatar.com\/avatar\/2e2408bccbefc28eb75eb64f0a5e748f653dd966b192e28b810a33dba3220ec5?s=96&d=mm&r=g","caption":"St\u00e9phane BONTOUX"},"url":"https:\/\/www.europropmarket.com\/actualites\/author\/sbontoux\/"}]}},"_links":{"self":[{"href":"https:\/\/www.europropmarket.com\/actualites\/wp-json\/wp\/v2\/posts\/1350","targetHints":{"allow":["GET"]}}],"collection":[{"href":"https:\/\/www.europropmarket.com\/actualites\/wp-json\/wp\/v2\/posts"}],"about":[{"href":"https:\/\/www.europropmarket.com\/actualites\/wp-json\/wp\/v2\/types\/post"}],"author":[{"embeddable":true,"href":"https:\/\/www.europropmarket.com\/actualites\/wp-json\/wp\/v2\/users\/4"}],"replies":[{"embeddable":true,"href":"https:\/\/www.europropmarket.com\/actualites\/wp-json\/wp\/v2\/comments?post=1350"}],"version-history":[{"count":1,"href":"https:\/\/www.europropmarket.com\/actualites\/wp-json\/wp\/v2\/posts\/1350\/revisions"}],"predecessor-version":[{"id":1352,"href":"https:\/\/www.europropmarket.com\/actualites\/wp-json\/wp\/v2\/posts\/1350\/revisions\/1352"}],"wp:featuredmedia":[{"embeddable":true,"href":"https:\/\/www.europropmarket.com\/actualites\/wp-json\/wp\/v2\/media\/1351"}],"wp:attachment":[{"href":"https:\/\/www.europropmarket.com\/actualites\/wp-json\/wp\/v2\/media?parent=1350"}],"wp:term":[{"taxonomy":"category","embeddable":true,"href":"https:\/\/www.europropmarket.com\/actualites\/wp-json\/wp\/v2\/categories?post=1350"},{"taxonomy":"post_tag","embeddable":true,"href":"https:\/\/www.europropmarket.com\/actualites\/wp-json\/wp\/v2\/tags?post=1350"}],"curies":[{"name":"wp","href":"https:\/\/api.w.org\/{rel}","templated":true}]}}