{"id":1358,"date":"2022-08-31T17:05:29","date_gmt":"2022-08-31T15:05:29","guid":{"rendered":"https:\/\/www.europropmarket.com\/actualites\/?p=1358"},"modified":"2022-09-01T21:08:38","modified_gmt":"2022-09-01T19:08:38","slug":"une-charte-en-faveur-dun-immobilier-logistique-responsable","status":"publish","type":"post","link":"https:\/\/www.europropmarket.com\/actualites\/une-charte-en-faveur-dun-immobilier-logistique-responsable\/","title":{"rendered":"Une charte en faveur d&rsquo;un immobilier logistique responsable"},"content":{"rendered":"<p><a href=\"https:\/\/www.europropmarket.com\/entrepot-local-activite\/location\/ile-de-france\/\">L&rsquo;immobilier logistique<\/a> est d\u00e9sormais confront\u00e9 \u00e0 plusieurs enjeux environnementaux : \u00e9missions de GES, artificialisation des sols, performance \u00e9nerg\u00e9tique\u2026 Une charte sign\u00e9e en juillet 2021 vise ainsi \u00e0 favoriser l&rsquo;\u00e9mergence d&rsquo;entrep\u00f4ts durables et responsables.<\/p>\n<p>&nbsp;<\/p>\n<h2><strong> R\u00e9pondre aux d\u00e9fis environnementaux<\/strong><\/h2>\n<p>&nbsp;<\/p>\n<p>C&rsquo;est notamment pour r\u00e9pondre aux d\u00e9fis d\u00e9coulant de l&rsquo;essor du e-commerce que le gouvernement a sign\u00e9 en juillet 2021 une charte destin\u00e9e \u00e0 am\u00e9liorer la sobri\u00e9t\u00e9 \u00e9nerg\u00e9tique des b\u00e2timents logistiques. En coop\u00e9ration avec le minist\u00e8re de la transition \u00e9cologique, une trentaine d&rsquo;acteurs de l&rsquo;immobilier logistique ont ainsi fait le choix de s&rsquo;inscrire dans la dynamique environnementale qui caract\u00e9rise aujourd&rsquo;hui l&rsquo;immobilier d&rsquo;entreprise, tous types de biens confondus : performance \u00e9nerg\u00e9tique en vue de r\u00e9duire les \u00e9missions de carbone bien entendu, mais \u00e9galement limitation de l&rsquo;artificialisation des sols et respect de la biodiversit\u00e9. Si la crise de Covid-19 a mis en relief l&rsquo;importance de la cha\u00eene logistique et son r\u00f4le strat\u00e9gique dans la comp\u00e9titivit\u00e9 des entreprises, la cr\u00e9ation de nouveaux entrep\u00f4ts et plateformes \u2013 aussi bien proches des agglom\u00e9rations qu&rsquo;en p\u00e9riph\u00e9rie \u2013 impose \u00e9galement la mise en \u0153uvre d&rsquo;un immobilier plus responsable\u00a0: il s&rsquo;agit d\u00e8s lors dans le cadre de cette charte de combiner r\u00e9sultats \u00e9conomiques et performances \u00e9nerg\u00e9tiques, une initiative en phase avec les imp\u00e9ratifs de RSE qui se g\u00e9n\u00e9ralisent aussi bien en France qu&rsquo;\u00e0 l&rsquo;\u00e9chelle internationale<\/p>\n<p>&nbsp;<\/p>\n<h2><strong>\u00a0Des engagements mutuels<\/strong><\/h2>\n<p>&nbsp;<\/p>\n<p>En vertu de cette charte, gouvernement et acteurs de l&rsquo;immobilier logistique se voient contraints de respecter leurs obligations respectives\u00a0:<\/p>\n<p>&nbsp;<\/p>\n<ul>\n<li>Pour les professionnels de la fili\u00e8re logistique : couverture de 50% des toitures d&rsquo;entrep\u00f4ts par des panneaux photovolta\u00efques afin de favoriser les \u00e9nergies renouvelables\u00a0; installer les nouveaux b\u00e2timents sur des friches existantes pour freiner l&rsquo;artificialisation des sols\u00a0; assurer une infiltration de la totalit\u00e9 des eaux pluviales ; plantation de haies champ\u00eatres lin\u00e9aires \u00e9quivalant \u00e0 au moins 50 % de la limite de propri\u00e9t\u00e9, en privil\u00e9giant les essences favorables aux pollinisateurs<\/li>\n<li>Pour l&rsquo;Etat : accompagnement des professionnels dans le respect de leurs engagements environnementaux ; mise \u00e0 disposition des friches susceptibles d&rsquo;accueillir des entrep\u00f4ts, notamment dans le cadre du plan \u00ab France Relance \u00bb ; tarification du droit applicable aux porteurs de projets ; organisation de conf\u00e9rences \u00e0 partir de la fin 2022 afin de mieux cibler les besoins des territoires en termes d&rsquo;immobilier logistique.<\/li>\n<\/ul>\n<p>&nbsp;<\/p>\n<p>&nbsp;<\/p>\n<p>&nbsp;<\/p>\n<p>&nbsp;<\/p>\n","protected":false},"excerpt":{"rendered":"<p>L&rsquo;immobilier logistique est d\u00e9sormais confront\u00e9 \u00e0 plusieurs enjeux environnementaux : \u00e9missions de GES, artificialisation des sols, performance \u00e9nerg\u00e9tique\u2026 Une charte sign\u00e9e en juillet 2021 vise ainsi \u00e0 favoriser l&rsquo;\u00e9mergence d&rsquo;entrep\u00f4ts durables et responsables. &nbsp; R\u00e9pondre aux d\u00e9fis environnementaux &nbsp; C&rsquo;est notamment pour r\u00e9pondre aux d\u00e9fis d\u00e9coulant de l&rsquo;essor du e-commerce que le gouvernement a sign\u00e9 [&hellip;]<\/p>\n","protected":false},"author":4,"featured_media":1535,"comment_status":"closed","ping_status":"closed","sticky":false,"template":"","format":"standard","meta":{"footnotes":""},"categories":[7],"tags":[172,64],"class_list":["post-1358","post","type-post","status-publish","format-standard","has-post-thumbnail","hentry","category-entrepots","tag-entrepots-durables","tag-logistique","entry","has-media"],"yoast_head":"<!-- This site is optimized with the Yoast SEO plugin v19.13 - https:\/\/yoast.com\/wordpress\/plugins\/seo\/ -->\n<title>Une charte de 2021 vise favoriser l&#039;\u00e9mergence d&#039;entrep\u00f4ts durables<\/title>\n<meta name=\"description\" content=\"L&#039;immobilier logistique est d\u00e9sormais confront\u00e9 \u00e0 plusieurs enjeux environnementaux : \u00e9missions de GES,, performance \u00e9nerg\u00e9tique.\" \/>\n<meta name=\"robots\" content=\"index, follow, max-snippet:-1, max-image-preview:large, max-video-preview:-1\" \/>\n<link rel=\"canonical\" href=\"https:\/\/www.europropmarket.com\/actualites\/une-charte-en-faveur-dun-immobilier-logistique-responsable\/\" \/>\n<meta property=\"og:locale\" content=\"fr_FR\" \/>\n<meta property=\"og:type\" content=\"article\" \/>\n<meta property=\"og:title\" content=\"Une charte de 2021 vise favoriser l&#039;\u00e9mergence d&#039;entrep\u00f4ts durables\" \/>\n<meta property=\"og:description\" content=\"L&#039;immobilier logistique est d\u00e9sormais confront\u00e9 \u00e0 plusieurs enjeux environnementaux : \u00e9missions de GES,, performance \u00e9nerg\u00e9tique.\" \/>\n<meta property=\"og:url\" content=\"https:\/\/www.europropmarket.com\/actualites\/une-charte-en-faveur-dun-immobilier-logistique-responsable\/\" \/>\n<meta property=\"og:site_name\" content=\"Europropmarket\" \/>\n<meta property=\"article:published_time\" content=\"2022-08-31T15:05:29+00:00\" \/>\n<meta property=\"article:modified_time\" content=\"2022-09-01T19:08:38+00:00\" \/>\n<meta property=\"og:image\" content=\"https:\/\/www.europropmarket.com\/actualites\/wp-content\/uploads\/2022\/08\/entrepot-durable.jpg\" \/>\n\t<meta property=\"og:image:width\" content=\"930\" \/>\n\t<meta property=\"og:image:height\" content=\"360\" \/>\n\t<meta property=\"og:image:type\" content=\"image\/jpeg\" \/>\n<meta name=\"author\" content=\"St\u00e9phane BONTOUX\" \/>\n<meta name=\"twitter:card\" content=\"summary_large_image\" \/>\n<meta name=\"twitter:label1\" content=\"\u00c9crit par\" \/>\n\t<meta name=\"twitter:data1\" content=\"St\u00e9phane BONTOUX\" \/>\n\t<meta name=\"twitter:label2\" content=\"Dur\u00e9e de lecture estim\u00e9e\" \/>\n\t<meta name=\"twitter:data2\" content=\"2 minutes\" \/>\n<script type=\"application\/ld+json\" class=\"yoast-schema-graph\">{\"@context\":\"https:\/\/schema.org\",\"@graph\":[{\"@type\":\"Article\",\"@id\":\"https:\/\/www.europropmarket.com\/actualites\/une-charte-en-faveur-dun-immobilier-logistique-responsable\/#article\",\"isPartOf\":{\"@id\":\"https:\/\/www.europropmarket.com\/actualites\/une-charte-en-faveur-dun-immobilier-logistique-responsable\/\"},\"author\":{\"name\":\"St\u00e9phane BONTOUX\",\"@id\":\"https:\/\/www.europropmarket.com\/actualites\/#\/schema\/person\/97027d62243b84ca18df0089bcbb10a8\"},\"headline\":\"Une charte en faveur d&rsquo;un immobilier logistique responsable\",\"datePublished\":\"2022-08-31T15:05:29+00:00\",\"dateModified\":\"2022-09-01T19:08:38+00:00\",\"mainEntityOfPage\":{\"@id\":\"https:\/\/www.europropmarket.com\/actualites\/une-charte-en-faveur-dun-immobilier-logistique-responsable\/\"},\"wordCount\":408,\"publisher\":{\"@id\":\"https:\/\/www.europropmarket.com\/actualites\/#organization\"},\"keywords\":[\"entrep\u00f4ts durables\",\"logistique\"],\"articleSection\":[\"Entrep\u00f4ts\"],\"inLanguage\":\"fr-FR\"},{\"@type\":\"WebPage\",\"@id\":\"https:\/\/www.europropmarket.com\/actualites\/une-charte-en-faveur-dun-immobilier-logistique-responsable\/\",\"url\":\"https:\/\/www.europropmarket.com\/actualites\/une-charte-en-faveur-dun-immobilier-logistique-responsable\/\",\"name\":\"Une charte de 2021 vise favoriser l'\u00e9mergence d'entrep\u00f4ts durables\",\"isPartOf\":{\"@id\":\"https:\/\/www.europropmarket.com\/actualites\/#website\"},\"datePublished\":\"2022-08-31T15:05:29+00:00\",\"dateModified\":\"2022-09-01T19:08:38+00:00\",\"description\":\"L'immobilier logistique est d\u00e9sormais confront\u00e9 \u00e0 plusieurs enjeux environnementaux : \u00e9missions de GES,, performance \u00e9nerg\u00e9tique.\",\"breadcrumb\":{\"@id\":\"https:\/\/www.europropmarket.com\/actualites\/une-charte-en-faveur-dun-immobilier-logistique-responsable\/#breadcrumb\"},\"inLanguage\":\"fr-FR\",\"potentialAction\":[{\"@type\":\"ReadAction\",\"target\":[\"https:\/\/www.europropmarket.com\/actualites\/une-charte-en-faveur-dun-immobilier-logistique-responsable\/\"]}]},{\"@type\":\"BreadcrumbList\",\"@id\":\"https:\/\/www.europropmarket.com\/actualites\/une-charte-en-faveur-dun-immobilier-logistique-responsable\/#breadcrumb\",\"itemListElement\":[{\"@type\":\"ListItem\",\"position\":1,\"name\":\"Accueil\",\"item\":\"https:\/\/www.europropmarket.com\/actualites\/\"},{\"@type\":\"ListItem\",\"position\":2,\"name\":\"Une charte en faveur d&rsquo;un immobilier logistique responsable\"}]},{\"@type\":\"WebSite\",\"@id\":\"https:\/\/www.europropmarket.com\/actualites\/#website\",\"url\":\"https:\/\/www.europropmarket.com\/actualites\/\",\"name\":\"Europropmarket\",\"description\":\"\",\"publisher\":{\"@id\":\"https:\/\/www.europropmarket.com\/actualites\/#organization\"},\"potentialAction\":[{\"@type\":\"SearchAction\",\"target\":{\"@type\":\"EntryPoint\",\"urlTemplate\":\"https:\/\/www.europropmarket.com\/actualites\/?s={search_term_string}\"},\"query-input\":\"required name=search_term_string\"}],\"inLanguage\":\"fr-FR\"},{\"@type\":\"Organization\",\"@id\":\"https:\/\/www.europropmarket.com\/actualites\/#organization\",\"name\":\"Europropmarket\",\"url\":\"https:\/\/www.europropmarket.com\/actualites\/\",\"logo\":{\"@type\":\"ImageObject\",\"inLanguage\":\"fr-FR\",\"@id\":\"https:\/\/www.europropmarket.com\/actualites\/#\/schema\/logo\/image\/\",\"url\":\"https:\/\/www.europropmarket.com\/actualites\/wp-content\/uploads\/2021\/04\/logo.png\",\"contentUrl\":\"https:\/\/www.europropmarket.com\/actualites\/wp-content\/uploads\/2021\/04\/logo.png\",\"width\":204,\"height\":25,\"caption\":\"Europropmarket\"},\"image\":{\"@id\":\"https:\/\/www.europropmarket.com\/actualites\/#\/schema\/logo\/image\/\"}},{\"@type\":\"Person\",\"@id\":\"https:\/\/www.europropmarket.com\/actualites\/#\/schema\/person\/97027d62243b84ca18df0089bcbb10a8\",\"name\":\"St\u00e9phane BONTOUX\",\"image\":{\"@type\":\"ImageObject\",\"inLanguage\":\"fr-FR\",\"@id\":\"https:\/\/www.europropmarket.com\/actualites\/#\/schema\/person\/image\/\",\"url\":\"https:\/\/secure.gravatar.com\/avatar\/2e2408bccbefc28eb75eb64f0a5e748f653dd966b192e28b810a33dba3220ec5?s=96&d=mm&r=g\",\"contentUrl\":\"https:\/\/secure.gravatar.com\/avatar\/2e2408bccbefc28eb75eb64f0a5e748f653dd966b192e28b810a33dba3220ec5?s=96&d=mm&r=g\",\"caption\":\"St\u00e9phane BONTOUX\"},\"url\":\"https:\/\/www.europropmarket.com\/actualites\/author\/sbontoux\/\"}]}<\/script>\n<!-- \/ Yoast SEO plugin. -->","yoast_head_json":{"title":"Une charte de 2021 vise favoriser l'\u00e9mergence d'entrep\u00f4ts durables","description":"L'immobilier logistique est d\u00e9sormais confront\u00e9 \u00e0 plusieurs enjeux environnementaux : \u00e9missions de GES,, performance \u00e9nerg\u00e9tique.","robots":{"index":"index","follow":"follow","max-snippet":"max-snippet:-1","max-image-preview":"max-image-preview:large","max-video-preview":"max-video-preview:-1"},"canonical":"https:\/\/www.europropmarket.com\/actualites\/une-charte-en-faveur-dun-immobilier-logistique-responsable\/","og_locale":"fr_FR","og_type":"article","og_title":"Une charte de 2021 vise favoriser l'\u00e9mergence d'entrep\u00f4ts durables","og_description":"L'immobilier logistique est d\u00e9sormais confront\u00e9 \u00e0 plusieurs enjeux environnementaux : \u00e9missions de GES,, performance \u00e9nerg\u00e9tique.","og_url":"https:\/\/www.europropmarket.com\/actualites\/une-charte-en-faveur-dun-immobilier-logistique-responsable\/","og_site_name":"Europropmarket","article_published_time":"2022-08-31T15:05:29+00:00","article_modified_time":"2022-09-01T19:08:38+00:00","og_image":[{"width":930,"height":360,"url":"https:\/\/www.europropmarket.com\/actualites\/wp-content\/uploads\/2022\/08\/entrepot-durable.jpg","type":"image\/jpeg"}],"author":"St\u00e9phane BONTOUX","twitter_card":"summary_large_image","twitter_misc":{"\u00c9crit par":"St\u00e9phane BONTOUX","Dur\u00e9e de lecture estim\u00e9e":"2 minutes"},"schema":{"@context":"https:\/\/schema.org","@graph":[{"@type":"Article","@id":"https:\/\/www.europropmarket.com\/actualites\/une-charte-en-faveur-dun-immobilier-logistique-responsable\/#article","isPartOf":{"@id":"https:\/\/www.europropmarket.com\/actualites\/une-charte-en-faveur-dun-immobilier-logistique-responsable\/"},"author":{"name":"St\u00e9phane BONTOUX","@id":"https:\/\/www.europropmarket.com\/actualites\/#\/schema\/person\/97027d62243b84ca18df0089bcbb10a8"},"headline":"Une charte en faveur d&rsquo;un immobilier logistique responsable","datePublished":"2022-08-31T15:05:29+00:00","dateModified":"2022-09-01T19:08:38+00:00","mainEntityOfPage":{"@id":"https:\/\/www.europropmarket.com\/actualites\/une-charte-en-faveur-dun-immobilier-logistique-responsable\/"},"wordCount":408,"publisher":{"@id":"https:\/\/www.europropmarket.com\/actualites\/#organization"},"keywords":["entrep\u00f4ts durables","logistique"],"articleSection":["Entrep\u00f4ts"],"inLanguage":"fr-FR"},{"@type":"WebPage","@id":"https:\/\/www.europropmarket.com\/actualites\/une-charte-en-faveur-dun-immobilier-logistique-responsable\/","url":"https:\/\/www.europropmarket.com\/actualites\/une-charte-en-faveur-dun-immobilier-logistique-responsable\/","name":"Une charte de 2021 vise favoriser l'\u00e9mergence d'entrep\u00f4ts durables","isPartOf":{"@id":"https:\/\/www.europropmarket.com\/actualites\/#website"},"datePublished":"2022-08-31T15:05:29+00:00","dateModified":"2022-09-01T19:08:38+00:00","description":"L'immobilier logistique est d\u00e9sormais confront\u00e9 \u00e0 plusieurs enjeux environnementaux : \u00e9missions de GES,, performance \u00e9nerg\u00e9tique.","breadcrumb":{"@id":"https:\/\/www.europropmarket.com\/actualites\/une-charte-en-faveur-dun-immobilier-logistique-responsable\/#breadcrumb"},"inLanguage":"fr-FR","potentialAction":[{"@type":"ReadAction","target":["https:\/\/www.europropmarket.com\/actualites\/une-charte-en-faveur-dun-immobilier-logistique-responsable\/"]}]},{"@type":"BreadcrumbList","@id":"https:\/\/www.europropmarket.com\/actualites\/une-charte-en-faveur-dun-immobilier-logistique-responsable\/#breadcrumb","itemListElement":[{"@type":"ListItem","position":1,"name":"Accueil","item":"https:\/\/www.europropmarket.com\/actualites\/"},{"@type":"ListItem","position":2,"name":"Une charte en faveur d&rsquo;un immobilier logistique responsable"}]},{"@type":"WebSite","@id":"https:\/\/www.europropmarket.com\/actualites\/#website","url":"https:\/\/www.europropmarket.com\/actualites\/","name":"Europropmarket","description":"","publisher":{"@id":"https:\/\/www.europropmarket.com\/actualites\/#organization"},"potentialAction":[{"@type":"SearchAction","target":{"@type":"EntryPoint","urlTemplate":"https:\/\/www.europropmarket.com\/actualites\/?s={search_term_string}"},"query-input":"required name=search_term_string"}],"inLanguage":"fr-FR"},{"@type":"Organization","@id":"https:\/\/www.europropmarket.com\/actualites\/#organization","name":"Europropmarket","url":"https:\/\/www.europropmarket.com\/actualites\/","logo":{"@type":"ImageObject","inLanguage":"fr-FR","@id":"https:\/\/www.europropmarket.com\/actualites\/#\/schema\/logo\/image\/","url":"https:\/\/www.europropmarket.com\/actualites\/wp-content\/uploads\/2021\/04\/logo.png","contentUrl":"https:\/\/www.europropmarket.com\/actualites\/wp-content\/uploads\/2021\/04\/logo.png","width":204,"height":25,"caption":"Europropmarket"},"image":{"@id":"https:\/\/www.europropmarket.com\/actualites\/#\/schema\/logo\/image\/"}},{"@type":"Person","@id":"https:\/\/www.europropmarket.com\/actualites\/#\/schema\/person\/97027d62243b84ca18df0089bcbb10a8","name":"St\u00e9phane BONTOUX","image":{"@type":"ImageObject","inLanguage":"fr-FR","@id":"https:\/\/www.europropmarket.com\/actualites\/#\/schema\/person\/image\/","url":"https:\/\/secure.gravatar.com\/avatar\/2e2408bccbefc28eb75eb64f0a5e748f653dd966b192e28b810a33dba3220ec5?s=96&d=mm&r=g","contentUrl":"https:\/\/secure.gravatar.com\/avatar\/2e2408bccbefc28eb75eb64f0a5e748f653dd966b192e28b810a33dba3220ec5?s=96&d=mm&r=g","caption":"St\u00e9phane BONTOUX"},"url":"https:\/\/www.europropmarket.com\/actualites\/author\/sbontoux\/"}]}},"_links":{"self":[{"href":"https:\/\/www.europropmarket.com\/actualites\/wp-json\/wp\/v2\/posts\/1358","targetHints":{"allow":["GET"]}}],"collection":[{"href":"https:\/\/www.europropmarket.com\/actualites\/wp-json\/wp\/v2\/posts"}],"about":[{"href":"https:\/\/www.europropmarket.com\/actualites\/wp-json\/wp\/v2\/types\/post"}],"author":[{"embeddable":true,"href":"https:\/\/www.europropmarket.com\/actualites\/wp-json\/wp\/v2\/users\/4"}],"replies":[{"embeddable":true,"href":"https:\/\/www.europropmarket.com\/actualites\/wp-json\/wp\/v2\/comments?post=1358"}],"version-history":[{"count":2,"href":"https:\/\/www.europropmarket.com\/actualites\/wp-json\/wp\/v2\/posts\/1358\/revisions"}],"predecessor-version":[{"id":1536,"href":"https:\/\/www.europropmarket.com\/actualites\/wp-json\/wp\/v2\/posts\/1358\/revisions\/1536"}],"wp:featuredmedia":[{"embeddable":true,"href":"https:\/\/www.europropmarket.com\/actualites\/wp-json\/wp\/v2\/media\/1535"}],"wp:attachment":[{"href":"https:\/\/www.europropmarket.com\/actualites\/wp-json\/wp\/v2\/media?parent=1358"}],"wp:term":[{"taxonomy":"category","embeddable":true,"href":"https:\/\/www.europropmarket.com\/actualites\/wp-json\/wp\/v2\/categories?post=1358"},{"taxonomy":"post_tag","embeddable":true,"href":"https:\/\/www.europropmarket.com\/actualites\/wp-json\/wp\/v2\/tags?post=1358"}],"curies":[{"name":"wp","href":"https:\/\/api.w.org\/{rel}","templated":true}]}}