{"id":2362,"date":"2023-04-27T15:15:14","date_gmt":"2023-04-27T13:15:14","guid":{"rendered":"https:\/\/www.europropmarket.com\/actualites\/?p=2362"},"modified":"2023-04-27T15:15:14","modified_gmt":"2023-04-27T13:15:14","slug":"gare-de-lest-un-secteur-ideal-pour-la-location-de-bureau","status":"publish","type":"post","link":"https:\/\/www.europropmarket.com\/actualites\/gare-de-lest-un-secteur-ideal-pour-la-location-de-bureau\/","title":{"rendered":"Gare de l&rsquo;Est, un secteur id\u00e9al pour la location de bureau"},"content":{"rendered":"<h2><strong>\u00a0Des am\u00e9nagements qui dynamisent le territoire<\/strong><\/h2>\n<p>P\u00f4le d&rsquo;\u00e9change multimodal accueillant chaque ann\u00e9e plus de 40 millions de visiteurs, le quartier de la Gare de l&rsquo;Est est \u00e9videmment un secteur strat\u00e9gique pour l&rsquo;achat ou la <a href=\"https:\/\/www.europropmarket.com\/bureau\/location\/75-paris\/\">location de bureaux<\/a>. \u00a0Au c\u0153ur du 10\u00e8me arrondissement et au nord-est de Paris, la gare de l\u2019Est forme d\u00e9j\u00e0 un territoire d\u2019implantation id\u00e9al offrant des espaces tertiaires modernes, qu&rsquo;il s&rsquo;agisse de bureaux traditionnels ou de solutions immobili\u00e8res flexibles de type business center ou espaces de coworking<\/p>\n<p>Plusieurs projets d&rsquo;am\u00e9nagements sont appel\u00e9s \u00e0 stimuler l&rsquo;attractivit\u00e9 de cette zone dans les prochaines ann\u00e9es : bien plus qu&rsquo;un simple lieu de transit, la Gare de l&rsquo;Est devient ainsi un quartier vivant aussi bien pour les riverains que les nombreux actifs et entrepreneurs parisiens.<\/p>\n<p>Le projet de liaison Gare du Nord\u2013Gare de l&rsquo;Est est sans aucun doute l\u2019am\u00e9nagement qui transformera en profondeur le visage du quartier tout en am\u00e9liorant son accessibilit\u00e9. Accompagnant la dynamique de verdissement qui caract\u00e9rise la M\u00e9tropole parisienne, un jardin public suspendu de pr\u00e8s de 3000 m\u00b2 baptis\u00e9 \u00ab\u00a0Balcon vert\u00a0\u00bb sera am\u00e9nag\u00e9 sur le toit d&rsquo;un nouvel h\u00f4tel situ\u00e9 dans la rue d&rsquo;Alsace.<\/p>\n<p>Le quartier Saint-Vincent de Paul o\u00f9 se trouve la Gare de l&rsquo;Est s&rsquo;inscrit par ailleurs dans la d\u00e9marche \u00ab embellir votre quartier \u00bb initi\u00e9e par la <a href=\"https:\/\/www.paris.fr\/\">Ville de Paris<\/a> et la mairie du 10e arrondissement. Un projet dont l&rsquo;objectif est d&rsquo;am\u00e9liorer la qualit\u00e9 de vie des riverains, le bien-\u00eatre comptant d\u00e9sormais parmi les crit\u00e8res incontournables pour les investisseurs et entreprises, en particulier lorsqu\u2019il s\u2019agit d\u2019espaces collaboratifs.<\/p>\n<h2><strong>\u00a0Le quartier-gare, nouveau havre des coworkers<\/strong><\/h2>\n<p><strong>\u00a0<\/strong>Le r\u00e9am\u00e9nagement des quartiers gare int\u00e8gre d\u00e9sormais syst\u00e9matiquement une strat\u00e9gie de dynamisation des espaces tertiaires. Dans cette optique le coworking, en raison de sa flexibilit\u00e9 et des offres de services qui l\u2019accompagnent, est appel\u00e9 \u00e0 jouer un r\u00f4le essentiel. La location de bureaux dans un <a href=\"https:\/\/www.europropmarket.com\/actualites\/quel-est-lavenir-des-espaces-de-coworking\/\">espace de coworking<\/a> situ\u00e9 \u00e0 proximit\u00e9 d&rsquo;un quartier-gare tels que la Gare de l&rsquo;Est permet de plus aux travailleurs de b\u00e9n\u00e9ficier de la proximit\u00e9 de galeries marchandes, restaurants et h\u00f4tels sources de trafic important.<\/p>\n<p>Quels que soient les op\u00e9rateurs, les espaces de coworking disponibles dans le secteur de Gare de l&rsquo;Est sont syst\u00e9matiquement pens\u00e9s en fonction du bien-\u00eatre des t\u00e9l\u00e9travailleurs et nomades digitaux : mobilier ergonomique, am\u00e9nagements modulables, designs modernes sont autant d&rsquo;\u00e9l\u00e9ments auxquels les utilisateurs sont en droit de s&rsquo;attendre. Louer un bureau ou un espace de coworking sur le territoire de la Gare de l&rsquo;Est donne la possibilit\u00e9 aux entrepreneurs de b\u00e9n\u00e9ficier de formules adapt\u00e9es \u00e0 leurs besoins dans un cadre favorisant la rencontre entre professionnels issus de r\u00e9gions diff\u00e9rentes.<\/p>\n<p>La location de bureaux en coworking \u00e0 proximit\u00e9 de Gare de l&rsquo;Est donne \u00e9galement l&rsquo;opportunit\u00e9 aux entreprises de s&rsquo;ins\u00e9rer au c\u0153ur d&rsquo;un p\u00f4le d&rsquo;\u00e9change multimodal accessible via le m\u00e9tro, le r\u00e9seau de bus RATP et le noctilien. En outre, la Gare de l&rsquo;Est assure des liaisons internationales vers l&rsquo;Italie, le Royaume-Uni, le Luxembourg ou encore la Suisse. Une visibilit\u00e9 et une accessibilit\u00e9 \u00e0 m\u00eame de contribuer au succ\u00e8s des coworkers install\u00e9s dans ce secteur phare de Paris<\/p>\n","protected":false},"excerpt":{"rendered":"<p>\u00a0Des am\u00e9nagements qui dynamisent le territoire P\u00f4le d&rsquo;\u00e9change multimodal accueillant chaque ann\u00e9e plus de 40 millions de visiteurs, le quartier de la Gare de l&rsquo;Est est \u00e9videmment un secteur strat\u00e9gique pour l&rsquo;achat ou la location de bureaux. \u00a0Au c\u0153ur du 10\u00e8me arrondissement et au nord-est de Paris, la gare de l\u2019Est forme d\u00e9j\u00e0 un territoire [&hellip;]<\/p>\n","protected":false},"author":4,"featured_media":2364,"comment_status":"closed","ping_status":"closed","sticky":false,"template":"","format":"standard","meta":{"footnotes":""},"categories":[9],"tags":[15],"class_list":["post-2362","post","type-post","status-publish","format-standard","has-post-thumbnail","hentry","category-coworking","tag-coworking","entry","has-media"],"yoast_head":"<!-- This site is optimized with the Yoast SEO plugin v19.13 - https:\/\/yoast.com\/wordpress\/plugins\/seo\/ -->\n<title>Coworking et location de bureaux : pourquoi choisir la Gare de l&#039;est<\/title>\n<meta name=\"description\" content=\"La Gare de l\u2019Est : l\u2019attractivit\u00e9 se d\u00e9cuple aupr\u00e8s des entreprises en qu\u00eate de surfaces de coworking ou de bureaux \u00e0 louer\" \/>\n<meta name=\"robots\" content=\"index, follow, max-snippet:-1, max-image-preview:large, max-video-preview:-1\" \/>\n<link rel=\"canonical\" href=\"https:\/\/www.europropmarket.com\/actualites\/gare-de-lest-un-secteur-ideal-pour-la-location-de-bureau\/\" \/>\n<meta property=\"og:locale\" content=\"fr_FR\" \/>\n<meta property=\"og:type\" content=\"article\" \/>\n<meta property=\"og:title\" content=\"Coworking et location de bureaux : pourquoi choisir la Gare de l&#039;est\" \/>\n<meta property=\"og:description\" content=\"La Gare de l\u2019Est : l\u2019attractivit\u00e9 se d\u00e9cuple aupr\u00e8s des entreprises en qu\u00eate de surfaces de coworking ou de bureaux \u00e0 louer\" \/>\n<meta property=\"og:url\" content=\"https:\/\/www.europropmarket.com\/actualites\/gare-de-lest-un-secteur-ideal-pour-la-location-de-bureau\/\" \/>\n<meta property=\"og:site_name\" content=\"Europropmarket\" \/>\n<meta property=\"article:published_time\" content=\"2023-04-27T13:15:14+00:00\" \/>\n<meta property=\"og:image\" content=\"https:\/\/www.europropmarket.com\/actualites\/wp-content\/uploads\/2023\/04\/7b85fc59-lm-159600-155efe41d6b.jpg\" \/>\n\t<meta property=\"og:image:width\" content=\"1080\" \/>\n\t<meta property=\"og:image:height\" content=\"380\" \/>\n\t<meta property=\"og:image:type\" content=\"image\/jpeg\" \/>\n<meta name=\"author\" content=\"St\u00e9phane BONTOUX\" \/>\n<meta name=\"twitter:card\" content=\"summary_large_image\" \/>\n<meta name=\"twitter:label1\" content=\"\u00c9crit par\" \/>\n\t<meta name=\"twitter:data1\" content=\"St\u00e9phane BONTOUX\" \/>\n\t<meta name=\"twitter:label2\" content=\"Dur\u00e9e de lecture estim\u00e9e\" \/>\n\t<meta name=\"twitter:data2\" content=\"3 minutes\" \/>\n<script type=\"application\/ld+json\" class=\"yoast-schema-graph\">{\"@context\":\"https:\/\/schema.org\",\"@graph\":[{\"@type\":\"Article\",\"@id\":\"https:\/\/www.europropmarket.com\/actualites\/gare-de-lest-un-secteur-ideal-pour-la-location-de-bureau\/#article\",\"isPartOf\":{\"@id\":\"https:\/\/www.europropmarket.com\/actualites\/gare-de-lest-un-secteur-ideal-pour-la-location-de-bureau\/\"},\"author\":{\"name\":\"St\u00e9phane BONTOUX\",\"@id\":\"https:\/\/www.europropmarket.com\/actualites\/#\/schema\/person\/97027d62243b84ca18df0089bcbb10a8\"},\"headline\":\"Gare de l&rsquo;Est, un secteur id\u00e9al pour la location de bureau\",\"datePublished\":\"2023-04-27T13:15:14+00:00\",\"dateModified\":\"2023-04-27T13:15:14+00:00\",\"mainEntityOfPage\":{\"@id\":\"https:\/\/www.europropmarket.com\/actualites\/gare-de-lest-un-secteur-ideal-pour-la-location-de-bureau\/\"},\"wordCount\":568,\"publisher\":{\"@id\":\"https:\/\/www.europropmarket.com\/actualites\/#organization\"},\"keywords\":[\"coworking\"],\"articleSection\":[\"Coworking\"],\"inLanguage\":\"fr-FR\"},{\"@type\":\"WebPage\",\"@id\":\"https:\/\/www.europropmarket.com\/actualites\/gare-de-lest-un-secteur-ideal-pour-la-location-de-bureau\/\",\"url\":\"https:\/\/www.europropmarket.com\/actualites\/gare-de-lest-un-secteur-ideal-pour-la-location-de-bureau\/\",\"name\":\"Coworking et location de bureaux : pourquoi choisir la Gare de l'est\",\"isPartOf\":{\"@id\":\"https:\/\/www.europropmarket.com\/actualites\/#website\"},\"datePublished\":\"2023-04-27T13:15:14+00:00\",\"dateModified\":\"2023-04-27T13:15:14+00:00\",\"description\":\"La Gare de l\u2019Est : l\u2019attractivit\u00e9 se d\u00e9cuple aupr\u00e8s des entreprises en qu\u00eate de surfaces de coworking ou de bureaux \u00e0 louer\",\"breadcrumb\":{\"@id\":\"https:\/\/www.europropmarket.com\/actualites\/gare-de-lest-un-secteur-ideal-pour-la-location-de-bureau\/#breadcrumb\"},\"inLanguage\":\"fr-FR\",\"potentialAction\":[{\"@type\":\"ReadAction\",\"target\":[\"https:\/\/www.europropmarket.com\/actualites\/gare-de-lest-un-secteur-ideal-pour-la-location-de-bureau\/\"]}]},{\"@type\":\"BreadcrumbList\",\"@id\":\"https:\/\/www.europropmarket.com\/actualites\/gare-de-lest-un-secteur-ideal-pour-la-location-de-bureau\/#breadcrumb\",\"itemListElement\":[{\"@type\":\"ListItem\",\"position\":1,\"name\":\"Accueil\",\"item\":\"https:\/\/www.europropmarket.com\/actualites\/\"},{\"@type\":\"ListItem\",\"position\":2,\"name\":\"Gare de l&rsquo;Est, un secteur id\u00e9al pour la location de bureau\"}]},{\"@type\":\"WebSite\",\"@id\":\"https:\/\/www.europropmarket.com\/actualites\/#website\",\"url\":\"https:\/\/www.europropmarket.com\/actualites\/\",\"name\":\"Europropmarket\",\"description\":\"\",\"publisher\":{\"@id\":\"https:\/\/www.europropmarket.com\/actualites\/#organization\"},\"potentialAction\":[{\"@type\":\"SearchAction\",\"target\":{\"@type\":\"EntryPoint\",\"urlTemplate\":\"https:\/\/www.europropmarket.com\/actualites\/?s={search_term_string}\"},\"query-input\":\"required name=search_term_string\"}],\"inLanguage\":\"fr-FR\"},{\"@type\":\"Organization\",\"@id\":\"https:\/\/www.europropmarket.com\/actualites\/#organization\",\"name\":\"Europropmarket\",\"url\":\"https:\/\/www.europropmarket.com\/actualites\/\",\"logo\":{\"@type\":\"ImageObject\",\"inLanguage\":\"fr-FR\",\"@id\":\"https:\/\/www.europropmarket.com\/actualites\/#\/schema\/logo\/image\/\",\"url\":\"https:\/\/www.europropmarket.com\/actualites\/wp-content\/uploads\/2021\/04\/logo.png\",\"contentUrl\":\"https:\/\/www.europropmarket.com\/actualites\/wp-content\/uploads\/2021\/04\/logo.png\",\"width\":204,\"height\":25,\"caption\":\"Europropmarket\"},\"image\":{\"@id\":\"https:\/\/www.europropmarket.com\/actualites\/#\/schema\/logo\/image\/\"}},{\"@type\":\"Person\",\"@id\":\"https:\/\/www.europropmarket.com\/actualites\/#\/schema\/person\/97027d62243b84ca18df0089bcbb10a8\",\"name\":\"St\u00e9phane BONTOUX\",\"image\":{\"@type\":\"ImageObject\",\"inLanguage\":\"fr-FR\",\"@id\":\"https:\/\/www.europropmarket.com\/actualites\/#\/schema\/person\/image\/\",\"url\":\"https:\/\/secure.gravatar.com\/avatar\/2e2408bccbefc28eb75eb64f0a5e748f653dd966b192e28b810a33dba3220ec5?s=96&d=mm&r=g\",\"contentUrl\":\"https:\/\/secure.gravatar.com\/avatar\/2e2408bccbefc28eb75eb64f0a5e748f653dd966b192e28b810a33dba3220ec5?s=96&d=mm&r=g\",\"caption\":\"St\u00e9phane BONTOUX\"},\"url\":\"https:\/\/www.europropmarket.com\/actualites\/author\/sbontoux\/\"}]}<\/script>\n<!-- \/ Yoast SEO plugin. -->","yoast_head_json":{"title":"Coworking et location de bureaux : pourquoi choisir la Gare de l'est","description":"La Gare de l\u2019Est : l\u2019attractivit\u00e9 se d\u00e9cuple aupr\u00e8s des entreprises en qu\u00eate de surfaces de coworking ou de bureaux \u00e0 louer","robots":{"index":"index","follow":"follow","max-snippet":"max-snippet:-1","max-image-preview":"max-image-preview:large","max-video-preview":"max-video-preview:-1"},"canonical":"https:\/\/www.europropmarket.com\/actualites\/gare-de-lest-un-secteur-ideal-pour-la-location-de-bureau\/","og_locale":"fr_FR","og_type":"article","og_title":"Coworking et location de bureaux : pourquoi choisir la Gare de l'est","og_description":"La Gare de l\u2019Est : l\u2019attractivit\u00e9 se d\u00e9cuple aupr\u00e8s des entreprises en qu\u00eate de surfaces de coworking ou de bureaux \u00e0 louer","og_url":"https:\/\/www.europropmarket.com\/actualites\/gare-de-lest-un-secteur-ideal-pour-la-location-de-bureau\/","og_site_name":"Europropmarket","article_published_time":"2023-04-27T13:15:14+00:00","og_image":[{"width":1080,"height":380,"url":"https:\/\/www.europropmarket.com\/actualites\/wp-content\/uploads\/2023\/04\/7b85fc59-lm-159600-155efe41d6b.jpg","type":"image\/jpeg"}],"author":"St\u00e9phane BONTOUX","twitter_card":"summary_large_image","twitter_misc":{"\u00c9crit par":"St\u00e9phane BONTOUX","Dur\u00e9e de lecture estim\u00e9e":"3 minutes"},"schema":{"@context":"https:\/\/schema.org","@graph":[{"@type":"Article","@id":"https:\/\/www.europropmarket.com\/actualites\/gare-de-lest-un-secteur-ideal-pour-la-location-de-bureau\/#article","isPartOf":{"@id":"https:\/\/www.europropmarket.com\/actualites\/gare-de-lest-un-secteur-ideal-pour-la-location-de-bureau\/"},"author":{"name":"St\u00e9phane BONTOUX","@id":"https:\/\/www.europropmarket.com\/actualites\/#\/schema\/person\/97027d62243b84ca18df0089bcbb10a8"},"headline":"Gare de l&rsquo;Est, un secteur id\u00e9al pour la location de bureau","datePublished":"2023-04-27T13:15:14+00:00","dateModified":"2023-04-27T13:15:14+00:00","mainEntityOfPage":{"@id":"https:\/\/www.europropmarket.com\/actualites\/gare-de-lest-un-secteur-ideal-pour-la-location-de-bureau\/"},"wordCount":568,"publisher":{"@id":"https:\/\/www.europropmarket.com\/actualites\/#organization"},"keywords":["coworking"],"articleSection":["Coworking"],"inLanguage":"fr-FR"},{"@type":"WebPage","@id":"https:\/\/www.europropmarket.com\/actualites\/gare-de-lest-un-secteur-ideal-pour-la-location-de-bureau\/","url":"https:\/\/www.europropmarket.com\/actualites\/gare-de-lest-un-secteur-ideal-pour-la-location-de-bureau\/","name":"Coworking et location de bureaux : pourquoi choisir la Gare de l'est","isPartOf":{"@id":"https:\/\/www.europropmarket.com\/actualites\/#website"},"datePublished":"2023-04-27T13:15:14+00:00","dateModified":"2023-04-27T13:15:14+00:00","description":"La Gare de l\u2019Est : l\u2019attractivit\u00e9 se d\u00e9cuple aupr\u00e8s des entreprises en qu\u00eate de surfaces de coworking ou de bureaux \u00e0 louer","breadcrumb":{"@id":"https:\/\/www.europropmarket.com\/actualites\/gare-de-lest-un-secteur-ideal-pour-la-location-de-bureau\/#breadcrumb"},"inLanguage":"fr-FR","potentialAction":[{"@type":"ReadAction","target":["https:\/\/www.europropmarket.com\/actualites\/gare-de-lest-un-secteur-ideal-pour-la-location-de-bureau\/"]}]},{"@type":"BreadcrumbList","@id":"https:\/\/www.europropmarket.com\/actualites\/gare-de-lest-un-secteur-ideal-pour-la-location-de-bureau\/#breadcrumb","itemListElement":[{"@type":"ListItem","position":1,"name":"Accueil","item":"https:\/\/www.europropmarket.com\/actualites\/"},{"@type":"ListItem","position":2,"name":"Gare de l&rsquo;Est, un secteur id\u00e9al pour la location de bureau"}]},{"@type":"WebSite","@id":"https:\/\/www.europropmarket.com\/actualites\/#website","url":"https:\/\/www.europropmarket.com\/actualites\/","name":"Europropmarket","description":"","publisher":{"@id":"https:\/\/www.europropmarket.com\/actualites\/#organization"},"potentialAction":[{"@type":"SearchAction","target":{"@type":"EntryPoint","urlTemplate":"https:\/\/www.europropmarket.com\/actualites\/?s={search_term_string}"},"query-input":"required name=search_term_string"}],"inLanguage":"fr-FR"},{"@type":"Organization","@id":"https:\/\/www.europropmarket.com\/actualites\/#organization","name":"Europropmarket","url":"https:\/\/www.europropmarket.com\/actualites\/","logo":{"@type":"ImageObject","inLanguage":"fr-FR","@id":"https:\/\/www.europropmarket.com\/actualites\/#\/schema\/logo\/image\/","url":"https:\/\/www.europropmarket.com\/actualites\/wp-content\/uploads\/2021\/04\/logo.png","contentUrl":"https:\/\/www.europropmarket.com\/actualites\/wp-content\/uploads\/2021\/04\/logo.png","width":204,"height":25,"caption":"Europropmarket"},"image":{"@id":"https:\/\/www.europropmarket.com\/actualites\/#\/schema\/logo\/image\/"}},{"@type":"Person","@id":"https:\/\/www.europropmarket.com\/actualites\/#\/schema\/person\/97027d62243b84ca18df0089bcbb10a8","name":"St\u00e9phane BONTOUX","image":{"@type":"ImageObject","inLanguage":"fr-FR","@id":"https:\/\/www.europropmarket.com\/actualites\/#\/schema\/person\/image\/","url":"https:\/\/secure.gravatar.com\/avatar\/2e2408bccbefc28eb75eb64f0a5e748f653dd966b192e28b810a33dba3220ec5?s=96&d=mm&r=g","contentUrl":"https:\/\/secure.gravatar.com\/avatar\/2e2408bccbefc28eb75eb64f0a5e748f653dd966b192e28b810a33dba3220ec5?s=96&d=mm&r=g","caption":"St\u00e9phane BONTOUX"},"url":"https:\/\/www.europropmarket.com\/actualites\/author\/sbontoux\/"}]}},"_links":{"self":[{"href":"https:\/\/www.europropmarket.com\/actualites\/wp-json\/wp\/v2\/posts\/2362","targetHints":{"allow":["GET"]}}],"collection":[{"href":"https:\/\/www.europropmarket.com\/actualites\/wp-json\/wp\/v2\/posts"}],"about":[{"href":"https:\/\/www.europropmarket.com\/actualites\/wp-json\/wp\/v2\/types\/post"}],"author":[{"embeddable":true,"href":"https:\/\/www.europropmarket.com\/actualites\/wp-json\/wp\/v2\/users\/4"}],"replies":[{"embeddable":true,"href":"https:\/\/www.europropmarket.com\/actualites\/wp-json\/wp\/v2\/comments?post=2362"}],"version-history":[{"count":1,"href":"https:\/\/www.europropmarket.com\/actualites\/wp-json\/wp\/v2\/posts\/2362\/revisions"}],"predecessor-version":[{"id":2363,"href":"https:\/\/www.europropmarket.com\/actualites\/wp-json\/wp\/v2\/posts\/2362\/revisions\/2363"}],"wp:featuredmedia":[{"embeddable":true,"href":"https:\/\/www.europropmarket.com\/actualites\/wp-json\/wp\/v2\/media\/2364"}],"wp:attachment":[{"href":"https:\/\/www.europropmarket.com\/actualites\/wp-json\/wp\/v2\/media?parent=2362"}],"wp:term":[{"taxonomy":"category","embeddable":true,"href":"https:\/\/www.europropmarket.com\/actualites\/wp-json\/wp\/v2\/categories?post=2362"},{"taxonomy":"post_tag","embeddable":true,"href":"https:\/\/www.europropmarket.com\/actualites\/wp-json\/wp\/v2\/tags?post=2362"}],"curies":[{"name":"wp","href":"https:\/\/api.w.org\/{rel}","templated":true}]}}