{"id":243,"date":"2020-02-25T11:00:50","date_gmt":"2020-02-25T10:00:50","guid":{"rendered":"https:\/\/www.europropmarket.com\/actualites\/?p=243"},"modified":"2022-07-07T18:42:58","modified_gmt":"2022-07-07T16:42:58","slug":"le-developpement-du-quartier-d-affaires-archipel","status":"publish","type":"post","link":"https:\/\/www.europropmarket.com\/actualites\/le-developpement-du-quartier-d-affaires-archipel\/","title":{"rendered":"Le d\u00e9veloppement du quartier d&rsquo;affaires Archipel"},"content":{"rendered":"<p>Situ\u00e9 \u00e0 proximit\u00e9 des institutions europ\u00e9ennes, Archipel constitue un nouveau territoire strat\u00e9gique pour le d\u00e9veloppement de l&rsquo;agglom\u00e9ration strasbourgeoise et l&rsquo;implantation de nouvelles entreprises. Sur une superficie de 4 ha, la r\u00e9alisation de <a title=\"Louer Bureaux 67000 Strasbourg\" href=\"https:\/\/www.europropmarket.com\/bureau\/location\/67000-strasbourg\/\">ce quartier d&rsquo;affaires<\/a> entam\u00e9e en 2016 associe la pr\u00e9sence d&rsquo;activit\u00e9s tertiaires tourn\u00e9es vers l&rsquo;international aux surfaces commerciales et immeubles de logement. Les Organisation Intergouvernementales Europ\u00e9ennes sont \u00e9galement concern\u00e9es par le quartier Archipel qui englobe au total :<\/p>\n<ul>\n<li>45 000 m\u00b2 de bureaux standing destin\u00e9s au tertiaire sup\u00e9rieur<\/li>\n<li>30 000 m\u00b2 pour les institutions europ\u00e9ennes<\/li>\n<li>18 000 m\u00b2 pour l&rsquo;habitat soit 250 logements<\/li>\n<li>2 000 m\u00b2 pour des commerces et services de proximit\u00e9<\/li>\n<li>10 000 m\u00b2 pour des \u00e9quipements h\u00f4teliers<\/li>\n<li>des parkings souterrains de 780 places priv\u00e9es et 230 places publiques<\/li>\n<\/ul>\n<p>Le <a title=\"Acheter Bureaux 67000 Strasbourg\" href=\"https:\/\/www.europropmarket.com\/bureau\/vente\/67000-strasbourg\/\">quartier d&rsquo;affaires<\/a> h\u00e9berge notamment les si\u00e8ges du Cr\u00e9dit Mutuel et d&rsquo;Adidas au sein de deux immeubles de bureaux, l&rsquo;un comprenant huit niveaux (pour une surface de 4855 m\u00b2) et l&rsquo;autre 13 (18 493 m\u00b2 de surface). La livraison de plusieurs autres lots est attendue pour 2020, impliquant des b\u00e2timents \u00e0 vocation mixte associant bureaux et logements &#8211; Immeubles \u00ab\u00a0Vision\u00a0\u00bb et \u00ab\u00a0Online\u00a0\u00bb, ce dernier offrant \u00e9galement 665m\u00b2 de surfaces commerciales &#8211; ainsi que des h\u00f4tels &#8211; le lot \u00ab\u00a0terre d&rsquo;\u00e9mergence\u00a0\u00bb pr\u00e9vu pour d\u00e9cembre 2020, qui accueillera le si\u00e8ge de la soci\u00e9t\u00e9 Puma.<br \/>\nLe gros \u0153uvre de la r\u00e9sidence K-West \u00e0 c\u00f4t\u00e9 du Parlement europ\u00e9en s&rsquo;est achev\u00e9 en 2019, marquant ainsi la seconde phase op\u00e9rationnelle \u00ab Archipel 2 \u00bb ; sur une surface au sol de 100 000 m\u00b2, le socle de la r\u00e9sidence K-West portera deux espaces : un plot de cinq \u00e9tages \u00e0 l&rsquo;ouest et un autre de 15 niveaux \u00e0 l&rsquo;est. Les deux tours s&rsquo;inscrivent dans la logique de mixit\u00e9 fonctionnelle du quartier archipel, en abritant 67 logements, 7000 m\u00b2 de bureaux et 760 m\u00b2 de commerces. Les premi\u00e8res livraisons sont attendues pour la fin du premier semestre 2020.<\/p>\n<p>Troisi\u00e8me place bancaire de France, la ville de Strasbourg souhaite renforcer \u00e0 travers le d\u00e9veloppement d&rsquo;Archipel une attractivit\u00e9 nationale et internationale d\u00e9j\u00e0 solide, notamment dans le secteur tertiaire. Accessible depuis la gare TGV gr\u00e2ce au tramway, le quartier d&rsquo;affaires se trouve d\u00e9sormais \u00e0 moins de deux heures de Paris. Une accessibilit\u00e9 qui, combin\u00e9e au vaste projet d&rsquo;am\u00e9nagement Archipel, confirmeront sans aucun doute le statut international de l&rsquo;euro m\u00e9tropole strasbourgeoise.<\/p>\n","protected":false},"excerpt":{"rendered":"<p>Situ\u00e9 \u00e0 proximit\u00e9 des institutions europ\u00e9ennes, Archipel constitue un nouveau territoire strat\u00e9gique pour le d\u00e9veloppement de l&rsquo;agglom\u00e9ration strasbourgeoise et l&rsquo;implantation de nouvelles entreprises. Sur une superficie de 4 ha, la r\u00e9alisation de ce quartier d&rsquo;affaires entam\u00e9e en 2016 associe la pr\u00e9sence d&rsquo;activit\u00e9s tertiaires tourn\u00e9es vers l&rsquo;international aux surfaces commerciales et immeubles de logement. Les Organisation [&hellip;]<\/p>\n","protected":false},"author":2,"featured_media":244,"comment_status":"closed","ping_status":"closed","sticky":false,"template":"","format":"standard","meta":{"footnotes":""},"categories":[5,9],"tags":[74,113,112,120],"class_list":["post-243","post","type-post","status-publish","format-standard","has-post-thumbnail","hentry","category-bureaux","category-coworking","tag-bureaux-strasbourg","tag-coworking-strasbourg","tag-immobilier-strasbourg","tag-strasbourg","entry","has-media"],"yoast_head":"<!-- This site is optimized with the Yoast SEO plugin v19.13 - https:\/\/yoast.com\/wordpress\/plugins\/seo\/ -->\n<title>Archipel : le quartier d&#039;affaires international de Strasbourg<\/title>\n<meta name=\"description\" content=\"Le projet de restructuration du quartier du Wacken confirme la vocation internationale du quartier d&#039;affaires \u00ab Archipel \u00bb \u00e0 Strasbourg.\" \/>\n<meta name=\"robots\" content=\"index, follow, max-snippet:-1, max-image-preview:large, max-video-preview:-1\" \/>\n<link rel=\"canonical\" href=\"https:\/\/www.europropmarket.com\/actualites\/le-developpement-du-quartier-d-affaires-archipel\/\" \/>\n<meta property=\"og:locale\" content=\"fr_FR\" \/>\n<meta property=\"og:type\" content=\"article\" \/>\n<meta property=\"og:title\" content=\"Archipel : le quartier d&#039;affaires international de Strasbourg\" \/>\n<meta property=\"og:description\" content=\"Le projet de restructuration du quartier du Wacken confirme la vocation internationale du quartier d&#039;affaires \u00ab Archipel \u00bb \u00e0 Strasbourg.\" \/>\n<meta property=\"og:url\" content=\"https:\/\/www.europropmarket.com\/actualites\/le-developpement-du-quartier-d-affaires-archipel\/\" \/>\n<meta property=\"og:site_name\" content=\"Europropmarket\" \/>\n<meta property=\"article:published_time\" content=\"2020-02-25T10:00:50+00:00\" \/>\n<meta property=\"article:modified_time\" content=\"2022-07-07T16:42:58+00:00\" \/>\n<meta property=\"og:image\" content=\"https:\/\/www.europropmarket.com\/actualites\/wp-content\/uploads\/2021\/05\/le-developpement-du-quartier-d-affaires-archipel-2.jpg\" \/>\n\t<meta property=\"og:image:width\" content=\"980\" \/>\n\t<meta property=\"og:image:height\" content=\"382\" \/>\n\t<meta property=\"og:image:type\" content=\"image\/jpeg\" \/>\n<meta name=\"author\" content=\"gcornali\" \/>\n<meta name=\"twitter:card\" content=\"summary_large_image\" \/>\n<meta name=\"twitter:label1\" content=\"\u00c9crit par\" \/>\n\t<meta name=\"twitter:data1\" content=\"gcornali\" \/>\n\t<meta name=\"twitter:label2\" content=\"Dur\u00e9e de lecture estim\u00e9e\" \/>\n\t<meta name=\"twitter:data2\" content=\"2 minutes\" \/>\n<script type=\"application\/ld+json\" class=\"yoast-schema-graph\">{\"@context\":\"https:\/\/schema.org\",\"@graph\":[{\"@type\":\"Article\",\"@id\":\"https:\/\/www.europropmarket.com\/actualites\/le-developpement-du-quartier-d-affaires-archipel\/#article\",\"isPartOf\":{\"@id\":\"https:\/\/www.europropmarket.com\/actualites\/le-developpement-du-quartier-d-affaires-archipel\/\"},\"author\":{\"name\":\"gcornali\",\"@id\":\"https:\/\/www.europropmarket.com\/actualites\/#\/schema\/person\/a1a2fc7052204bfc3d820384b1488e01\"},\"headline\":\"Le d\u00e9veloppement du quartier d&rsquo;affaires Archipel\",\"datePublished\":\"2020-02-25T10:00:50+00:00\",\"dateModified\":\"2022-07-07T16:42:58+00:00\",\"mainEntityOfPage\":{\"@id\":\"https:\/\/www.europropmarket.com\/actualites\/le-developpement-du-quartier-d-affaires-archipel\/\"},\"wordCount\":387,\"publisher\":{\"@id\":\"https:\/\/www.europropmarket.com\/actualites\/#organization\"},\"keywords\":[\"Bureaux Strasbourg\",\"Coworking Strasbourg\",\"immobilier Strasbourg\",\"Strasbourg\"],\"articleSection\":[\"Bureaux\",\"Coworking\"],\"inLanguage\":\"fr-FR\"},{\"@type\":\"WebPage\",\"@id\":\"https:\/\/www.europropmarket.com\/actualites\/le-developpement-du-quartier-d-affaires-archipel\/\",\"url\":\"https:\/\/www.europropmarket.com\/actualites\/le-developpement-du-quartier-d-affaires-archipel\/\",\"name\":\"Archipel : le quartier d'affaires international de Strasbourg\",\"isPartOf\":{\"@id\":\"https:\/\/www.europropmarket.com\/actualites\/#website\"},\"datePublished\":\"2020-02-25T10:00:50+00:00\",\"dateModified\":\"2022-07-07T16:42:58+00:00\",\"description\":\"Le projet de restructuration du quartier du Wacken confirme la vocation internationale du quartier d'affaires \u00ab Archipel \u00bb \u00e0 Strasbourg.\",\"breadcrumb\":{\"@id\":\"https:\/\/www.europropmarket.com\/actualites\/le-developpement-du-quartier-d-affaires-archipel\/#breadcrumb\"},\"inLanguage\":\"fr-FR\",\"potentialAction\":[{\"@type\":\"ReadAction\",\"target\":[\"https:\/\/www.europropmarket.com\/actualites\/le-developpement-du-quartier-d-affaires-archipel\/\"]}]},{\"@type\":\"BreadcrumbList\",\"@id\":\"https:\/\/www.europropmarket.com\/actualites\/le-developpement-du-quartier-d-affaires-archipel\/#breadcrumb\",\"itemListElement\":[{\"@type\":\"ListItem\",\"position\":1,\"name\":\"Accueil\",\"item\":\"https:\/\/www.europropmarket.com\/actualites\/\"},{\"@type\":\"ListItem\",\"position\":2,\"name\":\"Le d\u00e9veloppement du quartier d&rsquo;affaires Archipel\"}]},{\"@type\":\"WebSite\",\"@id\":\"https:\/\/www.europropmarket.com\/actualites\/#website\",\"url\":\"https:\/\/www.europropmarket.com\/actualites\/\",\"name\":\"Europropmarket\",\"description\":\"\",\"publisher\":{\"@id\":\"https:\/\/www.europropmarket.com\/actualites\/#organization\"},\"potentialAction\":[{\"@type\":\"SearchAction\",\"target\":{\"@type\":\"EntryPoint\",\"urlTemplate\":\"https:\/\/www.europropmarket.com\/actualites\/?s={search_term_string}\"},\"query-input\":\"required name=search_term_string\"}],\"inLanguage\":\"fr-FR\"},{\"@type\":\"Organization\",\"@id\":\"https:\/\/www.europropmarket.com\/actualites\/#organization\",\"name\":\"Europropmarket\",\"url\":\"https:\/\/www.europropmarket.com\/actualites\/\",\"logo\":{\"@type\":\"ImageObject\",\"inLanguage\":\"fr-FR\",\"@id\":\"https:\/\/www.europropmarket.com\/actualites\/#\/schema\/logo\/image\/\",\"url\":\"https:\/\/www.europropmarket.com\/actualites\/wp-content\/uploads\/2021\/04\/logo.png\",\"contentUrl\":\"https:\/\/www.europropmarket.com\/actualites\/wp-content\/uploads\/2021\/04\/logo.png\",\"width\":204,\"height\":25,\"caption\":\"Europropmarket\"},\"image\":{\"@id\":\"https:\/\/www.europropmarket.com\/actualites\/#\/schema\/logo\/image\/\"}},{\"@type\":\"Person\",\"@id\":\"https:\/\/www.europropmarket.com\/actualites\/#\/schema\/person\/a1a2fc7052204bfc3d820384b1488e01\",\"name\":\"gcornali\",\"image\":{\"@type\":\"ImageObject\",\"inLanguage\":\"fr-FR\",\"@id\":\"https:\/\/www.europropmarket.com\/actualites\/#\/schema\/person\/image\/\",\"url\":\"https:\/\/secure.gravatar.com\/avatar\/be9194214014a77e1a18b6a6580c528cf8fd1bf7cf4c7cffe92d34221f5088a8?s=96&d=mm&r=g\",\"contentUrl\":\"https:\/\/secure.gravatar.com\/avatar\/be9194214014a77e1a18b6a6580c528cf8fd1bf7cf4c7cffe92d34221f5088a8?s=96&d=mm&r=g\",\"caption\":\"gcornali\"},\"sameAs\":[\"https:\/\/www.europropmarket.com\/actualites\"],\"url\":\"https:\/\/www.europropmarket.com\/actualites\/author\/gcornali\/\"}]}<\/script>\n<!-- \/ Yoast SEO plugin. -->","yoast_head_json":{"title":"Archipel : le quartier d'affaires international de Strasbourg","description":"Le projet de restructuration du quartier du Wacken confirme la vocation internationale du quartier d'affaires \u00ab Archipel \u00bb \u00e0 Strasbourg.","robots":{"index":"index","follow":"follow","max-snippet":"max-snippet:-1","max-image-preview":"max-image-preview:large","max-video-preview":"max-video-preview:-1"},"canonical":"https:\/\/www.europropmarket.com\/actualites\/le-developpement-du-quartier-d-affaires-archipel\/","og_locale":"fr_FR","og_type":"article","og_title":"Archipel : le quartier d'affaires international de Strasbourg","og_description":"Le projet de restructuration du quartier du Wacken confirme la vocation internationale du quartier d'affaires \u00ab Archipel \u00bb \u00e0 Strasbourg.","og_url":"https:\/\/www.europropmarket.com\/actualites\/le-developpement-du-quartier-d-affaires-archipel\/","og_site_name":"Europropmarket","article_published_time":"2020-02-25T10:00:50+00:00","article_modified_time":"2022-07-07T16:42:58+00:00","og_image":[{"width":980,"height":382,"url":"https:\/\/www.europropmarket.com\/actualites\/wp-content\/uploads\/2021\/05\/le-developpement-du-quartier-d-affaires-archipel-2.jpg","type":"image\/jpeg"}],"author":"gcornali","twitter_card":"summary_large_image","twitter_misc":{"\u00c9crit par":"gcornali","Dur\u00e9e de lecture estim\u00e9e":"2 minutes"},"schema":{"@context":"https:\/\/schema.org","@graph":[{"@type":"Article","@id":"https:\/\/www.europropmarket.com\/actualites\/le-developpement-du-quartier-d-affaires-archipel\/#article","isPartOf":{"@id":"https:\/\/www.europropmarket.com\/actualites\/le-developpement-du-quartier-d-affaires-archipel\/"},"author":{"name":"gcornali","@id":"https:\/\/www.europropmarket.com\/actualites\/#\/schema\/person\/a1a2fc7052204bfc3d820384b1488e01"},"headline":"Le d\u00e9veloppement du quartier d&rsquo;affaires Archipel","datePublished":"2020-02-25T10:00:50+00:00","dateModified":"2022-07-07T16:42:58+00:00","mainEntityOfPage":{"@id":"https:\/\/www.europropmarket.com\/actualites\/le-developpement-du-quartier-d-affaires-archipel\/"},"wordCount":387,"publisher":{"@id":"https:\/\/www.europropmarket.com\/actualites\/#organization"},"keywords":["Bureaux Strasbourg","Coworking Strasbourg","immobilier Strasbourg","Strasbourg"],"articleSection":["Bureaux","Coworking"],"inLanguage":"fr-FR"},{"@type":"WebPage","@id":"https:\/\/www.europropmarket.com\/actualites\/le-developpement-du-quartier-d-affaires-archipel\/","url":"https:\/\/www.europropmarket.com\/actualites\/le-developpement-du-quartier-d-affaires-archipel\/","name":"Archipel : le quartier d'affaires international de Strasbourg","isPartOf":{"@id":"https:\/\/www.europropmarket.com\/actualites\/#website"},"datePublished":"2020-02-25T10:00:50+00:00","dateModified":"2022-07-07T16:42:58+00:00","description":"Le projet de restructuration du quartier du Wacken confirme la vocation internationale du quartier d'affaires \u00ab Archipel \u00bb \u00e0 Strasbourg.","breadcrumb":{"@id":"https:\/\/www.europropmarket.com\/actualites\/le-developpement-du-quartier-d-affaires-archipel\/#breadcrumb"},"inLanguage":"fr-FR","potentialAction":[{"@type":"ReadAction","target":["https:\/\/www.europropmarket.com\/actualites\/le-developpement-du-quartier-d-affaires-archipel\/"]}]},{"@type":"BreadcrumbList","@id":"https:\/\/www.europropmarket.com\/actualites\/le-developpement-du-quartier-d-affaires-archipel\/#breadcrumb","itemListElement":[{"@type":"ListItem","position":1,"name":"Accueil","item":"https:\/\/www.europropmarket.com\/actualites\/"},{"@type":"ListItem","position":2,"name":"Le d\u00e9veloppement du quartier d&rsquo;affaires Archipel"}]},{"@type":"WebSite","@id":"https:\/\/www.europropmarket.com\/actualites\/#website","url":"https:\/\/www.europropmarket.com\/actualites\/","name":"Europropmarket","description":"","publisher":{"@id":"https:\/\/www.europropmarket.com\/actualites\/#organization"},"potentialAction":[{"@type":"SearchAction","target":{"@type":"EntryPoint","urlTemplate":"https:\/\/www.europropmarket.com\/actualites\/?s={search_term_string}"},"query-input":"required name=search_term_string"}],"inLanguage":"fr-FR"},{"@type":"Organization","@id":"https:\/\/www.europropmarket.com\/actualites\/#organization","name":"Europropmarket","url":"https:\/\/www.europropmarket.com\/actualites\/","logo":{"@type":"ImageObject","inLanguage":"fr-FR","@id":"https:\/\/www.europropmarket.com\/actualites\/#\/schema\/logo\/image\/","url":"https:\/\/www.europropmarket.com\/actualites\/wp-content\/uploads\/2021\/04\/logo.png","contentUrl":"https:\/\/www.europropmarket.com\/actualites\/wp-content\/uploads\/2021\/04\/logo.png","width":204,"height":25,"caption":"Europropmarket"},"image":{"@id":"https:\/\/www.europropmarket.com\/actualites\/#\/schema\/logo\/image\/"}},{"@type":"Person","@id":"https:\/\/www.europropmarket.com\/actualites\/#\/schema\/person\/a1a2fc7052204bfc3d820384b1488e01","name":"gcornali","image":{"@type":"ImageObject","inLanguage":"fr-FR","@id":"https:\/\/www.europropmarket.com\/actualites\/#\/schema\/person\/image\/","url":"https:\/\/secure.gravatar.com\/avatar\/be9194214014a77e1a18b6a6580c528cf8fd1bf7cf4c7cffe92d34221f5088a8?s=96&d=mm&r=g","contentUrl":"https:\/\/secure.gravatar.com\/avatar\/be9194214014a77e1a18b6a6580c528cf8fd1bf7cf4c7cffe92d34221f5088a8?s=96&d=mm&r=g","caption":"gcornali"},"sameAs":["https:\/\/www.europropmarket.com\/actualites"],"url":"https:\/\/www.europropmarket.com\/actualites\/author\/gcornali\/"}]}},"_links":{"self":[{"href":"https:\/\/www.europropmarket.com\/actualites\/wp-json\/wp\/v2\/posts\/243","targetHints":{"allow":["GET"]}}],"collection":[{"href":"https:\/\/www.europropmarket.com\/actualites\/wp-json\/wp\/v2\/posts"}],"about":[{"href":"https:\/\/www.europropmarket.com\/actualites\/wp-json\/wp\/v2\/types\/post"}],"author":[{"embeddable":true,"href":"https:\/\/www.europropmarket.com\/actualites\/wp-json\/wp\/v2\/users\/2"}],"replies":[{"embeddable":true,"href":"https:\/\/www.europropmarket.com\/actualites\/wp-json\/wp\/v2\/comments?post=243"}],"version-history":[{"count":1,"href":"https:\/\/www.europropmarket.com\/actualites\/wp-json\/wp\/v2\/posts\/243\/revisions"}],"predecessor-version":[{"id":245,"href":"https:\/\/www.europropmarket.com\/actualites\/wp-json\/wp\/v2\/posts\/243\/revisions\/245"}],"wp:featuredmedia":[{"embeddable":true,"href":"https:\/\/www.europropmarket.com\/actualites\/wp-json\/wp\/v2\/media\/244"}],"wp:attachment":[{"href":"https:\/\/www.europropmarket.com\/actualites\/wp-json\/wp\/v2\/media?parent=243"}],"wp:term":[{"taxonomy":"category","embeddable":true,"href":"https:\/\/www.europropmarket.com\/actualites\/wp-json\/wp\/v2\/categories?post=243"},{"taxonomy":"post_tag","embeddable":true,"href":"https:\/\/www.europropmarket.com\/actualites\/wp-json\/wp\/v2\/tags?post=243"}],"curies":[{"name":"wp","href":"https:\/\/api.w.org\/{rel}","templated":true}]}}