{"id":2433,"date":"2023-07-18T13:29:26","date_gmt":"2023-07-18T11:29:26","guid":{"rendered":"https:\/\/www.europropmarket.com\/actualites\/?p=2433"},"modified":"2025-02-11T19:55:44","modified_gmt":"2025-02-11T18:55:44","slug":"lyon-metropole-deuxieme-region-logistique-de-france","status":"publish","type":"post","link":"https:\/\/www.europropmarket.com\/actualites\/lyon-metropole-deuxieme-region-logistique-de-france\/","title":{"rendered":"Lyon M\u00e9tropole, deuxi\u00e8me r\u00e9gion logistique de France"},"content":{"rendered":"<p>&nbsp;<\/p>\n<h2><strong>Une fili\u00e8re strat\u00e9gique<\/strong><\/h2>\n<p><a href=\"https:\/\/www.europropmarket.com\/nos-offres\/69000-lyon\/\">M\u00e9tropole europ\u00e9enne majeure<\/a>, Lyon est au c\u0153ur d&rsquo;un n\u0153ud d&rsquo;\u00e9changes logistiques et commerciaux particuli\u00e8rement dense, et constitue ainsi un territoire propice au d\u00e9veloppement des transports ou \u00e0<a href=\"https:\/\/www.europropmarket.com\/entrepot-local-activite\/location\/69000-lyon\/\"> l&rsquo;implantation d&rsquo;entrep\u00f4ts<\/a>. Deuxi\u00e8me r\u00e9gion fran\u00e7aise en termes d\u2019emplois et de surface d\u2019entrep\u00f4ts, la m\u00e9tropole lyonnaise continue en 2023 de faire de la logistique une fili\u00e8re strat\u00e9gique dans le cadre de ses ambitions \u00e9conomiques.<\/p>\n<p>Comme nombre de grandes agglom\u00e9rations, la logistique lyonnaise a \u00e9t\u00e9 fortement stimul\u00e9e par l&rsquo;essor du e-commerce qui a contribu\u00e9 \u00e0 faire de cette fili\u00e8re un levier de comp\u00e9titivit\u00e9 essentiel, tant pour les entreprises que pour les collectivit\u00e9s territoriales. En 2022, la demande plac\u00e9e sur le march\u00e9 des entrep\u00f4ts logistiques \u00e0 Lyon atteignait ainsi 405 000m\u00b2, un chiffre largement sup\u00e9rieur \u00e0 une moyenne d\u00e9cennale qui s&rsquo;\u00e9l\u00e8ve \u00e0 340 000m\u00b2<\/p>\n<p>Gr\u00e2ce \u00e0 une localisation g\u00e9ographique privil\u00e9gi\u00e9e et d&rsquo;excellentes infrastructures routi\u00e8res, fluviales, ferroviaires et a\u00e9riennes, la r\u00e9gion lyonnaise est un havre d&rsquo;opportunit\u00e9s pour les entreprises en qu\u00eate d&rsquo;entrep\u00f4ts \u00e0 louer ou disponibles \u00e0 la vente.<\/p>\n<p>Selon les chiffres de l&rsquo;Aderly, la r\u00e9gion urbaine de Lyon compte en outre 4,5 millions de m2 logistiques tandis que 200 hectares restent \u00e0 la disposition des transporteurs a\u00e9roportuaires, ferroviaires et routiers. Un immobilier logistique et des disponibilit\u00e9s fonci\u00e8res qui contribuent \u00e0 faire de Lyon une pi\u00e8ce ma\u00eetresse du maillage logistique hexagonal et europ\u00e9en.<\/p>\n<p>Le march\u00e9 de l&#8217;emploi en m\u00e9tropole lyonnaise t\u00e9moigne \u00e9galement de la vitalit\u00e9 du secteur logistique puisque l&rsquo;on d\u00e9nombre 163 263 travailleurs dans les transports et l\u2019entreposage en r\u00e9gion Auvergne-Rh\u00f4ne-Alpes (soit 12 % des emplois du secteur \u00e0 l&rsquo;\u00e9chelle nationale). L&rsquo;achat ou la <a href=\"https:\/\/www.europropmarket.com\/entrepot-local-activite\/location\/69000-lyon\/\">location d&rsquo;entrep\u00f4ts<\/a> \u00e0 Lyon permet donc aux entreprises de s&rsquo;implanter \u00e0 proximit\u00e9 d&rsquo;une main d\u2019\u0153uvre aussi abondante que qualifi\u00e9e<\/p>\n<p>Enfin, le march\u00e9 immobilier logistique lyonnais b\u00e9n\u00e9ficiera sans doute des retomb\u00e9es positives du plan France relance qui, en relocalisant une partie de la production industrielle, viendra doper la demande d&rsquo;entrep\u00f4ts et espaces de stockage.<\/p>\n<h2><strong>Mobilit\u00e9s et \u00e9quipements<\/strong><\/h2>\n<p>Les chiffres li\u00e9s aux flux de marchandises r\u00e9v\u00e8lent \u00e0 nouveau le r\u00f4le strat\u00e9gique de Lyon-M\u00e9tropole\u00a0:\u00a0 11 millions de tonnes de marchandise en moyenne transitent chaque ann\u00e9e par le <a href=\"https:\/\/www.europropmarket.com\/entrepot-local-activite\/location\/69007-lyon-7e-arrondissement\/\">port \u00c9douard Herriot<\/a> du c\u00f4t\u00e9 de Gerland (Lyon 7)\u00a0; avec 180ha et 70 entreprises implant\u00e9es, le port permet d&rsquo;acheminer des marchandises par voie fluviale, mais \u00e9galement ferroviaire ou routi\u00e8re.<\/p>\n<p>En 2017, le transport de marchandise par voie routi\u00e8re atteignait 235,7\u00a0millions de tonnes de marchandises, tandis qu&rsquo;avec 52 980 tonnes de fret en 2022, l&rsquo;a\u00e9roport Lyon Saint Saint-Exup\u00e9ry \u2013 situ\u00e9 non loin du parc de Chesnes, 1\u00e8re plateforme logistique nationale \u2013 retrouvait sont niveau d&rsquo;avant crise sanitaire.<\/p>\n<p>Les acteurs de la fili\u00e8re transport et logistique qui souhaitent d\u00e9velopper leur activit\u00e9 \u00e0 Lyon et\/ou\u00a0 implanter un entrep\u00f4t peuvent de plus compter sur les p\u00f4les de comp\u00e9titivit\u00e9 de la M\u00e9tropole ainsi que des clusters r\u00e9partis sur l&rsquo;ensemble du territoire.<\/p>\n<p>Le p\u00f4le d&rsquo;intelligence logistique s&rsquo;adresse ainsi aux entreprises, collectivit\u00e9s, associations et organismes de formation en lien avec la fili\u00e8re afin de promouvoir des projets collaboratifs et innovants. Son action concerne principalement le d\u00e9veloppement de l&rsquo;intermodalit\u00e9, l&rsquo;accompagnement des PME industrielles et la transition vers une logistique durable. Une opportunit\u00e9 pour les soci\u00e9t\u00e9s d&rsquo;acheter ou louer un entrep\u00f4t au sein d&rsquo;un \u00e9cosyst\u00e8me logistique vivant et en tourn\u00e9 vers l&rsquo;avenir.<\/p>\n<p>La m\u00e9tropole lyonnaise abrite en outre une plateforme mutualis\u00e9e unique en Europe d\u00e9di\u00e9e \u00e0 l&rsquo;innovation et \u00e0 la s\u00e9curit\u00e9 des v\u00e9hicules. Baptis\u00e9e Transpolis, cette structure propose des services en ing\u00e9nierie incluant des essais v\u00e9hicules \u2013 y compris de v\u00e9hicules connect\u00e9s ou automatis\u00e9s \u2013 et crash-tests d\u2019infrastructures. L&rsquo;implantation d&rsquo;une activit\u00e9 de transports\/logistiques du c\u00f4t\u00e9 de la r\u00e9gion lyonnaise est donc aussi une occasion pour les soci\u00e9t\u00e9s les plus innovantes de s&rsquo;inscrire dans la dynamique de la supply-chain 4.0<\/p>\n<h2><strong>\u00a0<\/strong><strong>Des p\u00f4les logistiques d&rsquo;envergure internationale<\/strong><\/h2>\n<p>L&rsquo;aire d&rsquo;attraction de la M\u00e9tropole lyonnaise englobe la premi\u00e8re plateforme logistique fran\u00e7aise, le parc international de Chesnes situ\u00e9 \u00e0 Saint-Quentin-Fallavier. Avec ses 2, 3 millions de m\u00b2 d&rsquo;entrep\u00f4ts logistiques r\u00e9partis sur 1000 Ha, le Parc International de Chesnes est aussi la 3<sup>\u00e8me\u00a0\u00a0 <\/sup>\u00a0zone logistique europ\u00e9enne. Le parc accueille des activit\u00e9s de production et de recherche, mais concentre avant tout les acteurs de la supply-chain fran\u00e7aise et internationale\u00a0: prestataires logisticiens, chargeurs et services b\u00e9n\u00e9ficient ici de la pr\u00e9sence du P\u00f4le d&rsquo;Intelligence logistique \u00e9voqu\u00e9 pr\u00e9c\u00e9demment<\/p>\n<p>Les soci\u00e9t\u00e9s qui recherchent un entrep\u00f4t \u00e0 louer peuvent \u00e9galement se tourner vers le parc industriel de la Plaine de l&rsquo;Ain dont les 1000ha accueillent 180 entreprises pour 8200 emplois. La Plaine de l&rsquo;Ain offre des solutions fonci\u00e8res et immobili\u00e8res \u00ab\u00a0cl\u00e9 en main\u00a0\u00bb aux acteurs de la fili\u00e8re logistique qui peuvent d\u00e9velopper des projets adapt\u00e9s \u00e0 leurs ambitions sp\u00e9cifiques.<\/p>\n<p>\u00c0 la location comme \u00e0 la vente, les entrep\u00f4ts logistiques du parc industriel donnent la possibilit\u00e9 aux entreprises de s&rsquo;implanter aux portes de la m\u00e9tropole lyonnaise dans un cadre particuli\u00e8rement performant.<\/p>\n<p>Lyon m\u00e9tropole abrite plusieurs secteurs propices au d\u00e9veloppement d&rsquo;activit\u00e9s logistiques et \u00e0 l&rsquo;achat ou location d&rsquo;entrep\u00f4ts, notamment \u00a0Grand Lyon Nord-Est qui est un centre de gravit\u00e9 de l\u2019activit\u00e9 industrielle lyonnaise ; la ZI Meyzieu-Jonage, la ZAC des Gaulnes, les zones industrielles de la Rize et de la Soie sont ainsi des territoires riches en opportunit\u00e9s pour les acteurs logistiques souhaitent acheter ou louer un entrep\u00f4t<\/p>\n","protected":false},"excerpt":{"rendered":"<p>&nbsp; Une fili\u00e8re strat\u00e9gique M\u00e9tropole europ\u00e9enne majeure, Lyon est au c\u0153ur d&rsquo;un n\u0153ud d&rsquo;\u00e9changes logistiques et commerciaux particuli\u00e8rement dense, et constitue ainsi un territoire propice au d\u00e9veloppement des transports ou \u00e0 l&rsquo;implantation d&rsquo;entrep\u00f4ts. Deuxi\u00e8me r\u00e9gion fran\u00e7aise en termes d\u2019emplois et de surface d\u2019entrep\u00f4ts, la m\u00e9tropole lyonnaise continue en 2023 de faire de la logistique une [&hellip;]<\/p>\n","protected":false},"author":4,"featured_media":2435,"comment_status":"closed","ping_status":"closed","sticky":false,"template":"","format":"standard","meta":{"footnotes":""},"categories":[7],"tags":[45],"class_list":["post-2433","post","type-post","status-publish","format-standard","has-post-thumbnail","hentry","category-entrepots","tag-lyon","entry","has-media"],"yoast_head":"<!-- This site is optimized with the Yoast SEO plugin v19.13 - https:\/\/yoast.com\/wordpress\/plugins\/seo\/ -->\n<title>Entrep\u00f4ts, transports, emplois\u00a0: la logistique lyonnaise en 2023<\/title>\n<meta name=\"description\" content=\"Lyon est un territoire id\u00e9al pour la location d&#039;entrep\u00f4t\u00a0: le parc de Chesnes ou la Plaine de l&#039;Ain sont particuli\u00e8rement dynamiques\" \/>\n<meta name=\"robots\" content=\"index, follow, max-snippet:-1, max-image-preview:large, max-video-preview:-1\" \/>\n<link rel=\"canonical\" href=\"https:\/\/www.europropmarket.com\/actualites\/lyon-metropole-deuxieme-region-logistique-de-france\/\" \/>\n<meta property=\"og:locale\" content=\"fr_FR\" \/>\n<meta property=\"og:type\" content=\"article\" \/>\n<meta property=\"og:title\" content=\"Entrep\u00f4ts, transports, emplois\u00a0: la logistique lyonnaise en 2023\" \/>\n<meta property=\"og:description\" content=\"Lyon est un territoire id\u00e9al pour la location d&#039;entrep\u00f4t\u00a0: le parc de Chesnes ou la Plaine de l&#039;Ain sont particuli\u00e8rement dynamiques\" \/>\n<meta property=\"og:url\" content=\"https:\/\/www.europropmarket.com\/actualites\/lyon-metropole-deuxieme-region-logistique-de-france\/\" \/>\n<meta property=\"og:site_name\" content=\"Europropmarket\" \/>\n<meta property=\"article:published_time\" content=\"2023-07-18T11:29:26+00:00\" \/>\n<meta property=\"article:modified_time\" content=\"2025-02-11T18:55:44+00:00\" \/>\n<meta property=\"og:image\" content=\"https:\/\/www.europropmarket.com\/actualites\/wp-content\/uploads\/2023\/07\/parc-des-gaulnes-1-1-1024x768-1.jpg\" \/>\n\t<meta property=\"og:image:width\" content=\"1080\" \/>\n\t<meta property=\"og:image:height\" content=\"380\" \/>\n\t<meta property=\"og:image:type\" content=\"image\/jpeg\" \/>\n<meta name=\"author\" content=\"St\u00e9phane BONTOUX\" \/>\n<meta name=\"twitter:card\" content=\"summary_large_image\" \/>\n<meta name=\"twitter:label1\" content=\"\u00c9crit par\" \/>\n\t<meta name=\"twitter:data1\" content=\"St\u00e9phane BONTOUX\" \/>\n\t<meta name=\"twitter:label2\" content=\"Dur\u00e9e de lecture estim\u00e9e\" \/>\n\t<meta name=\"twitter:data2\" content=\"5 minutes\" \/>\n<script type=\"application\/ld+json\" class=\"yoast-schema-graph\">{\"@context\":\"https:\/\/schema.org\",\"@graph\":[{\"@type\":\"Article\",\"@id\":\"https:\/\/www.europropmarket.com\/actualites\/lyon-metropole-deuxieme-region-logistique-de-france\/#article\",\"isPartOf\":{\"@id\":\"https:\/\/www.europropmarket.com\/actualites\/lyon-metropole-deuxieme-region-logistique-de-france\/\"},\"author\":{\"name\":\"St\u00e9phane BONTOUX\",\"@id\":\"https:\/\/www.europropmarket.com\/actualites\/#\/schema\/person\/97027d62243b84ca18df0089bcbb10a8\"},\"headline\":\"Lyon M\u00e9tropole, deuxi\u00e8me r\u00e9gion logistique de France\",\"datePublished\":\"2023-07-18T11:29:26+00:00\",\"dateModified\":\"2025-02-11T18:55:44+00:00\",\"mainEntityOfPage\":{\"@id\":\"https:\/\/www.europropmarket.com\/actualites\/lyon-metropole-deuxieme-region-logistique-de-france\/\"},\"wordCount\":951,\"publisher\":{\"@id\":\"https:\/\/www.europropmarket.com\/actualites\/#organization\"},\"keywords\":[\"Lyon\"],\"articleSection\":[\"Entrep\u00f4ts\"],\"inLanguage\":\"fr-FR\"},{\"@type\":\"WebPage\",\"@id\":\"https:\/\/www.europropmarket.com\/actualites\/lyon-metropole-deuxieme-region-logistique-de-france\/\",\"url\":\"https:\/\/www.europropmarket.com\/actualites\/lyon-metropole-deuxieme-region-logistique-de-france\/\",\"name\":\"Entrep\u00f4ts, transports, emplois\u00a0: la logistique lyonnaise en 2023\",\"isPartOf\":{\"@id\":\"https:\/\/www.europropmarket.com\/actualites\/#website\"},\"datePublished\":\"2023-07-18T11:29:26+00:00\",\"dateModified\":\"2025-02-11T18:55:44+00:00\",\"description\":\"Lyon est un territoire id\u00e9al pour la location d'entrep\u00f4t\u00a0: le parc de Chesnes ou la Plaine de l'Ain sont particuli\u00e8rement dynamiques\",\"breadcrumb\":{\"@id\":\"https:\/\/www.europropmarket.com\/actualites\/lyon-metropole-deuxieme-region-logistique-de-france\/#breadcrumb\"},\"inLanguage\":\"fr-FR\",\"potentialAction\":[{\"@type\":\"ReadAction\",\"target\":[\"https:\/\/www.europropmarket.com\/actualites\/lyon-metropole-deuxieme-region-logistique-de-france\/\"]}]},{\"@type\":\"BreadcrumbList\",\"@id\":\"https:\/\/www.europropmarket.com\/actualites\/lyon-metropole-deuxieme-region-logistique-de-france\/#breadcrumb\",\"itemListElement\":[{\"@type\":\"ListItem\",\"position\":1,\"name\":\"Accueil\",\"item\":\"https:\/\/www.europropmarket.com\/actualites\/\"},{\"@type\":\"ListItem\",\"position\":2,\"name\":\"Lyon M\u00e9tropole, deuxi\u00e8me r\u00e9gion logistique de France\"}]},{\"@type\":\"WebSite\",\"@id\":\"https:\/\/www.europropmarket.com\/actualites\/#website\",\"url\":\"https:\/\/www.europropmarket.com\/actualites\/\",\"name\":\"Europropmarket\",\"description\":\"\",\"publisher\":{\"@id\":\"https:\/\/www.europropmarket.com\/actualites\/#organization\"},\"potentialAction\":[{\"@type\":\"SearchAction\",\"target\":{\"@type\":\"EntryPoint\",\"urlTemplate\":\"https:\/\/www.europropmarket.com\/actualites\/?s={search_term_string}\"},\"query-input\":\"required name=search_term_string\"}],\"inLanguage\":\"fr-FR\"},{\"@type\":\"Organization\",\"@id\":\"https:\/\/www.europropmarket.com\/actualites\/#organization\",\"name\":\"Europropmarket\",\"url\":\"https:\/\/www.europropmarket.com\/actualites\/\",\"logo\":{\"@type\":\"ImageObject\",\"inLanguage\":\"fr-FR\",\"@id\":\"https:\/\/www.europropmarket.com\/actualites\/#\/schema\/logo\/image\/\",\"url\":\"https:\/\/www.europropmarket.com\/actualites\/wp-content\/uploads\/2021\/04\/logo.png\",\"contentUrl\":\"https:\/\/www.europropmarket.com\/actualites\/wp-content\/uploads\/2021\/04\/logo.png\",\"width\":204,\"height\":25,\"caption\":\"Europropmarket\"},\"image\":{\"@id\":\"https:\/\/www.europropmarket.com\/actualites\/#\/schema\/logo\/image\/\"}},{\"@type\":\"Person\",\"@id\":\"https:\/\/www.europropmarket.com\/actualites\/#\/schema\/person\/97027d62243b84ca18df0089bcbb10a8\",\"name\":\"St\u00e9phane BONTOUX\",\"image\":{\"@type\":\"ImageObject\",\"inLanguage\":\"fr-FR\",\"@id\":\"https:\/\/www.europropmarket.com\/actualites\/#\/schema\/person\/image\/\",\"url\":\"https:\/\/secure.gravatar.com\/avatar\/2e2408bccbefc28eb75eb64f0a5e748f653dd966b192e28b810a33dba3220ec5?s=96&d=mm&r=g\",\"contentUrl\":\"https:\/\/secure.gravatar.com\/avatar\/2e2408bccbefc28eb75eb64f0a5e748f653dd966b192e28b810a33dba3220ec5?s=96&d=mm&r=g\",\"caption\":\"St\u00e9phane BONTOUX\"},\"url\":\"https:\/\/www.europropmarket.com\/actualites\/author\/sbontoux\/\"}]}<\/script>\n<!-- \/ Yoast SEO plugin. -->","yoast_head_json":{"title":"Entrep\u00f4ts, transports, emplois\u00a0: la logistique lyonnaise en 2023","description":"Lyon est un territoire id\u00e9al pour la location d'entrep\u00f4t\u00a0: le parc de Chesnes ou la Plaine de l'Ain sont particuli\u00e8rement dynamiques","robots":{"index":"index","follow":"follow","max-snippet":"max-snippet:-1","max-image-preview":"max-image-preview:large","max-video-preview":"max-video-preview:-1"},"canonical":"https:\/\/www.europropmarket.com\/actualites\/lyon-metropole-deuxieme-region-logistique-de-france\/","og_locale":"fr_FR","og_type":"article","og_title":"Entrep\u00f4ts, transports, emplois\u00a0: la logistique lyonnaise en 2023","og_description":"Lyon est un territoire id\u00e9al pour la location d'entrep\u00f4t\u00a0: le parc de Chesnes ou la Plaine de l'Ain sont particuli\u00e8rement dynamiques","og_url":"https:\/\/www.europropmarket.com\/actualites\/lyon-metropole-deuxieme-region-logistique-de-france\/","og_site_name":"Europropmarket","article_published_time":"2023-07-18T11:29:26+00:00","article_modified_time":"2025-02-11T18:55:44+00:00","og_image":[{"width":1080,"height":380,"url":"https:\/\/www.europropmarket.com\/actualites\/wp-content\/uploads\/2023\/07\/parc-des-gaulnes-1-1-1024x768-1.jpg","type":"image\/jpeg"}],"author":"St\u00e9phane BONTOUX","twitter_card":"summary_large_image","twitter_misc":{"\u00c9crit par":"St\u00e9phane BONTOUX","Dur\u00e9e de lecture estim\u00e9e":"5 minutes"},"schema":{"@context":"https:\/\/schema.org","@graph":[{"@type":"Article","@id":"https:\/\/www.europropmarket.com\/actualites\/lyon-metropole-deuxieme-region-logistique-de-france\/#article","isPartOf":{"@id":"https:\/\/www.europropmarket.com\/actualites\/lyon-metropole-deuxieme-region-logistique-de-france\/"},"author":{"name":"St\u00e9phane BONTOUX","@id":"https:\/\/www.europropmarket.com\/actualites\/#\/schema\/person\/97027d62243b84ca18df0089bcbb10a8"},"headline":"Lyon M\u00e9tropole, deuxi\u00e8me r\u00e9gion logistique de France","datePublished":"2023-07-18T11:29:26+00:00","dateModified":"2025-02-11T18:55:44+00:00","mainEntityOfPage":{"@id":"https:\/\/www.europropmarket.com\/actualites\/lyon-metropole-deuxieme-region-logistique-de-france\/"},"wordCount":951,"publisher":{"@id":"https:\/\/www.europropmarket.com\/actualites\/#organization"},"keywords":["Lyon"],"articleSection":["Entrep\u00f4ts"],"inLanguage":"fr-FR"},{"@type":"WebPage","@id":"https:\/\/www.europropmarket.com\/actualites\/lyon-metropole-deuxieme-region-logistique-de-france\/","url":"https:\/\/www.europropmarket.com\/actualites\/lyon-metropole-deuxieme-region-logistique-de-france\/","name":"Entrep\u00f4ts, transports, emplois\u00a0: la logistique lyonnaise en 2023","isPartOf":{"@id":"https:\/\/www.europropmarket.com\/actualites\/#website"},"datePublished":"2023-07-18T11:29:26+00:00","dateModified":"2025-02-11T18:55:44+00:00","description":"Lyon est un territoire id\u00e9al pour la location d'entrep\u00f4t\u00a0: le parc de Chesnes ou la Plaine de l'Ain sont particuli\u00e8rement dynamiques","breadcrumb":{"@id":"https:\/\/www.europropmarket.com\/actualites\/lyon-metropole-deuxieme-region-logistique-de-france\/#breadcrumb"},"inLanguage":"fr-FR","potentialAction":[{"@type":"ReadAction","target":["https:\/\/www.europropmarket.com\/actualites\/lyon-metropole-deuxieme-region-logistique-de-france\/"]}]},{"@type":"BreadcrumbList","@id":"https:\/\/www.europropmarket.com\/actualites\/lyon-metropole-deuxieme-region-logistique-de-france\/#breadcrumb","itemListElement":[{"@type":"ListItem","position":1,"name":"Accueil","item":"https:\/\/www.europropmarket.com\/actualites\/"},{"@type":"ListItem","position":2,"name":"Lyon M\u00e9tropole, deuxi\u00e8me r\u00e9gion logistique de France"}]},{"@type":"WebSite","@id":"https:\/\/www.europropmarket.com\/actualites\/#website","url":"https:\/\/www.europropmarket.com\/actualites\/","name":"Europropmarket","description":"","publisher":{"@id":"https:\/\/www.europropmarket.com\/actualites\/#organization"},"potentialAction":[{"@type":"SearchAction","target":{"@type":"EntryPoint","urlTemplate":"https:\/\/www.europropmarket.com\/actualites\/?s={search_term_string}"},"query-input":"required name=search_term_string"}],"inLanguage":"fr-FR"},{"@type":"Organization","@id":"https:\/\/www.europropmarket.com\/actualites\/#organization","name":"Europropmarket","url":"https:\/\/www.europropmarket.com\/actualites\/","logo":{"@type":"ImageObject","inLanguage":"fr-FR","@id":"https:\/\/www.europropmarket.com\/actualites\/#\/schema\/logo\/image\/","url":"https:\/\/www.europropmarket.com\/actualites\/wp-content\/uploads\/2021\/04\/logo.png","contentUrl":"https:\/\/www.europropmarket.com\/actualites\/wp-content\/uploads\/2021\/04\/logo.png","width":204,"height":25,"caption":"Europropmarket"},"image":{"@id":"https:\/\/www.europropmarket.com\/actualites\/#\/schema\/logo\/image\/"}},{"@type":"Person","@id":"https:\/\/www.europropmarket.com\/actualites\/#\/schema\/person\/97027d62243b84ca18df0089bcbb10a8","name":"St\u00e9phane BONTOUX","image":{"@type":"ImageObject","inLanguage":"fr-FR","@id":"https:\/\/www.europropmarket.com\/actualites\/#\/schema\/person\/image\/","url":"https:\/\/secure.gravatar.com\/avatar\/2e2408bccbefc28eb75eb64f0a5e748f653dd966b192e28b810a33dba3220ec5?s=96&d=mm&r=g","contentUrl":"https:\/\/secure.gravatar.com\/avatar\/2e2408bccbefc28eb75eb64f0a5e748f653dd966b192e28b810a33dba3220ec5?s=96&d=mm&r=g","caption":"St\u00e9phane BONTOUX"},"url":"https:\/\/www.europropmarket.com\/actualites\/author\/sbontoux\/"}]}},"_links":{"self":[{"href":"https:\/\/www.europropmarket.com\/actualites\/wp-json\/wp\/v2\/posts\/2433","targetHints":{"allow":["GET"]}}],"collection":[{"href":"https:\/\/www.europropmarket.com\/actualites\/wp-json\/wp\/v2\/posts"}],"about":[{"href":"https:\/\/www.europropmarket.com\/actualites\/wp-json\/wp\/v2\/types\/post"}],"author":[{"embeddable":true,"href":"https:\/\/www.europropmarket.com\/actualites\/wp-json\/wp\/v2\/users\/4"}],"replies":[{"embeddable":true,"href":"https:\/\/www.europropmarket.com\/actualites\/wp-json\/wp\/v2\/comments?post=2433"}],"version-history":[{"count":3,"href":"https:\/\/www.europropmarket.com\/actualites\/wp-json\/wp\/v2\/posts\/2433\/revisions"}],"predecessor-version":[{"id":2563,"href":"https:\/\/www.europropmarket.com\/actualites\/wp-json\/wp\/v2\/posts\/2433\/revisions\/2563"}],"wp:featuredmedia":[{"embeddable":true,"href":"https:\/\/www.europropmarket.com\/actualites\/wp-json\/wp\/v2\/media\/2435"}],"wp:attachment":[{"href":"https:\/\/www.europropmarket.com\/actualites\/wp-json\/wp\/v2\/media?parent=2433"}],"wp:term":[{"taxonomy":"category","embeddable":true,"href":"https:\/\/www.europropmarket.com\/actualites\/wp-json\/wp\/v2\/categories?post=2433"},{"taxonomy":"post_tag","embeddable":true,"href":"https:\/\/www.europropmarket.com\/actualites\/wp-json\/wp\/v2\/tags?post=2433"}],"curies":[{"name":"wp","href":"https:\/\/api.w.org\/{rel}","templated":true}]}}