{"id":2503,"date":"2024-07-02T10:13:22","date_gmt":"2024-07-02T08:13:22","guid":{"rendered":"https:\/\/www.europropmarket.com\/actualites\/?p=2503"},"modified":"2024-07-02T10:13:22","modified_gmt":"2024-07-02T08:13:22","slug":"le-quartier-de-carre-senart-a-lieusaint","status":"publish","type":"post","link":"https:\/\/www.europropmarket.com\/actualites\/le-quartier-de-carre-senart-a-lieusaint\/","title":{"rendered":"Le Quartier de Carr\u00e9 S\u00e9nart \u00e0 Lieusaint"},"content":{"rendered":"<h3><\/h3>\n<h4><\/h4>\n<p>Carr\u00e9 S\u00e9nart, situ\u00e9 \u00e0 Lieusaint en Seine-et-Marne, est l&rsquo;un des projets d&rsquo;am\u00e9nagement les plus ambitieux et novateurs de<a href=\"https:\/\/www.europropmarket.com\/nos-offres\/ile-de-france\/\"> la r\u00e9gion \u00cele-de-France<\/a>. Ce quartier, v\u00e9ritable p\u00f4le d&rsquo;attractivit\u00e9, combine espaces commerciaux, bureaux, loisirs et r\u00e9sidences, cr\u00e9ant un environnement o\u00f9 il fait bon vivre, travailler et se divertir. Cet article explore l&rsquo;histoire, les infrastructures, les atouts et les perspectives futures de Carr\u00e9 S\u00e9nart.<\/p>\n<h2>\u00a0Historique et Contexte du Projet<\/h2>\n<h3>\u00a0Gen\u00e8se de Carr\u00e9 S\u00e9nart<\/h3>\n<p>L&rsquo;histoire de Carr\u00e9 S\u00e9nart d\u00e9bute dans les ann\u00e9es 1990 avec une vision ambitieuse : cr\u00e9er un nouveau centre urbain capable de r\u00e9pondre aux besoins croissants de la population de la r\u00e9gion. Le projet a \u00e9t\u00e9 initi\u00e9 par l&rsquo;\u00c9tablissement Public d&rsquo;Am\u00e9nagement (EPA) S\u00e9nart, avec pour objectif de d\u00e9velopper un espace multifonctionnel sur une vaste superficie.<\/p>\n<h3>\u00a0D\u00e9veloppement et Phases de Construction<\/h3>\n<p>Le d\u00e9veloppement de Carr\u00e9 S\u00e9nart s&rsquo;est d\u00e9roul\u00e9 en plusieurs phases, chacune visant \u00e0 ajouter des composantes cl\u00e9s \u00e0 ce quartier en pleine expansion. La premi\u00e8re phase a \u00e9t\u00e9 marqu\u00e9e par la construction du centre commercial, suivi par l&rsquo;am\u00e9nagement des espaces de bureaux et des zones r\u00e9sidentielles. Chaque \u00e9tape a \u00e9t\u00e9 soigneusement planifi\u00e9e pour assurer une croissance harmonieuse et durable.<\/p>\n<h2>\u00a0Infrastructures et Am\u00e9nagements<\/h2>\n<h3>\u00a0Centre Commercial Carr\u00e9 S\u00e9nart<\/h3>\n<p><a href=\"https:\/\/www.westfield.com\/france\/carresenart\">Le centre commercial Carr\u00e9 S\u00e9nart<\/a> est l&rsquo;un des plus grands de France, offrant une vaste gamme de boutiques, de restaurants et de services. Il accueille des enseignes nationales et internationales, attirant des visiteurs de toute la r\u00e9gion. L&rsquo;architecture moderne et les espaces lumineux cr\u00e9ent une exp\u00e9rience de shopping agr\u00e9able et conviviale.<\/p>\n<h3>\u00a0Espaces de Bureaux et Services<\/h3>\n<p>Carr\u00e9 S\u00e9nart abrite \u00e9galement de nombreux espaces de bureaux modernes, attirant des entreprises de divers secteurs, notamment les technologies de l&rsquo;information, les services financiers et le conseil. Les infrastructures de pointe et les services de qualit\u00e9 font de ce quartier un lieu privil\u00e9gi\u00e9 pour les entreprises cherchant \u00e0 s&rsquo;implanter en \u00cele-de-France.<\/p>\n<h3>\u00a0R\u00e9sidences et Logements<\/h3>\n<p>Le quartier propose une diversit\u00e9 de logements, allant des appartements modernes aux maisons individuelles. Ces r\u00e9sidences sont con\u00e7ues pour offrir un cadre de vie agr\u00e9able, avec des espaces verts, des parcs et des \u00e9quipements de loisirs \u00e0 proximit\u00e9. La mixit\u00e9 des habitats permet d&rsquo;accueillir une population vari\u00e9e, contribuant \u00e0 la richesse sociale du quartier.<\/p>\n<h3>\u00a0Infrastructures de Transport<\/h3>\n<p>Carr\u00e9 S\u00e9nart b\u00e9n\u00e9ficie d&rsquo;une excellente accessibilit\u00e9 gr\u00e2ce \u00e0 des infrastructures de transport bien d\u00e9velopp\u00e9es. Le quartier est desservi par le RER D, facilitant les d\u00e9placements vers Paris et les autres communes environnantes. De plus, les r\u00e9seaux routiers et les pistes cyclables permettent une mobilit\u00e9 fluide et durable.<\/p>\n<h2>\u00a0Loisirs et \u00c9quipements Culturels<\/h2>\n<h3>\u00a0Espaces de Loisirs<\/h3>\n<p>Carr\u00e9 S\u00e9nart offre une multitude d&rsquo;options de loisirs pour les habitants et les visiteurs. Le quartier abrite des cin\u00e9mas, des centres de fitness, des piscines et des terrains de sport. Ces \u00e9quipements contribuent \u00e0 une qualit\u00e9 de vie \u00e9lev\u00e9e, encourageant les activit\u00e9s physiques et les interactions sociales.<\/p>\n<h3>\u00a0\u00c9quipements Culturels<\/h3>\n<p>Le quartier n&rsquo;est pas seulement un centre commercial et de bureaux, il est aussi un p\u00f4le culturel. Des espaces d\u00e9di\u00e9s aux arts, tels que des galeries d&rsquo;art et des th\u00e9\u00e2tres, permettent aux r\u00e9sidents de s&rsquo;engager dans des activit\u00e9s culturelles et artistiques. Des \u00e9v\u00e9nements r\u00e9guliers, comme des expositions et des festivals, animent le quartier tout au long de l&rsquo;ann\u00e9e.<\/p>\n<h2>\u00a0Atouts et Avantages de Carr\u00e9 S\u00e9nart<\/h2>\n<h3>\u00a0Dynamisme \u00c9conomique<\/h3>\n<p>Carr\u00e9 S\u00e9nart est un moteur \u00e9conomique pour la r\u00e9gion. La pr\u00e9sence de nombreuses entreprises et commerces cr\u00e9e des emplois et stimule l&rsquo;\u00e9conomie locale. Le quartier attire \u00e9galement des investissements, renfor\u00e7ant sa position comme centre d&rsquo;affaires majeur en \u00cele-de-France.<\/p>\n<h3>\u00a0Qualit\u00e9 de Vie<\/h3>\n<p>La qualit\u00e9 de vie \u00e0 Carr\u00e9 S\u00e9nart est l&rsquo;un de ses principaux atouts. Les r\u00e9sidents b\u00e9n\u00e9ficient de logements modernes, d&rsquo;espaces verts et d&rsquo;une gamme compl\u00e8te de services \u00e0 proximit\u00e9. La mixit\u00e9 fonctionnelle du quartier permet aux habitants de vivre, travailler et se divertir sans avoir \u00e0 se d\u00e9placer loin de chez eux.<\/p>\n<h3>\u00a0Environnement Durable<\/h3>\n<p>Le d\u00e9veloppement durable est au c\u0153ur de la conception de Carr\u00e9 S\u00e9nart. Des initiatives \u00e9cologiques, telles que la gestion des d\u00e9chets, l&rsquo;efficacit\u00e9 \u00e9nerg\u00e9tique des b\u00e2timents et l&rsquo;am\u00e9nagement d&rsquo;espaces verts, contribuent \u00e0 r\u00e9duire l&#8217;empreinte carbone du quartier. La promotion de la mobilit\u00e9 douce, comme le v\u00e9lo et les transports en commun, soutient \u00e9galement un mode de vie plus durable.<\/p>\n<h2>\u00a0Perspectives Futures<\/h2>\n<h3>\u00a0Expansions et Nouveaux Projets<\/h3>\n<p>L&rsquo;avenir de Carr\u00e9 S\u00e9nart s&rsquo;annonce prometteur avec de nombreux projets d&rsquo;expansion en cours. De nouveaux b\u00e2timents r\u00e9sidentiels et commerciaux sont en construction pour r\u00e9pondre \u00e0 la demande croissante. Les autorit\u00e9s locales continuent d&rsquo;investir dans les infrastructures pour am\u00e9liorer encore plus la qualit\u00e9 de vie et l&rsquo;attractivit\u00e9 du quartier.<\/p>\n<h3>\u00a0Innovations Technologiques<\/h3>\n<p>Carr\u00e9 S\u00e9nart se positionne \u00e9galement comme un hub d&rsquo;innovation technologique. Des initiatives pour int\u00e9grer des technologies intelligentes dans la gestion urbaine sont en cours, telles que l&rsquo;\u00e9clairage public intelligent, les syst\u00e8mes de gestion de la circulation et les solutions de gestion de l&rsquo;\u00e9nergie. Ces innovations visent \u00e0 am\u00e9liorer l&rsquo;efficacit\u00e9 et la durabilit\u00e9 du quartier.<\/p>\n<h3>\u00a0Partenariats et Collaborations<\/h3>\n<p>La r\u00e9ussite de Carr\u00e9 S\u00e9nart repose en grande partie sur les partenariats et les collaborations entre les secteurs public et priv\u00e9. Les autorit\u00e9s locales travaillent en \u00e9troite collaboration avec les entreprises, les promoteurs immobiliers et les communaut\u00e9s locales pour assurer un d\u00e9veloppement harmonieux et inclusif. Ces partenariats sont essentiels pour r\u00e9pondre aux besoins de la population et pour continuer \u00e0 faire de Carr\u00e9 S\u00e9nart un quartier de r\u00e9f\u00e9rence.<\/p>\n<h3><\/h3>\n<p>Le quartier de Carr\u00e9 S\u00e9nart \u00e0 Lieusaint est un exemple remarquable de d\u00e9veloppement urbain moderne et durable. Gr\u00e2ce \u00e0 une planification minutieuse, des investissements strat\u00e9giques et une vision claire, Carr\u00e9 S\u00e9nart a su devenir <a href=\"https:\/\/www.europropmarket.com\/commerce\/location\/ile-de-france\/\">un p\u00f4le d&rsquo;attractivit\u00e9 majeur en \u00cele-de-France<\/a>. Avec ses infrastructures de pointe, sa qualit\u00e9 de vie \u00e9lev\u00e9e et ses perspectives prometteuses, ce quartier continue de dynamiser l&rsquo;\u00e9conomie locale et d&rsquo;offrir un cadre de vie exceptionnel \u00e0 ses r\u00e9sidents. Les d\u00e9fis futurs seront de maintenir cet \u00e9lan de d\u00e9veloppement tout en int\u00e9grant de mani\u00e8re toujours plus forte les principes de durabilit\u00e9 et d&rsquo;innovation.<\/p>\n","protected":false},"excerpt":{"rendered":"<p>Carr\u00e9 S\u00e9nart, situ\u00e9 \u00e0 Lieusaint en Seine-et-Marne, est l&rsquo;un des projets d&rsquo;am\u00e9nagement les plus ambitieux et novateurs de la r\u00e9gion \u00cele-de-France. Ce quartier, v\u00e9ritable p\u00f4le d&rsquo;attractivit\u00e9, combine espaces commerciaux, bureaux, loisirs et r\u00e9sidences, cr\u00e9ant un environnement o\u00f9 il fait bon vivre, travailler et se divertir. Cet article explore l&rsquo;histoire, les infrastructures, les atouts et les [&hellip;]<\/p>\n","protected":false},"author":4,"featured_media":2521,"comment_status":"closed","ping_status":"closed","sticky":false,"template":"","format":"standard","meta":{"footnotes":""},"categories":[149,1],"tags":[],"class_list":["post-2503","post","type-post","status-publish","format-standard","has-post-thumbnail","hentry","category-marche-investissements","category-non-classe","entry","has-media"],"yoast_head":"<!-- This site is optimized with the Yoast SEO plugin v19.13 - https:\/\/yoast.com\/wordpress\/plugins\/seo\/ -->\n<title>Le Quartier de Carr\u00e9 S\u00e9nart \u00e0 Lieusaint - Europropmarket<\/title>\n<meta name=\"description\" content=\"Carr\u00e9 S\u00e9nart, situ\u00e9 \u00e0 Lieusaint en Seine-et-Marne, est l&#039;un des projets d&#039;am\u00e9nagement les plus ambitieux et novateurs de la r\u00e9gion IDF\" \/>\n<meta name=\"robots\" content=\"index, follow, max-snippet:-1, max-image-preview:large, max-video-preview:-1\" \/>\n<link rel=\"canonical\" href=\"https:\/\/www.europropmarket.com\/actualites\/le-quartier-de-carre-senart-a-lieusaint\/\" \/>\n<meta property=\"og:locale\" content=\"fr_FR\" \/>\n<meta property=\"og:type\" content=\"article\" \/>\n<meta property=\"og:title\" content=\"Le Quartier de Carr\u00e9 S\u00e9nart \u00e0 Lieusaint - Europropmarket\" \/>\n<meta property=\"og:description\" content=\"Carr\u00e9 S\u00e9nart, situ\u00e9 \u00e0 Lieusaint en Seine-et-Marne, est l&#039;un des projets d&#039;am\u00e9nagement les plus ambitieux et novateurs de la r\u00e9gion IDF\" \/>\n<meta property=\"og:url\" content=\"https:\/\/www.europropmarket.com\/actualites\/le-quartier-de-carre-senart-a-lieusaint\/\" \/>\n<meta property=\"og:site_name\" content=\"Europropmarket\" \/>\n<meta property=\"article:published_time\" content=\"2024-07-02T08:13:22+00:00\" \/>\n<meta property=\"og:image\" content=\"https:\/\/www.europropmarket.com\/actualites\/wp-content\/uploads\/2024\/07\/000214725_91.jpg\" \/>\n\t<meta property=\"og:image:width\" content=\"895\" \/>\n\t<meta property=\"og:image:height\" content=\"597\" \/>\n\t<meta property=\"og:image:type\" content=\"image\/jpeg\" \/>\n<meta name=\"author\" content=\"St\u00e9phane BONTOUX\" \/>\n<meta name=\"twitter:card\" content=\"summary_large_image\" \/>\n<meta name=\"twitter:label1\" content=\"\u00c9crit par\" \/>\n\t<meta name=\"twitter:data1\" content=\"St\u00e9phane BONTOUX\" \/>\n\t<meta name=\"twitter:label2\" content=\"Dur\u00e9e de lecture estim\u00e9e\" \/>\n\t<meta name=\"twitter:data2\" content=\"5 minutes\" \/>\n<script type=\"application\/ld+json\" class=\"yoast-schema-graph\">{\"@context\":\"https:\/\/schema.org\",\"@graph\":[{\"@type\":\"Article\",\"@id\":\"https:\/\/www.europropmarket.com\/actualites\/le-quartier-de-carre-senart-a-lieusaint\/#article\",\"isPartOf\":{\"@id\":\"https:\/\/www.europropmarket.com\/actualites\/le-quartier-de-carre-senart-a-lieusaint\/\"},\"author\":{\"name\":\"St\u00e9phane BONTOUX\",\"@id\":\"https:\/\/www.europropmarket.com\/actualites\/#\/schema\/person\/97027d62243b84ca18df0089bcbb10a8\"},\"headline\":\"Le Quartier de Carr\u00e9 S\u00e9nart \u00e0 Lieusaint\",\"datePublished\":\"2024-07-02T08:13:22+00:00\",\"dateModified\":\"2024-07-02T08:13:22+00:00\",\"mainEntityOfPage\":{\"@id\":\"https:\/\/www.europropmarket.com\/actualites\/le-quartier-de-carre-senart-a-lieusaint\/\"},\"wordCount\":1067,\"publisher\":{\"@id\":\"https:\/\/www.europropmarket.com\/actualites\/#organization\"},\"articleSection\":[\"March\u00e9 \/ Investissements\"],\"inLanguage\":\"fr-FR\"},{\"@type\":\"WebPage\",\"@id\":\"https:\/\/www.europropmarket.com\/actualites\/le-quartier-de-carre-senart-a-lieusaint\/\",\"url\":\"https:\/\/www.europropmarket.com\/actualites\/le-quartier-de-carre-senart-a-lieusaint\/\",\"name\":\"Le Quartier de Carr\u00e9 S\u00e9nart \u00e0 Lieusaint - Europropmarket\",\"isPartOf\":{\"@id\":\"https:\/\/www.europropmarket.com\/actualites\/#website\"},\"datePublished\":\"2024-07-02T08:13:22+00:00\",\"dateModified\":\"2024-07-02T08:13:22+00:00\",\"description\":\"Carr\u00e9 S\u00e9nart, situ\u00e9 \u00e0 Lieusaint en Seine-et-Marne, est l'un des projets d'am\u00e9nagement les plus ambitieux et novateurs de la r\u00e9gion IDF\",\"breadcrumb\":{\"@id\":\"https:\/\/www.europropmarket.com\/actualites\/le-quartier-de-carre-senart-a-lieusaint\/#breadcrumb\"},\"inLanguage\":\"fr-FR\",\"potentialAction\":[{\"@type\":\"ReadAction\",\"target\":[\"https:\/\/www.europropmarket.com\/actualites\/le-quartier-de-carre-senart-a-lieusaint\/\"]}]},{\"@type\":\"BreadcrumbList\",\"@id\":\"https:\/\/www.europropmarket.com\/actualites\/le-quartier-de-carre-senart-a-lieusaint\/#breadcrumb\",\"itemListElement\":[{\"@type\":\"ListItem\",\"position\":1,\"name\":\"Accueil\",\"item\":\"https:\/\/www.europropmarket.com\/actualites\/\"},{\"@type\":\"ListItem\",\"position\":2,\"name\":\"Le Quartier de Carr\u00e9 S\u00e9nart \u00e0 Lieusaint\"}]},{\"@type\":\"WebSite\",\"@id\":\"https:\/\/www.europropmarket.com\/actualites\/#website\",\"url\":\"https:\/\/www.europropmarket.com\/actualites\/\",\"name\":\"Europropmarket\",\"description\":\"\",\"publisher\":{\"@id\":\"https:\/\/www.europropmarket.com\/actualites\/#organization\"},\"potentialAction\":[{\"@type\":\"SearchAction\",\"target\":{\"@type\":\"EntryPoint\",\"urlTemplate\":\"https:\/\/www.europropmarket.com\/actualites\/?s={search_term_string}\"},\"query-input\":\"required name=search_term_string\"}],\"inLanguage\":\"fr-FR\"},{\"@type\":\"Organization\",\"@id\":\"https:\/\/www.europropmarket.com\/actualites\/#organization\",\"name\":\"Europropmarket\",\"url\":\"https:\/\/www.europropmarket.com\/actualites\/\",\"logo\":{\"@type\":\"ImageObject\",\"inLanguage\":\"fr-FR\",\"@id\":\"https:\/\/www.europropmarket.com\/actualites\/#\/schema\/logo\/image\/\",\"url\":\"https:\/\/www.europropmarket.com\/actualites\/wp-content\/uploads\/2021\/04\/logo.png\",\"contentUrl\":\"https:\/\/www.europropmarket.com\/actualites\/wp-content\/uploads\/2021\/04\/logo.png\",\"width\":204,\"height\":25,\"caption\":\"Europropmarket\"},\"image\":{\"@id\":\"https:\/\/www.europropmarket.com\/actualites\/#\/schema\/logo\/image\/\"}},{\"@type\":\"Person\",\"@id\":\"https:\/\/www.europropmarket.com\/actualites\/#\/schema\/person\/97027d62243b84ca18df0089bcbb10a8\",\"name\":\"St\u00e9phane BONTOUX\",\"image\":{\"@type\":\"ImageObject\",\"inLanguage\":\"fr-FR\",\"@id\":\"https:\/\/www.europropmarket.com\/actualites\/#\/schema\/person\/image\/\",\"url\":\"https:\/\/secure.gravatar.com\/avatar\/2e2408bccbefc28eb75eb64f0a5e748f653dd966b192e28b810a33dba3220ec5?s=96&d=mm&r=g\",\"contentUrl\":\"https:\/\/secure.gravatar.com\/avatar\/2e2408bccbefc28eb75eb64f0a5e748f653dd966b192e28b810a33dba3220ec5?s=96&d=mm&r=g\",\"caption\":\"St\u00e9phane BONTOUX\"},\"url\":\"https:\/\/www.europropmarket.com\/actualites\/author\/sbontoux\/\"}]}<\/script>\n<!-- \/ Yoast SEO plugin. -->","yoast_head_json":{"title":"Le Quartier de Carr\u00e9 S\u00e9nart \u00e0 Lieusaint - Europropmarket","description":"Carr\u00e9 S\u00e9nart, situ\u00e9 \u00e0 Lieusaint en Seine-et-Marne, est l'un des projets d'am\u00e9nagement les plus ambitieux et novateurs de la r\u00e9gion IDF","robots":{"index":"index","follow":"follow","max-snippet":"max-snippet:-1","max-image-preview":"max-image-preview:large","max-video-preview":"max-video-preview:-1"},"canonical":"https:\/\/www.europropmarket.com\/actualites\/le-quartier-de-carre-senart-a-lieusaint\/","og_locale":"fr_FR","og_type":"article","og_title":"Le Quartier de Carr\u00e9 S\u00e9nart \u00e0 Lieusaint - Europropmarket","og_description":"Carr\u00e9 S\u00e9nart, situ\u00e9 \u00e0 Lieusaint en Seine-et-Marne, est l'un des projets d'am\u00e9nagement les plus ambitieux et novateurs de la r\u00e9gion IDF","og_url":"https:\/\/www.europropmarket.com\/actualites\/le-quartier-de-carre-senart-a-lieusaint\/","og_site_name":"Europropmarket","article_published_time":"2024-07-02T08:13:22+00:00","og_image":[{"width":895,"height":597,"url":"https:\/\/www.europropmarket.com\/actualites\/wp-content\/uploads\/2024\/07\/000214725_91.jpg","type":"image\/jpeg"}],"author":"St\u00e9phane BONTOUX","twitter_card":"summary_large_image","twitter_misc":{"\u00c9crit par":"St\u00e9phane BONTOUX","Dur\u00e9e de lecture estim\u00e9e":"5 minutes"},"schema":{"@context":"https:\/\/schema.org","@graph":[{"@type":"Article","@id":"https:\/\/www.europropmarket.com\/actualites\/le-quartier-de-carre-senart-a-lieusaint\/#article","isPartOf":{"@id":"https:\/\/www.europropmarket.com\/actualites\/le-quartier-de-carre-senart-a-lieusaint\/"},"author":{"name":"St\u00e9phane BONTOUX","@id":"https:\/\/www.europropmarket.com\/actualites\/#\/schema\/person\/97027d62243b84ca18df0089bcbb10a8"},"headline":"Le Quartier de Carr\u00e9 S\u00e9nart \u00e0 Lieusaint","datePublished":"2024-07-02T08:13:22+00:00","dateModified":"2024-07-02T08:13:22+00:00","mainEntityOfPage":{"@id":"https:\/\/www.europropmarket.com\/actualites\/le-quartier-de-carre-senart-a-lieusaint\/"},"wordCount":1067,"publisher":{"@id":"https:\/\/www.europropmarket.com\/actualites\/#organization"},"articleSection":["March\u00e9 \/ Investissements"],"inLanguage":"fr-FR"},{"@type":"WebPage","@id":"https:\/\/www.europropmarket.com\/actualites\/le-quartier-de-carre-senart-a-lieusaint\/","url":"https:\/\/www.europropmarket.com\/actualites\/le-quartier-de-carre-senart-a-lieusaint\/","name":"Le Quartier de Carr\u00e9 S\u00e9nart \u00e0 Lieusaint - Europropmarket","isPartOf":{"@id":"https:\/\/www.europropmarket.com\/actualites\/#website"},"datePublished":"2024-07-02T08:13:22+00:00","dateModified":"2024-07-02T08:13:22+00:00","description":"Carr\u00e9 S\u00e9nart, situ\u00e9 \u00e0 Lieusaint en Seine-et-Marne, est l'un des projets d'am\u00e9nagement les plus ambitieux et novateurs de la r\u00e9gion IDF","breadcrumb":{"@id":"https:\/\/www.europropmarket.com\/actualites\/le-quartier-de-carre-senart-a-lieusaint\/#breadcrumb"},"inLanguage":"fr-FR","potentialAction":[{"@type":"ReadAction","target":["https:\/\/www.europropmarket.com\/actualites\/le-quartier-de-carre-senart-a-lieusaint\/"]}]},{"@type":"BreadcrumbList","@id":"https:\/\/www.europropmarket.com\/actualites\/le-quartier-de-carre-senart-a-lieusaint\/#breadcrumb","itemListElement":[{"@type":"ListItem","position":1,"name":"Accueil","item":"https:\/\/www.europropmarket.com\/actualites\/"},{"@type":"ListItem","position":2,"name":"Le Quartier de Carr\u00e9 S\u00e9nart \u00e0 Lieusaint"}]},{"@type":"WebSite","@id":"https:\/\/www.europropmarket.com\/actualites\/#website","url":"https:\/\/www.europropmarket.com\/actualites\/","name":"Europropmarket","description":"","publisher":{"@id":"https:\/\/www.europropmarket.com\/actualites\/#organization"},"potentialAction":[{"@type":"SearchAction","target":{"@type":"EntryPoint","urlTemplate":"https:\/\/www.europropmarket.com\/actualites\/?s={search_term_string}"},"query-input":"required name=search_term_string"}],"inLanguage":"fr-FR"},{"@type":"Organization","@id":"https:\/\/www.europropmarket.com\/actualites\/#organization","name":"Europropmarket","url":"https:\/\/www.europropmarket.com\/actualites\/","logo":{"@type":"ImageObject","inLanguage":"fr-FR","@id":"https:\/\/www.europropmarket.com\/actualites\/#\/schema\/logo\/image\/","url":"https:\/\/www.europropmarket.com\/actualites\/wp-content\/uploads\/2021\/04\/logo.png","contentUrl":"https:\/\/www.europropmarket.com\/actualites\/wp-content\/uploads\/2021\/04\/logo.png","width":204,"height":25,"caption":"Europropmarket"},"image":{"@id":"https:\/\/www.europropmarket.com\/actualites\/#\/schema\/logo\/image\/"}},{"@type":"Person","@id":"https:\/\/www.europropmarket.com\/actualites\/#\/schema\/person\/97027d62243b84ca18df0089bcbb10a8","name":"St\u00e9phane BONTOUX","image":{"@type":"ImageObject","inLanguage":"fr-FR","@id":"https:\/\/www.europropmarket.com\/actualites\/#\/schema\/person\/image\/","url":"https:\/\/secure.gravatar.com\/avatar\/2e2408bccbefc28eb75eb64f0a5e748f653dd966b192e28b810a33dba3220ec5?s=96&d=mm&r=g","contentUrl":"https:\/\/secure.gravatar.com\/avatar\/2e2408bccbefc28eb75eb64f0a5e748f653dd966b192e28b810a33dba3220ec5?s=96&d=mm&r=g","caption":"St\u00e9phane BONTOUX"},"url":"https:\/\/www.europropmarket.com\/actualites\/author\/sbontoux\/"}]}},"_links":{"self":[{"href":"https:\/\/www.europropmarket.com\/actualites\/wp-json\/wp\/v2\/posts\/2503","targetHints":{"allow":["GET"]}}],"collection":[{"href":"https:\/\/www.europropmarket.com\/actualites\/wp-json\/wp\/v2\/posts"}],"about":[{"href":"https:\/\/www.europropmarket.com\/actualites\/wp-json\/wp\/v2\/types\/post"}],"author":[{"embeddable":true,"href":"https:\/\/www.europropmarket.com\/actualites\/wp-json\/wp\/v2\/users\/4"}],"replies":[{"embeddable":true,"href":"https:\/\/www.europropmarket.com\/actualites\/wp-json\/wp\/v2\/comments?post=2503"}],"version-history":[{"count":2,"href":"https:\/\/www.europropmarket.com\/actualites\/wp-json\/wp\/v2\/posts\/2503\/revisions"}],"predecessor-version":[{"id":2522,"href":"https:\/\/www.europropmarket.com\/actualites\/wp-json\/wp\/v2\/posts\/2503\/revisions\/2522"}],"wp:featuredmedia":[{"embeddable":true,"href":"https:\/\/www.europropmarket.com\/actualites\/wp-json\/wp\/v2\/media\/2521"}],"wp:attachment":[{"href":"https:\/\/www.europropmarket.com\/actualites\/wp-json\/wp\/v2\/media?parent=2503"}],"wp:term":[{"taxonomy":"category","embeddable":true,"href":"https:\/\/www.europropmarket.com\/actualites\/wp-json\/wp\/v2\/categories?post=2503"},{"taxonomy":"post_tag","embeddable":true,"href":"https:\/\/www.europropmarket.com\/actualites\/wp-json\/wp\/v2\/tags?post=2503"}],"curies":[{"name":"wp","href":"https:\/\/api.w.org\/{rel}","templated":true}]}}