{"id":335,"date":"2021-01-18T14:52:35","date_gmt":"2021-01-18T13:52:35","guid":{"rendered":"https:\/\/www.europropmarket.com\/actualites\/?p=335"},"modified":"2022-07-01T10:00:07","modified_gmt":"2022-07-01T08:00:07","slug":"immobilier-logistique-vers-des-entrepots-verts","status":"publish","type":"post","link":"https:\/\/www.europropmarket.com\/actualites\/immobilier-logistique-vers-des-entrepots-verts\/","title":{"rendered":"Immobilier logistique : vers des entrep\u00f4ts \u00ab verts \u00bb"},"content":{"rendered":"<h2>Labels et certifications, quand performance rime avec investissement<\/h2>\n<p>Les <a href=\"https:\/\/www.europropmarket.com\/entrepot-local-activite\/\">b\u00e2timents logistiques<\/a> de demain doivent prendre en consid\u00e9ration les imp\u00e9ratifs environnementaux qui red\u00e9finissent actuellement l&rsquo;immobilier professionnel ; symboles d&rsquo;une volont\u00e9 visant \u00e0 r\u00e9duire l&#8217;empreinte carbone du secteur, les labels et certifications s&rsquo;imposent ainsi dans l&rsquo;\u00e9cosyst\u00e8me de la <a href=\"https:\/\/www.europropmarket.com\/actualites\/les-evolutions-en-cours-sur-le-marche-immobilier-logistique-au-premier-trimestre-2022\/\">supply-chain<\/a>. Parmi les principaux labels, HQE, BREEAM et LEED mesurent les performances \u00e9nerg\u00e9tiques des b\u00e2timents, le confort acoustique, le respect de la biodiversit\u00e9 ou encore la prise en compte des donn\u00e9es \u00e9cologiques durant le cycle de vie du site consid\u00e9r\u00e9. Des labels et certifications qui permettent en outre de minimiser les co\u00fbts d&rsquo;exploitation et de maintenance des b\u00e2timents, et qui int\u00e9ressent de plus en plus les investisseurs : la gestion responsable des actifs immobiliers permet en effet \u00e0 ces derniers de p\u00e9renniser la valeur de leurs portefeuilles. Par cons\u00e9quent les lignes de cr\u00e9dit et les obligations vertes lanc\u00e9es depuis quelques ann\u00e9es par des soci\u00e9t\u00e9s fonci\u00e8res et promoteurs se basent sur le financement de projets certifi\u00e9s, \u00e0 l&rsquo;instar du green bond de 500 millions d&rsquo;euros \u00e9mis par Covivio en 2016, ou de celui de 600 millions d&rsquo;euros \u00e9mis par Icade en 2017.<\/p>\n<h2>L&rsquo;\u00e9mergence de nouveaux entrep\u00f4ts \u00e9conomes en \u00e9nergie<\/h2>\n<p>Dans cette perspective de rentabilisation des sites logistiques, les entrep\u00f4ts se focalisent particuli\u00e8rement sur la<a href=\"https:\/\/www.ecologie.gouv.fr\/diagnostic-performance-energetique-dpe#:~:text=Le%20diagnostic%20de%20performance%20%C3%A9nerg%C3%A9tique,gaz%20%C3%A0%20effet%20de%20serre.\"> performance \u00e9nerg\u00e9tique<\/a> : la diminution de la consommation \u00e9lectrique notamment passe par l&rsquo;optimisation de l&rsquo;\u00e9clairage des b\u00e2timents (neufs ou d\u00e9j\u00e0 existants), par exemple gr\u00e2ce \u00e0 l&rsquo;installation de panneaux photovolta\u00efques ou l&rsquo;am\u00e9lioration de la luminosit\u00e9 naturelle. Concernant l&rsquo;eau, des syst\u00e8mes de r\u00e9cup\u00e9ration des eaux pluviales permettent leur r\u00e9utilisation pour les usages sanitaires et l&rsquo;entretien des divers espaces des sites. La RT 2020 insiste d\u00e9sormais sur la notion de b\u00e2timent \u00e0 \u00e9nergie positive et les initiatives vertes du secteur logistique ne manquent pas : le P\u00f4le d&rsquo;intelligence logistique (Pil&rsquo;es) au c\u0153ur du Parc d&rsquo;activit\u00e9s de Chesnes (38) vise ainsi \u00e0 accompagner les acteurs de la logistique vers des pratiques plus durables, \u00e0 travers un volet environnemental sur l&rsquo;am\u00e9nagement et le b\u00e2ti logistique.<\/p>\n","protected":false},"excerpt":{"rendered":"<p>Labels et certifications, quand performance rime avec investissement Les b\u00e2timents logistiques de demain doivent prendre en consid\u00e9ration les imp\u00e9ratifs environnementaux qui red\u00e9finissent actuellement l&rsquo;immobilier professionnel ; symboles d&rsquo;une volont\u00e9 visant \u00e0 r\u00e9duire l&#8217;empreinte carbone du secteur, les labels et certifications s&rsquo;imposent ainsi dans l&rsquo;\u00e9cosyst\u00e8me de la supply-chain. Parmi les principaux labels, HQE, BREEAM et LEED [&hellip;]<\/p>\n","protected":false},"author":2,"featured_media":934,"comment_status":"closed","ping_status":"closed","sticky":false,"template":"","format":"standard","meta":{"footnotes":""},"categories":[7,8],"tags":[17,28,23],"class_list":["post-335","post","type-post","status-publish","format-standard","has-post-thumbnail","hentry","category-entrepots","category-locaux-dactivites","tag-entrepots","tag-locaux-dactivites","tag-supply-chain","entry","has-media"],"yoast_head":"<!-- This site is optimized with the Yoast SEO plugin v19.13 - https:\/\/yoast.com\/wordpress\/plugins\/seo\/ -->\n<title>probl\u00e9matiques environnementales au sein des b\u00e2timents logistiques<\/title>\n<meta name=\"description\" content=\"Les sites logistiques int\u00e8grent d\u00e9sormais les probl\u00e9matiques environnementales \u00e0 la construction et \u00e0 l&#039;utilisation des b\u00e2timents.\" \/>\n<meta name=\"robots\" content=\"index, follow, max-snippet:-1, max-image-preview:large, max-video-preview:-1\" \/>\n<link rel=\"canonical\" href=\"https:\/\/www.europropmarket.com\/actualites\/immobilier-logistique-vers-des-entrepots-verts\/\" \/>\n<meta property=\"og:locale\" content=\"fr_FR\" \/>\n<meta property=\"og:type\" content=\"article\" \/>\n<meta property=\"og:title\" content=\"probl\u00e9matiques environnementales au sein des b\u00e2timents logistiques\" \/>\n<meta property=\"og:description\" content=\"Les sites logistiques int\u00e8grent d\u00e9sormais les probl\u00e9matiques environnementales \u00e0 la construction et \u00e0 l&#039;utilisation des b\u00e2timents.\" \/>\n<meta property=\"og:url\" content=\"https:\/\/www.europropmarket.com\/actualites\/immobilier-logistique-vers-des-entrepots-verts\/\" \/>\n<meta property=\"og:site_name\" content=\"Europropmarket\" \/>\n<meta property=\"article:published_time\" content=\"2021-01-18T13:52:35+00:00\" \/>\n<meta property=\"article:modified_time\" content=\"2022-07-01T08:00:07+00:00\" \/>\n<meta property=\"og:image\" content=\"https:\/\/www.europropmarket.com\/actualites\/wp-content\/uploads\/2021\/01\/Logs-2.jpg\" \/>\n\t<meta property=\"og:image:width\" content=\"1348\" \/>\n\t<meta property=\"og:image:height\" content=\"525\" \/>\n\t<meta property=\"og:image:type\" content=\"image\/jpeg\" \/>\n<meta name=\"author\" content=\"gcornali\" \/>\n<meta name=\"twitter:card\" content=\"summary_large_image\" \/>\n<meta name=\"twitter:label1\" content=\"\u00c9crit par\" \/>\n\t<meta name=\"twitter:data1\" content=\"gcornali\" \/>\n\t<meta name=\"twitter:label2\" content=\"Dur\u00e9e de lecture estim\u00e9e\" \/>\n\t<meta name=\"twitter:data2\" content=\"2 minutes\" \/>\n<script type=\"application\/ld+json\" class=\"yoast-schema-graph\">{\"@context\":\"https:\/\/schema.org\",\"@graph\":[{\"@type\":\"Article\",\"@id\":\"https:\/\/www.europropmarket.com\/actualites\/immobilier-logistique-vers-des-entrepots-verts\/#article\",\"isPartOf\":{\"@id\":\"https:\/\/www.europropmarket.com\/actualites\/immobilier-logistique-vers-des-entrepots-verts\/\"},\"author\":{\"name\":\"gcornali\",\"@id\":\"https:\/\/www.europropmarket.com\/actualites\/#\/schema\/person\/a1a2fc7052204bfc3d820384b1488e01\"},\"headline\":\"Immobilier logistique : vers des entrep\u00f4ts \u00ab verts \u00bb\",\"datePublished\":\"2021-01-18T13:52:35+00:00\",\"dateModified\":\"2022-07-01T08:00:07+00:00\",\"mainEntityOfPage\":{\"@id\":\"https:\/\/www.europropmarket.com\/actualites\/immobilier-logistique-vers-des-entrepots-verts\/\"},\"wordCount\":364,\"publisher\":{\"@id\":\"https:\/\/www.europropmarket.com\/actualites\/#organization\"},\"keywords\":[\"entrep\u00f4ts\",\"Locaux d\u2019activit\u00e9s\",\"supply-chain\"],\"articleSection\":[\"Entrep\u00f4ts\",\"Locaux d'activit\u00e9s\"],\"inLanguage\":\"fr-FR\"},{\"@type\":\"WebPage\",\"@id\":\"https:\/\/www.europropmarket.com\/actualites\/immobilier-logistique-vers-des-entrepots-verts\/\",\"url\":\"https:\/\/www.europropmarket.com\/actualites\/immobilier-logistique-vers-des-entrepots-verts\/\",\"name\":\"probl\u00e9matiques environnementales au sein des b\u00e2timents logistiques\",\"isPartOf\":{\"@id\":\"https:\/\/www.europropmarket.com\/actualites\/#website\"},\"datePublished\":\"2021-01-18T13:52:35+00:00\",\"dateModified\":\"2022-07-01T08:00:07+00:00\",\"description\":\"Les sites logistiques int\u00e8grent d\u00e9sormais les probl\u00e9matiques environnementales \u00e0 la construction et \u00e0 l'utilisation des b\u00e2timents.\",\"breadcrumb\":{\"@id\":\"https:\/\/www.europropmarket.com\/actualites\/immobilier-logistique-vers-des-entrepots-verts\/#breadcrumb\"},\"inLanguage\":\"fr-FR\",\"potentialAction\":[{\"@type\":\"ReadAction\",\"target\":[\"https:\/\/www.europropmarket.com\/actualites\/immobilier-logistique-vers-des-entrepots-verts\/\"]}]},{\"@type\":\"BreadcrumbList\",\"@id\":\"https:\/\/www.europropmarket.com\/actualites\/immobilier-logistique-vers-des-entrepots-verts\/#breadcrumb\",\"itemListElement\":[{\"@type\":\"ListItem\",\"position\":1,\"name\":\"Accueil\",\"item\":\"https:\/\/www.europropmarket.com\/actualites\/\"},{\"@type\":\"ListItem\",\"position\":2,\"name\":\"Immobilier logistique : vers des entrep\u00f4ts \u00ab verts \u00bb\"}]},{\"@type\":\"WebSite\",\"@id\":\"https:\/\/www.europropmarket.com\/actualites\/#website\",\"url\":\"https:\/\/www.europropmarket.com\/actualites\/\",\"name\":\"Europropmarket\",\"description\":\"\",\"publisher\":{\"@id\":\"https:\/\/www.europropmarket.com\/actualites\/#organization\"},\"potentialAction\":[{\"@type\":\"SearchAction\",\"target\":{\"@type\":\"EntryPoint\",\"urlTemplate\":\"https:\/\/www.europropmarket.com\/actualites\/?s={search_term_string}\"},\"query-input\":\"required name=search_term_string\"}],\"inLanguage\":\"fr-FR\"},{\"@type\":\"Organization\",\"@id\":\"https:\/\/www.europropmarket.com\/actualites\/#organization\",\"name\":\"Europropmarket\",\"url\":\"https:\/\/www.europropmarket.com\/actualites\/\",\"logo\":{\"@type\":\"ImageObject\",\"inLanguage\":\"fr-FR\",\"@id\":\"https:\/\/www.europropmarket.com\/actualites\/#\/schema\/logo\/image\/\",\"url\":\"https:\/\/www.europropmarket.com\/actualites\/wp-content\/uploads\/2021\/04\/logo.png\",\"contentUrl\":\"https:\/\/www.europropmarket.com\/actualites\/wp-content\/uploads\/2021\/04\/logo.png\",\"width\":204,\"height\":25,\"caption\":\"Europropmarket\"},\"image\":{\"@id\":\"https:\/\/www.europropmarket.com\/actualites\/#\/schema\/logo\/image\/\"}},{\"@type\":\"Person\",\"@id\":\"https:\/\/www.europropmarket.com\/actualites\/#\/schema\/person\/a1a2fc7052204bfc3d820384b1488e01\",\"name\":\"gcornali\",\"image\":{\"@type\":\"ImageObject\",\"inLanguage\":\"fr-FR\",\"@id\":\"https:\/\/www.europropmarket.com\/actualites\/#\/schema\/person\/image\/\",\"url\":\"https:\/\/secure.gravatar.com\/avatar\/be9194214014a77e1a18b6a6580c528cf8fd1bf7cf4c7cffe92d34221f5088a8?s=96&d=mm&r=g\",\"contentUrl\":\"https:\/\/secure.gravatar.com\/avatar\/be9194214014a77e1a18b6a6580c528cf8fd1bf7cf4c7cffe92d34221f5088a8?s=96&d=mm&r=g\",\"caption\":\"gcornali\"},\"sameAs\":[\"https:\/\/www.europropmarket.com\/actualites\"],\"url\":\"https:\/\/www.europropmarket.com\/actualites\/author\/gcornali\/\"}]}<\/script>\n<!-- \/ Yoast SEO plugin. -->","yoast_head_json":{"title":"probl\u00e9matiques environnementales au sein des b\u00e2timents logistiques","description":"Les sites logistiques int\u00e8grent d\u00e9sormais les probl\u00e9matiques environnementales \u00e0 la construction et \u00e0 l'utilisation des b\u00e2timents.","robots":{"index":"index","follow":"follow","max-snippet":"max-snippet:-1","max-image-preview":"max-image-preview:large","max-video-preview":"max-video-preview:-1"},"canonical":"https:\/\/www.europropmarket.com\/actualites\/immobilier-logistique-vers-des-entrepots-verts\/","og_locale":"fr_FR","og_type":"article","og_title":"probl\u00e9matiques environnementales au sein des b\u00e2timents logistiques","og_description":"Les sites logistiques int\u00e8grent d\u00e9sormais les probl\u00e9matiques environnementales \u00e0 la construction et \u00e0 l'utilisation des b\u00e2timents.","og_url":"https:\/\/www.europropmarket.com\/actualites\/immobilier-logistique-vers-des-entrepots-verts\/","og_site_name":"Europropmarket","article_published_time":"2021-01-18T13:52:35+00:00","article_modified_time":"2022-07-01T08:00:07+00:00","og_image":[{"width":1348,"height":525,"url":"https:\/\/www.europropmarket.com\/actualites\/wp-content\/uploads\/2021\/01\/Logs-2.jpg","type":"image\/jpeg"}],"author":"gcornali","twitter_card":"summary_large_image","twitter_misc":{"\u00c9crit par":"gcornali","Dur\u00e9e de lecture estim\u00e9e":"2 minutes"},"schema":{"@context":"https:\/\/schema.org","@graph":[{"@type":"Article","@id":"https:\/\/www.europropmarket.com\/actualites\/immobilier-logistique-vers-des-entrepots-verts\/#article","isPartOf":{"@id":"https:\/\/www.europropmarket.com\/actualites\/immobilier-logistique-vers-des-entrepots-verts\/"},"author":{"name":"gcornali","@id":"https:\/\/www.europropmarket.com\/actualites\/#\/schema\/person\/a1a2fc7052204bfc3d820384b1488e01"},"headline":"Immobilier logistique : vers des entrep\u00f4ts \u00ab verts \u00bb","datePublished":"2021-01-18T13:52:35+00:00","dateModified":"2022-07-01T08:00:07+00:00","mainEntityOfPage":{"@id":"https:\/\/www.europropmarket.com\/actualites\/immobilier-logistique-vers-des-entrepots-verts\/"},"wordCount":364,"publisher":{"@id":"https:\/\/www.europropmarket.com\/actualites\/#organization"},"keywords":["entrep\u00f4ts","Locaux d\u2019activit\u00e9s","supply-chain"],"articleSection":["Entrep\u00f4ts","Locaux d'activit\u00e9s"],"inLanguage":"fr-FR"},{"@type":"WebPage","@id":"https:\/\/www.europropmarket.com\/actualites\/immobilier-logistique-vers-des-entrepots-verts\/","url":"https:\/\/www.europropmarket.com\/actualites\/immobilier-logistique-vers-des-entrepots-verts\/","name":"probl\u00e9matiques environnementales au sein des b\u00e2timents logistiques","isPartOf":{"@id":"https:\/\/www.europropmarket.com\/actualites\/#website"},"datePublished":"2021-01-18T13:52:35+00:00","dateModified":"2022-07-01T08:00:07+00:00","description":"Les sites logistiques int\u00e8grent d\u00e9sormais les probl\u00e9matiques environnementales \u00e0 la construction et \u00e0 l'utilisation des b\u00e2timents.","breadcrumb":{"@id":"https:\/\/www.europropmarket.com\/actualites\/immobilier-logistique-vers-des-entrepots-verts\/#breadcrumb"},"inLanguage":"fr-FR","potentialAction":[{"@type":"ReadAction","target":["https:\/\/www.europropmarket.com\/actualites\/immobilier-logistique-vers-des-entrepots-verts\/"]}]},{"@type":"BreadcrumbList","@id":"https:\/\/www.europropmarket.com\/actualites\/immobilier-logistique-vers-des-entrepots-verts\/#breadcrumb","itemListElement":[{"@type":"ListItem","position":1,"name":"Accueil","item":"https:\/\/www.europropmarket.com\/actualites\/"},{"@type":"ListItem","position":2,"name":"Immobilier logistique : vers des entrep\u00f4ts \u00ab verts \u00bb"}]},{"@type":"WebSite","@id":"https:\/\/www.europropmarket.com\/actualites\/#website","url":"https:\/\/www.europropmarket.com\/actualites\/","name":"Europropmarket","description":"","publisher":{"@id":"https:\/\/www.europropmarket.com\/actualites\/#organization"},"potentialAction":[{"@type":"SearchAction","target":{"@type":"EntryPoint","urlTemplate":"https:\/\/www.europropmarket.com\/actualites\/?s={search_term_string}"},"query-input":"required name=search_term_string"}],"inLanguage":"fr-FR"},{"@type":"Organization","@id":"https:\/\/www.europropmarket.com\/actualites\/#organization","name":"Europropmarket","url":"https:\/\/www.europropmarket.com\/actualites\/","logo":{"@type":"ImageObject","inLanguage":"fr-FR","@id":"https:\/\/www.europropmarket.com\/actualites\/#\/schema\/logo\/image\/","url":"https:\/\/www.europropmarket.com\/actualites\/wp-content\/uploads\/2021\/04\/logo.png","contentUrl":"https:\/\/www.europropmarket.com\/actualites\/wp-content\/uploads\/2021\/04\/logo.png","width":204,"height":25,"caption":"Europropmarket"},"image":{"@id":"https:\/\/www.europropmarket.com\/actualites\/#\/schema\/logo\/image\/"}},{"@type":"Person","@id":"https:\/\/www.europropmarket.com\/actualites\/#\/schema\/person\/a1a2fc7052204bfc3d820384b1488e01","name":"gcornali","image":{"@type":"ImageObject","inLanguage":"fr-FR","@id":"https:\/\/www.europropmarket.com\/actualites\/#\/schema\/person\/image\/","url":"https:\/\/secure.gravatar.com\/avatar\/be9194214014a77e1a18b6a6580c528cf8fd1bf7cf4c7cffe92d34221f5088a8?s=96&d=mm&r=g","contentUrl":"https:\/\/secure.gravatar.com\/avatar\/be9194214014a77e1a18b6a6580c528cf8fd1bf7cf4c7cffe92d34221f5088a8?s=96&d=mm&r=g","caption":"gcornali"},"sameAs":["https:\/\/www.europropmarket.com\/actualites"],"url":"https:\/\/www.europropmarket.com\/actualites\/author\/gcornali\/"}]}},"_links":{"self":[{"href":"https:\/\/www.europropmarket.com\/actualites\/wp-json\/wp\/v2\/posts\/335","targetHints":{"allow":["GET"]}}],"collection":[{"href":"https:\/\/www.europropmarket.com\/actualites\/wp-json\/wp\/v2\/posts"}],"about":[{"href":"https:\/\/www.europropmarket.com\/actualites\/wp-json\/wp\/v2\/types\/post"}],"author":[{"embeddable":true,"href":"https:\/\/www.europropmarket.com\/actualites\/wp-json\/wp\/v2\/users\/2"}],"replies":[{"embeddable":true,"href":"https:\/\/www.europropmarket.com\/actualites\/wp-json\/wp\/v2\/comments?post=335"}],"version-history":[{"count":3,"href":"https:\/\/www.europropmarket.com\/actualites\/wp-json\/wp\/v2\/posts\/335\/revisions"}],"predecessor-version":[{"id":936,"href":"https:\/\/www.europropmarket.com\/actualites\/wp-json\/wp\/v2\/posts\/335\/revisions\/936"}],"wp:featuredmedia":[{"embeddable":true,"href":"https:\/\/www.europropmarket.com\/actualites\/wp-json\/wp\/v2\/media\/934"}],"wp:attachment":[{"href":"https:\/\/www.europropmarket.com\/actualites\/wp-json\/wp\/v2\/media?parent=335"}],"wp:term":[{"taxonomy":"category","embeddable":true,"href":"https:\/\/www.europropmarket.com\/actualites\/wp-json\/wp\/v2\/categories?post=335"},{"taxonomy":"post_tag","embeddable":true,"href":"https:\/\/www.europropmarket.com\/actualites\/wp-json\/wp\/v2\/tags?post=335"}],"curies":[{"name":"wp","href":"https:\/\/api.w.org\/{rel}","templated":true}]}}