{"id":340,"date":"2021-01-20T21:32:18","date_gmt":"2021-01-20T20:32:18","guid":{"rendered":"https:\/\/www.europropmarket.com\/actualites\/?p=340"},"modified":"2022-07-01T09:33:10","modified_gmt":"2022-07-01T07:33:10","slug":"le-projet-the-link-a-la-defense","status":"publish","type":"post","link":"https:\/\/www.europropmarket.com\/actualites\/le-projet-the-link-a-la-defense\/","title":{"rendered":"Le projet \u00ab The Link \u00bb \u00e0 La D\u00e9fense"},"content":{"rendered":"<h2>La r\u00e9silience de l&rsquo;immobilier de bureaux parisien<\/h2>\n<p>Malgr\u00e9 d&rsquo;\u00e9vidents ralentissements, la crise sanitaire est loin d&rsquo;avoir stopp\u00e9 le d\u00e9veloppement du march\u00e9 immobilier de bureaux ; parmi les quartiers d&rsquo;affaires qui confirment leur attractivit\u00e9 en 2020\/2021, celui de <a href=\"https:\/\/www.europropmarket.com\/bureau\/location\/92-hauts-de-seine\/\">la D\u00e9fense<\/a> se distingue \u00e0 travers le projet \u00ab The Link \u00bb dans le quartier Michelet. The Link se compose deux tours reli\u00e9es sur 30 niveaux par des passerelles \u2013 d&rsquo;o\u00f9 le nom du projet \u00ab Link \u00bb \u2013 v\u00e9g\u00e9talis\u00e9es. L&rsquo;aile \u00ab Arche \u00bb et ses 50 \u00e9tages s&rsquo;\u00e9l\u00e8veront \u00e0 228 m\u00e8tres au-dessus du Parvis, et l&rsquo;aile \u00ab Seine \u00bb \u00e0 165 m\u00e8tres avec 35 \u00e9tages. L&rsquo;ensemble reposera sur un socle commun de trois niveaux entre le boulevard urbain et le parvis. Les salari\u00e9s et collaborateurs amen\u00e9s \u00e0 travailler sur le site b\u00e9n\u00e9ficieront au total de pr\u00e8s de 130 000m\u00b2 de bureaux, espaces de coworking, auditoriums, incubateurs internes, espaces de restauration et m\u00eame salle de sport. Dans un contexte de crise li\u00e9 \u00e0 la Covid-19, le projet \u00ab The Link \u00bb t\u00e9moigne de la r\u00e9silience de l&rsquo;immobilier de bureaux, qui continue de restructurer les paysages urbains. The Link amorce ainsi la r\u00e9novation du cours Michelet, tout en contribuant financi\u00e8rement \u00e0 la restructuration de la station Esplanade (Metro 1). Les occupants de l&rsquo;immeuble pourront \u00e9galement b\u00e9n\u00e9ficier d&rsquo;un jardin d&rsquo;hiver, tandis que l&rsquo;ensemble du site offrira une importante luminosit\u00e9 naturelle gr\u00e2ce \u00e0 un clair de vitrage maximal sol-plafond.<\/p>\n<h2>Des espaces pens\u00e9s en fonction des dynamiques actuelles<\/h2>\n<p>Mais au-del\u00e0 de l&rsquo;esth\u00e9tique et de l&rsquo;urbanisme, The Link est un projet adapt\u00e9 aux imp\u00e9ratifs actuels en termes d&rsquo;organisation du travail et de QVT (qualit\u00e9 de vie au travail). Outre ses passerelles v\u00e9g\u00e9talis\u00e9es qui s&rsquo;inscrivent dans la perspective de \u00ab verdissement \u00bb des agglom\u00e9rations, les tours Link sont labellis\u00e9es HQE Exceptionnel et contribuent ainsi \u00e0 r\u00e9duire les \u00e9missions de carbone issues du secteur tertiaire. Con\u00e7u pour r\u00e9pondre aux exigences actuelles en termes de flexibilit\u00e9, le projet \u00ab The Link \u00bb s&rsquo;adapte \u00e0 toutes les configurations : bureaux cloisonn\u00e9, open space, espaces mixtes, <a href=\"https:\/\/www.europropmarket.com\/actualites\/coworking-proworking-corpoworking-les-differents-types-despaces-collaboratifs\/\">flex office<\/a>, salles de travail connect\u00e9es, box, locaux d&rsquo;isolement. Les syst\u00e8mes de traitement de l&rsquo;air situ\u00e9s toutes les deux trames de fa\u00e7ade peuvent distribuer de 30 \u00e0 300\u2009m3 d&rsquo;air neuf, soit l&rsquo;\u00e9quivalent des besoins d&rsquo;une \u00e0 dix personnes. Les d\u00e9bits d&rsquo;air neuf sont de plus adaptables en fonction de l&rsquo;activit\u00e9 men\u00e9e dans les locaux, r\u00e9pondant aux imp\u00e9ratifs en mati\u00e8re de qualit\u00e9 de l&rsquo;air int\u00e9rieur. The Link peut ainsi garantir la s\u00e9curit\u00e9 sanitaire des salari\u00e9s et collaborateurs dans un contexte marqu\u00e9 par la Covid-19. Toujours dans une logique eco-friendly, les tours sont dot\u00e9es d&rsquo;une fa\u00e7ade en double peau pour une meilleure isolation thermique avec en outre des panneaux photovolta\u00efques install\u00e9s sur une surface de 4200m\u00b2. The Link se distingue ainsi \u00e9galement par une volont\u00e9 affirm\u00e9e de r\u00e9duire autant que possible la consommation \u00e9nerg\u00e9tique des immeubles de bureaux.<\/p>\n","protected":false},"excerpt":{"rendered":"<p>La r\u00e9silience de l&rsquo;immobilier de bureaux parisien Malgr\u00e9 d&rsquo;\u00e9vidents ralentissements, la crise sanitaire est loin d&rsquo;avoir stopp\u00e9 le d\u00e9veloppement du march\u00e9 immobilier de bureaux ; parmi les quartiers d&rsquo;affaires qui confirment leur attractivit\u00e9 en 2020\/2021, celui de la D\u00e9fense se distingue \u00e0 travers le projet \u00ab The Link \u00bb dans le quartier Michelet. The Link [&hellip;]<\/p>\n","protected":false},"author":2,"featured_media":928,"comment_status":"closed","ping_status":"closed","sticky":false,"template":"","format":"standard","meta":{"footnotes":""},"categories":[1],"tags":[13,34,67,88],"class_list":["post-340","post","type-post","status-publish","format-standard","has-post-thumbnail","hentry","category-non-classe","tag-bureau","tag-bureaux","tag-bureaux-paris","tag-la-defense","entry","has-media"],"yoast_head":"<!-- This site is optimized with the Yoast SEO plugin v19.13 - https:\/\/yoast.com\/wordpress\/plugins\/seo\/ -->\n<title>Immobilier de bureaux : \u00ab the Link \u00bb dans le quartier d&#039;affaire de la D\u00e9fense<\/title>\n<meta name=\"description\" content=\"comme le d\u00e9montre le projet \u00ab the Link \u00bb \u00e0 La D\u00e9fense : un site tertiaire qui combine les imp\u00e9ratifs \u00e9cologiques aux exigences de QVT.\" \/>\n<meta name=\"robots\" content=\"index, follow, max-snippet:-1, max-image-preview:large, max-video-preview:-1\" \/>\n<link rel=\"canonical\" href=\"https:\/\/www.europropmarket.com\/actualites\/le-projet-the-link-a-la-defense\/\" \/>\n<meta property=\"og:locale\" content=\"fr_FR\" \/>\n<meta property=\"og:type\" content=\"article\" \/>\n<meta property=\"og:title\" content=\"Immobilier de bureaux : \u00ab the Link \u00bb dans le quartier d&#039;affaire de la D\u00e9fense\" \/>\n<meta property=\"og:description\" content=\"comme le d\u00e9montre le projet \u00ab the Link \u00bb \u00e0 La D\u00e9fense : un site tertiaire qui combine les imp\u00e9ratifs \u00e9cologiques aux exigences de QVT.\" \/>\n<meta property=\"og:url\" content=\"https:\/\/www.europropmarket.com\/actualites\/le-projet-the-link-a-la-defense\/\" \/>\n<meta property=\"og:site_name\" content=\"Europropmarket\" \/>\n<meta property=\"article:published_time\" content=\"2021-01-20T20:32:18+00:00\" \/>\n<meta property=\"article:modified_time\" content=\"2022-07-01T07:33:10+00:00\" \/>\n<meta property=\"og:image\" content=\"https:\/\/www.europropmarket.com\/actualites\/wp-content\/uploads\/2021\/01\/08-Vue-Haute.jpg\" \/>\n\t<meta property=\"og:image:width\" content=\"1920\" \/>\n\t<meta property=\"og:image:height\" content=\"749\" \/>\n\t<meta property=\"og:image:type\" content=\"image\/jpeg\" \/>\n<meta name=\"author\" content=\"gcornali\" \/>\n<meta name=\"twitter:card\" content=\"summary_large_image\" \/>\n<meta name=\"twitter:label1\" content=\"\u00c9crit par\" \/>\n\t<meta name=\"twitter:data1\" content=\"gcornali\" \/>\n\t<meta name=\"twitter:label2\" content=\"Dur\u00e9e de lecture estim\u00e9e\" \/>\n\t<meta name=\"twitter:data2\" content=\"2 minutes\" \/>\n<script type=\"application\/ld+json\" class=\"yoast-schema-graph\">{\"@context\":\"https:\/\/schema.org\",\"@graph\":[{\"@type\":\"Article\",\"@id\":\"https:\/\/www.europropmarket.com\/actualites\/le-projet-the-link-a-la-defense\/#article\",\"isPartOf\":{\"@id\":\"https:\/\/www.europropmarket.com\/actualites\/le-projet-the-link-a-la-defense\/\"},\"author\":{\"name\":\"gcornali\",\"@id\":\"https:\/\/www.europropmarket.com\/actualites\/#\/schema\/person\/a1a2fc7052204bfc3d820384b1488e01\"},\"headline\":\"Le projet \u00ab The Link \u00bb \u00e0 La D\u00e9fense\",\"datePublished\":\"2021-01-20T20:32:18+00:00\",\"dateModified\":\"2022-07-01T07:33:10+00:00\",\"mainEntityOfPage\":{\"@id\":\"https:\/\/www.europropmarket.com\/actualites\/le-projet-the-link-a-la-defense\/\"},\"wordCount\":494,\"publisher\":{\"@id\":\"https:\/\/www.europropmarket.com\/actualites\/#organization\"},\"keywords\":[\"Bureau\",\"bureaux\",\"Bureaux Paris\",\"La d\u00e9fense\"],\"inLanguage\":\"fr-FR\"},{\"@type\":\"WebPage\",\"@id\":\"https:\/\/www.europropmarket.com\/actualites\/le-projet-the-link-a-la-defense\/\",\"url\":\"https:\/\/www.europropmarket.com\/actualites\/le-projet-the-link-a-la-defense\/\",\"name\":\"Immobilier de bureaux : \u00ab the Link \u00bb dans le quartier d'affaire de la D\u00e9fense\",\"isPartOf\":{\"@id\":\"https:\/\/www.europropmarket.com\/actualites\/#website\"},\"datePublished\":\"2021-01-20T20:32:18+00:00\",\"dateModified\":\"2022-07-01T07:33:10+00:00\",\"description\":\"comme le d\u00e9montre le projet \u00ab the Link \u00bb \u00e0 La D\u00e9fense : un site tertiaire qui combine les imp\u00e9ratifs \u00e9cologiques aux exigences de QVT.\",\"breadcrumb\":{\"@id\":\"https:\/\/www.europropmarket.com\/actualites\/le-projet-the-link-a-la-defense\/#breadcrumb\"},\"inLanguage\":\"fr-FR\",\"potentialAction\":[{\"@type\":\"ReadAction\",\"target\":[\"https:\/\/www.europropmarket.com\/actualites\/le-projet-the-link-a-la-defense\/\"]}]},{\"@type\":\"BreadcrumbList\",\"@id\":\"https:\/\/www.europropmarket.com\/actualites\/le-projet-the-link-a-la-defense\/#breadcrumb\",\"itemListElement\":[{\"@type\":\"ListItem\",\"position\":1,\"name\":\"Accueil\",\"item\":\"https:\/\/www.europropmarket.com\/actualites\/\"},{\"@type\":\"ListItem\",\"position\":2,\"name\":\"Le projet \u00ab The Link \u00bb \u00e0 La D\u00e9fense\"}]},{\"@type\":\"WebSite\",\"@id\":\"https:\/\/www.europropmarket.com\/actualites\/#website\",\"url\":\"https:\/\/www.europropmarket.com\/actualites\/\",\"name\":\"Europropmarket\",\"description\":\"\",\"publisher\":{\"@id\":\"https:\/\/www.europropmarket.com\/actualites\/#organization\"},\"potentialAction\":[{\"@type\":\"SearchAction\",\"target\":{\"@type\":\"EntryPoint\",\"urlTemplate\":\"https:\/\/www.europropmarket.com\/actualites\/?s={search_term_string}\"},\"query-input\":\"required name=search_term_string\"}],\"inLanguage\":\"fr-FR\"},{\"@type\":\"Organization\",\"@id\":\"https:\/\/www.europropmarket.com\/actualites\/#organization\",\"name\":\"Europropmarket\",\"url\":\"https:\/\/www.europropmarket.com\/actualites\/\",\"logo\":{\"@type\":\"ImageObject\",\"inLanguage\":\"fr-FR\",\"@id\":\"https:\/\/www.europropmarket.com\/actualites\/#\/schema\/logo\/image\/\",\"url\":\"https:\/\/www.europropmarket.com\/actualites\/wp-content\/uploads\/2021\/04\/logo.png\",\"contentUrl\":\"https:\/\/www.europropmarket.com\/actualites\/wp-content\/uploads\/2021\/04\/logo.png\",\"width\":204,\"height\":25,\"caption\":\"Europropmarket\"},\"image\":{\"@id\":\"https:\/\/www.europropmarket.com\/actualites\/#\/schema\/logo\/image\/\"}},{\"@type\":\"Person\",\"@id\":\"https:\/\/www.europropmarket.com\/actualites\/#\/schema\/person\/a1a2fc7052204bfc3d820384b1488e01\",\"name\":\"gcornali\",\"image\":{\"@type\":\"ImageObject\",\"inLanguage\":\"fr-FR\",\"@id\":\"https:\/\/www.europropmarket.com\/actualites\/#\/schema\/person\/image\/\",\"url\":\"https:\/\/secure.gravatar.com\/avatar\/be9194214014a77e1a18b6a6580c528cf8fd1bf7cf4c7cffe92d34221f5088a8?s=96&d=mm&r=g\",\"contentUrl\":\"https:\/\/secure.gravatar.com\/avatar\/be9194214014a77e1a18b6a6580c528cf8fd1bf7cf4c7cffe92d34221f5088a8?s=96&d=mm&r=g\",\"caption\":\"gcornali\"},\"sameAs\":[\"https:\/\/www.europropmarket.com\/actualites\"],\"url\":\"https:\/\/www.europropmarket.com\/actualites\/author\/gcornali\/\"}]}<\/script>\n<!-- \/ Yoast SEO plugin. -->","yoast_head_json":{"title":"Immobilier de bureaux : \u00ab the Link \u00bb dans le quartier d'affaire de la D\u00e9fense","description":"comme le d\u00e9montre le projet \u00ab the Link \u00bb \u00e0 La D\u00e9fense : un site tertiaire qui combine les imp\u00e9ratifs \u00e9cologiques aux exigences de QVT.","robots":{"index":"index","follow":"follow","max-snippet":"max-snippet:-1","max-image-preview":"max-image-preview:large","max-video-preview":"max-video-preview:-1"},"canonical":"https:\/\/www.europropmarket.com\/actualites\/le-projet-the-link-a-la-defense\/","og_locale":"fr_FR","og_type":"article","og_title":"Immobilier de bureaux : \u00ab the Link \u00bb dans le quartier d'affaire de la D\u00e9fense","og_description":"comme le d\u00e9montre le projet \u00ab the Link \u00bb \u00e0 La D\u00e9fense : un site tertiaire qui combine les imp\u00e9ratifs \u00e9cologiques aux exigences de QVT.","og_url":"https:\/\/www.europropmarket.com\/actualites\/le-projet-the-link-a-la-defense\/","og_site_name":"Europropmarket","article_published_time":"2021-01-20T20:32:18+00:00","article_modified_time":"2022-07-01T07:33:10+00:00","og_image":[{"width":1920,"height":749,"url":"https:\/\/www.europropmarket.com\/actualites\/wp-content\/uploads\/2021\/01\/08-Vue-Haute.jpg","type":"image\/jpeg"}],"author":"gcornali","twitter_card":"summary_large_image","twitter_misc":{"\u00c9crit par":"gcornali","Dur\u00e9e de lecture estim\u00e9e":"2 minutes"},"schema":{"@context":"https:\/\/schema.org","@graph":[{"@type":"Article","@id":"https:\/\/www.europropmarket.com\/actualites\/le-projet-the-link-a-la-defense\/#article","isPartOf":{"@id":"https:\/\/www.europropmarket.com\/actualites\/le-projet-the-link-a-la-defense\/"},"author":{"name":"gcornali","@id":"https:\/\/www.europropmarket.com\/actualites\/#\/schema\/person\/a1a2fc7052204bfc3d820384b1488e01"},"headline":"Le projet \u00ab The Link \u00bb \u00e0 La D\u00e9fense","datePublished":"2021-01-20T20:32:18+00:00","dateModified":"2022-07-01T07:33:10+00:00","mainEntityOfPage":{"@id":"https:\/\/www.europropmarket.com\/actualites\/le-projet-the-link-a-la-defense\/"},"wordCount":494,"publisher":{"@id":"https:\/\/www.europropmarket.com\/actualites\/#organization"},"keywords":["Bureau","bureaux","Bureaux Paris","La d\u00e9fense"],"inLanguage":"fr-FR"},{"@type":"WebPage","@id":"https:\/\/www.europropmarket.com\/actualites\/le-projet-the-link-a-la-defense\/","url":"https:\/\/www.europropmarket.com\/actualites\/le-projet-the-link-a-la-defense\/","name":"Immobilier de bureaux : \u00ab the Link \u00bb dans le quartier d'affaire de la D\u00e9fense","isPartOf":{"@id":"https:\/\/www.europropmarket.com\/actualites\/#website"},"datePublished":"2021-01-20T20:32:18+00:00","dateModified":"2022-07-01T07:33:10+00:00","description":"comme le d\u00e9montre le projet \u00ab the Link \u00bb \u00e0 La D\u00e9fense : un site tertiaire qui combine les imp\u00e9ratifs \u00e9cologiques aux exigences de QVT.","breadcrumb":{"@id":"https:\/\/www.europropmarket.com\/actualites\/le-projet-the-link-a-la-defense\/#breadcrumb"},"inLanguage":"fr-FR","potentialAction":[{"@type":"ReadAction","target":["https:\/\/www.europropmarket.com\/actualites\/le-projet-the-link-a-la-defense\/"]}]},{"@type":"BreadcrumbList","@id":"https:\/\/www.europropmarket.com\/actualites\/le-projet-the-link-a-la-defense\/#breadcrumb","itemListElement":[{"@type":"ListItem","position":1,"name":"Accueil","item":"https:\/\/www.europropmarket.com\/actualites\/"},{"@type":"ListItem","position":2,"name":"Le projet \u00ab The Link \u00bb \u00e0 La D\u00e9fense"}]},{"@type":"WebSite","@id":"https:\/\/www.europropmarket.com\/actualites\/#website","url":"https:\/\/www.europropmarket.com\/actualites\/","name":"Europropmarket","description":"","publisher":{"@id":"https:\/\/www.europropmarket.com\/actualites\/#organization"},"potentialAction":[{"@type":"SearchAction","target":{"@type":"EntryPoint","urlTemplate":"https:\/\/www.europropmarket.com\/actualites\/?s={search_term_string}"},"query-input":"required name=search_term_string"}],"inLanguage":"fr-FR"},{"@type":"Organization","@id":"https:\/\/www.europropmarket.com\/actualites\/#organization","name":"Europropmarket","url":"https:\/\/www.europropmarket.com\/actualites\/","logo":{"@type":"ImageObject","inLanguage":"fr-FR","@id":"https:\/\/www.europropmarket.com\/actualites\/#\/schema\/logo\/image\/","url":"https:\/\/www.europropmarket.com\/actualites\/wp-content\/uploads\/2021\/04\/logo.png","contentUrl":"https:\/\/www.europropmarket.com\/actualites\/wp-content\/uploads\/2021\/04\/logo.png","width":204,"height":25,"caption":"Europropmarket"},"image":{"@id":"https:\/\/www.europropmarket.com\/actualites\/#\/schema\/logo\/image\/"}},{"@type":"Person","@id":"https:\/\/www.europropmarket.com\/actualites\/#\/schema\/person\/a1a2fc7052204bfc3d820384b1488e01","name":"gcornali","image":{"@type":"ImageObject","inLanguage":"fr-FR","@id":"https:\/\/www.europropmarket.com\/actualites\/#\/schema\/person\/image\/","url":"https:\/\/secure.gravatar.com\/avatar\/be9194214014a77e1a18b6a6580c528cf8fd1bf7cf4c7cffe92d34221f5088a8?s=96&d=mm&r=g","contentUrl":"https:\/\/secure.gravatar.com\/avatar\/be9194214014a77e1a18b6a6580c528cf8fd1bf7cf4c7cffe92d34221f5088a8?s=96&d=mm&r=g","caption":"gcornali"},"sameAs":["https:\/\/www.europropmarket.com\/actualites"],"url":"https:\/\/www.europropmarket.com\/actualites\/author\/gcornali\/"}]}},"_links":{"self":[{"href":"https:\/\/www.europropmarket.com\/actualites\/wp-json\/wp\/v2\/posts\/340","targetHints":{"allow":["GET"]}}],"collection":[{"href":"https:\/\/www.europropmarket.com\/actualites\/wp-json\/wp\/v2\/posts"}],"about":[{"href":"https:\/\/www.europropmarket.com\/actualites\/wp-json\/wp\/v2\/types\/post"}],"author":[{"embeddable":true,"href":"https:\/\/www.europropmarket.com\/actualites\/wp-json\/wp\/v2\/users\/2"}],"replies":[{"embeddable":true,"href":"https:\/\/www.europropmarket.com\/actualites\/wp-json\/wp\/v2\/comments?post=340"}],"version-history":[{"count":3,"href":"https:\/\/www.europropmarket.com\/actualites\/wp-json\/wp\/v2\/posts\/340\/revisions"}],"predecessor-version":[{"id":930,"href":"https:\/\/www.europropmarket.com\/actualites\/wp-json\/wp\/v2\/posts\/340\/revisions\/930"}],"wp:featuredmedia":[{"embeddable":true,"href":"https:\/\/www.europropmarket.com\/actualites\/wp-json\/wp\/v2\/media\/928"}],"wp:attachment":[{"href":"https:\/\/www.europropmarket.com\/actualites\/wp-json\/wp\/v2\/media?parent=340"}],"wp:term":[{"taxonomy":"category","embeddable":true,"href":"https:\/\/www.europropmarket.com\/actualites\/wp-json\/wp\/v2\/categories?post=340"},{"taxonomy":"post_tag","embeddable":true,"href":"https:\/\/www.europropmarket.com\/actualites\/wp-json\/wp\/v2\/tags?post=340"}],"curies":[{"name":"wp","href":"https:\/\/api.w.org\/{rel}","templated":true}]}}