{"id":367,"date":"2021-02-08T22:02:23","date_gmt":"2021-02-08T21:02:23","guid":{"rendered":"https:\/\/www.europropmarket.com\/actualites\/?p=367"},"modified":"2022-07-01T09:12:38","modified_gmt":"2022-07-01T07:12:38","slug":"le-marche-des-locaux-industriels-lyonnais","status":"publish","type":"post","link":"https:\/\/www.europropmarket.com\/actualites\/le-marche-des-locaux-industriels-lyonnais\/","title":{"rendered":"Le march\u00e9 des locaux d&rsquo;activit\u00e9s et industriels lyonnais"},"content":{"rendered":"<h2>Un bon niveau d&rsquo;activit\u00e9 et des chiffres stables&#8230;<\/h2>\n<p>La demande plac\u00e9e pour les <a href=\"https:\/\/www.europropmarket.com\/entrepot-local-activite\/vente\/69000-lyon\/\">locaux d&rsquo;activit\u00e9<\/a> en 2020 s&rsquo;\u00e9l\u00e8ve \u00e0 342 010m\u00b2 soit un recul de seulement 7 % par rapport \u00e0 l&rsquo;ann\u00e9e pr\u00e9c\u00e9dente. Ce sont les plus grandes surfaces qui s&rsquo;av\u00e8rent \u00eatre les plus r\u00e9sistantes dans un contexte marqu\u00e9 par la crise sanitaire : au quatri\u00e8me trimestre 2019 les transactions portant sur des locaux d&rsquo;activit\u00e9s de plus de 1000 m\u00b2 concernaient des surfaces moyennes de 2310 m\u00b2 ; en 2020, cette moyenne en termes de surface est port\u00e9e \u00e0 3170 m\u00b2. Sur la derni\u00e8re ann\u00e9e on compte plus de 8 transactions sup\u00e9rieures \u00e0 7000 m\u00b2 contre seulement 3 en 2019 : 2 m\u00e9ga deal retiennent ainsi l&rsquo;attention, \u00e0 savoir l&rsquo;acquisition de la M\u00e9tropole dans le septi\u00e8me arrondissement pour 15 000 m\u00b2 et l&rsquo;installation de La Boutique Officielle sur une surface de 14 000 m\u00b2 \u00e0 Chaponost. En revanche les petites et moyennes surfaces montrent un retrait certain avec une baisse de 27 % de la demande plac\u00e9e ; si les transactions de surfaces inf\u00e9rieures \u00e0 1000 m\u00b2 sont en baisse, elle continue n\u00e9anmoins de porter le march\u00e9 des locaux industriels puisqu&rsquo;elle repr\u00e9sente 76 % du total de la demande plac\u00e9e. Plus g\u00e9n\u00e9ralement on remarque que le march\u00e9 lyonnais des locaux d&rsquo;activit\u00e9s combin\u00e9 \u00e0 celui des entrep\u00f4ts est celui qui r\u00e9siste le mieux \u00e0 la crise, entrant m\u00eame dans une p\u00e9riode de croissance. En effet locaux d&rsquo;activit\u00e9s ET entrep\u00f4ts repr\u00e9sentent ensemble 460 200 m\u00b2 plac\u00e9s dont 40 % en logistique : le march\u00e9 ainsi consid\u00e9r\u00e9 affiche une hausse de 11% par rapport \u00e0 2019.<\/p>\n<h2>&#8230; port\u00e9s par le secteur industriel Lyon-Est<\/h2>\n<p>L&rsquo;Est lyonnais continu de stimuler l&rsquo;industrie lyonnaise en abritant entre autres la plus grande zone industrielle de la r\u00e9gion &#8211; le P\u00f4le Industriel de <a href=\"https:\/\/www.europropmarket.com\/entrepot-local-activite\/location\/69200-venissieux\/\">V\u00e9nissieux<\/a>-Corbas-St Priest. La M\u00e9tropole de Lyon m\u00e8ne en outre une politique ambitieuse de soutien et de d\u00e9veloppement de l&rsquo;industrie du Grand Lyon, favorisant ainsi l&rsquo;essor du secteur. La Vall\u00e9e de la Chimie, p\u00f4le d&rsquo;innovation qui mobilise dix grands industriels fran\u00e7ais, contribue au rayonnement de l&rsquo;Est lyonnais tandis que la ZI Lyon Sud-Est permet aux entreprises de trouver des locaux d&rsquo;activit\u00e9s et entrep\u00f4ts au sein d&rsquo;un \u00e9cosyst\u00e8me des plus dynamiques. Le march\u00e9 lyonnais enregistre depuis quelques ann\u00e9es une hausse importante des surfaces commercialis\u00e9es en locaux d&rsquo;activit\u00e9, la majorit\u00e9 des transactions de vente d&rsquo;entrep\u00f4ts ayant lieu dans le Grand Lyon Sud Est. Les valeurs \u00e0 l&rsquo;acquisition dans ce secteur demeurent relativement stables d&rsquo;une ann\u00e9e \u00e0 l&rsquo;autre. Enfin il convient de remarquer que l&rsquo;offre imm\u00e9diate fin 2020 au sein de la M\u00e9tropole est de 439 200 m\u00b2, soit une baisse de 9% par rapport \u00e0 la m\u00eame p\u00e9riode en 2019.<\/p>\n","protected":false},"excerpt":{"rendered":"<p>Un bon niveau d&rsquo;activit\u00e9 et des chiffres stables&#8230; La demande plac\u00e9e pour les locaux d&rsquo;activit\u00e9 en 2020 s&rsquo;\u00e9l\u00e8ve \u00e0 342 010m\u00b2 soit un recul de seulement 7 % par rapport \u00e0 l&rsquo;ann\u00e9e pr\u00e9c\u00e9dente. Ce sont les plus grandes surfaces qui s&rsquo;av\u00e8rent \u00eatre les plus r\u00e9sistantes dans un contexte marqu\u00e9 par la crise sanitaire : au [&hellip;]<\/p>\n","protected":false},"author":2,"featured_media":497,"comment_status":"closed","ping_status":"closed","sticky":false,"template":"","format":"standard","meta":{"footnotes":""},"categories":[7,8],"tags":[63,59,45,62,61,60],"class_list":["post-367","post","type-post","status-publish","format-standard","has-post-thumbnail","hentry","category-entrepots","category-locaux-dactivites","tag-grand-lyon","tag-grandes-surfaces","tag-lyon","tag-metropole-de-lyon","tag-pole-industriel-de-venissieux","tag-secteur-industriel","entry","has-media"],"yoast_head":"<!-- This site is optimized with the Yoast SEO plugin v19.13 - https:\/\/yoast.com\/wordpress\/plugins\/seo\/ -->\n<title>Locaux d&#039;activit\u00e9s \u00e0 Lyon : un march\u00e9 toujours performant<\/title>\n<meta name=\"description\" content=\"En d\u00e9pit d&#039;un recul par rapport \u00e0 2019 le march\u00e9 des locaux d&#039;activit\u00e9s lyonnais conserve un niveau de performance sup\u00e9rieur \u00e0 la moyenne.\" \/>\n<meta name=\"robots\" content=\"index, follow, max-snippet:-1, max-image-preview:large, max-video-preview:-1\" \/>\n<link rel=\"canonical\" href=\"https:\/\/www.europropmarket.com\/actualites\/le-marche-des-locaux-industriels-lyonnais\/\" \/>\n<meta property=\"og:locale\" content=\"fr_FR\" \/>\n<meta property=\"og:type\" content=\"article\" \/>\n<meta property=\"og:title\" content=\"Locaux d&#039;activit\u00e9s \u00e0 Lyon : un march\u00e9 toujours performant\" \/>\n<meta property=\"og:description\" content=\"En d\u00e9pit d&#039;un recul par rapport \u00e0 2019 le march\u00e9 des locaux d&#039;activit\u00e9s lyonnais conserve un niveau de performance sup\u00e9rieur \u00e0 la moyenne.\" \/>\n<meta property=\"og:url\" content=\"https:\/\/www.europropmarket.com\/actualites\/le-marche-des-locaux-industriels-lyonnais\/\" \/>\n<meta property=\"og:site_name\" content=\"Europropmarket\" \/>\n<meta property=\"article:published_time\" content=\"2021-02-08T21:02:23+00:00\" \/>\n<meta property=\"article:modified_time\" content=\"2022-07-01T07:12:38+00:00\" \/>\n<meta property=\"og:image\" content=\"https:\/\/www.europropmarket.com\/actualites\/wp-content\/uploads\/2021\/02\/27.jpg\" \/>\n\t<meta property=\"og:image:width\" content=\"980\" \/>\n\t<meta property=\"og:image:height\" content=\"382\" \/>\n\t<meta property=\"og:image:type\" content=\"image\/jpeg\" \/>\n<meta name=\"author\" content=\"gcornali\" \/>\n<meta name=\"twitter:card\" content=\"summary_large_image\" \/>\n<meta name=\"twitter:label1\" content=\"\u00c9crit par\" \/>\n\t<meta name=\"twitter:data1\" content=\"gcornali\" \/>\n\t<meta name=\"twitter:label2\" content=\"Dur\u00e9e de lecture estim\u00e9e\" \/>\n\t<meta name=\"twitter:data2\" content=\"2 minutes\" \/>\n<script type=\"application\/ld+json\" class=\"yoast-schema-graph\">{\"@context\":\"https:\/\/schema.org\",\"@graph\":[{\"@type\":\"Article\",\"@id\":\"https:\/\/www.europropmarket.com\/actualites\/le-marche-des-locaux-industriels-lyonnais\/#article\",\"isPartOf\":{\"@id\":\"https:\/\/www.europropmarket.com\/actualites\/le-marche-des-locaux-industriels-lyonnais\/\"},\"author\":{\"name\":\"gcornali\",\"@id\":\"https:\/\/www.europropmarket.com\/actualites\/#\/schema\/person\/a1a2fc7052204bfc3d820384b1488e01\"},\"headline\":\"Le march\u00e9 des locaux d&rsquo;activit\u00e9s et industriels lyonnais\",\"datePublished\":\"2021-02-08T21:02:23+00:00\",\"dateModified\":\"2022-07-01T07:12:38+00:00\",\"mainEntityOfPage\":{\"@id\":\"https:\/\/www.europropmarket.com\/actualites\/le-marche-des-locaux-industriels-lyonnais\/\"},\"wordCount\":452,\"publisher\":{\"@id\":\"https:\/\/www.europropmarket.com\/actualites\/#organization\"},\"keywords\":[\"Grand Lyon\",\"grandes surfaces\",\"Lyon\",\"M\u00e9tropole de Lyon\",\"P\u00f4le Industriel de V\u00e9nissieux\",\"secteur industriel\"],\"articleSection\":[\"Entrep\u00f4ts\",\"Locaux d'activit\u00e9s\"],\"inLanguage\":\"fr-FR\"},{\"@type\":\"WebPage\",\"@id\":\"https:\/\/www.europropmarket.com\/actualites\/le-marche-des-locaux-industriels-lyonnais\/\",\"url\":\"https:\/\/www.europropmarket.com\/actualites\/le-marche-des-locaux-industriels-lyonnais\/\",\"name\":\"Locaux d'activit\u00e9s \u00e0 Lyon : un march\u00e9 toujours performant\",\"isPartOf\":{\"@id\":\"https:\/\/www.europropmarket.com\/actualites\/#website\"},\"datePublished\":\"2021-02-08T21:02:23+00:00\",\"dateModified\":\"2022-07-01T07:12:38+00:00\",\"description\":\"En d\u00e9pit d'un recul par rapport \u00e0 2019 le march\u00e9 des locaux d'activit\u00e9s lyonnais conserve un niveau de performance sup\u00e9rieur \u00e0 la moyenne.\",\"breadcrumb\":{\"@id\":\"https:\/\/www.europropmarket.com\/actualites\/le-marche-des-locaux-industriels-lyonnais\/#breadcrumb\"},\"inLanguage\":\"fr-FR\",\"potentialAction\":[{\"@type\":\"ReadAction\",\"target\":[\"https:\/\/www.europropmarket.com\/actualites\/le-marche-des-locaux-industriels-lyonnais\/\"]}]},{\"@type\":\"BreadcrumbList\",\"@id\":\"https:\/\/www.europropmarket.com\/actualites\/le-marche-des-locaux-industriels-lyonnais\/#breadcrumb\",\"itemListElement\":[{\"@type\":\"ListItem\",\"position\":1,\"name\":\"Accueil\",\"item\":\"https:\/\/www.europropmarket.com\/actualites\/\"},{\"@type\":\"ListItem\",\"position\":2,\"name\":\"Le march\u00e9 des locaux d&rsquo;activit\u00e9s et industriels lyonnais\"}]},{\"@type\":\"WebSite\",\"@id\":\"https:\/\/www.europropmarket.com\/actualites\/#website\",\"url\":\"https:\/\/www.europropmarket.com\/actualites\/\",\"name\":\"Europropmarket\",\"description\":\"\",\"publisher\":{\"@id\":\"https:\/\/www.europropmarket.com\/actualites\/#organization\"},\"potentialAction\":[{\"@type\":\"SearchAction\",\"target\":{\"@type\":\"EntryPoint\",\"urlTemplate\":\"https:\/\/www.europropmarket.com\/actualites\/?s={search_term_string}\"},\"query-input\":\"required name=search_term_string\"}],\"inLanguage\":\"fr-FR\"},{\"@type\":\"Organization\",\"@id\":\"https:\/\/www.europropmarket.com\/actualites\/#organization\",\"name\":\"Europropmarket\",\"url\":\"https:\/\/www.europropmarket.com\/actualites\/\",\"logo\":{\"@type\":\"ImageObject\",\"inLanguage\":\"fr-FR\",\"@id\":\"https:\/\/www.europropmarket.com\/actualites\/#\/schema\/logo\/image\/\",\"url\":\"https:\/\/www.europropmarket.com\/actualites\/wp-content\/uploads\/2021\/04\/logo.png\",\"contentUrl\":\"https:\/\/www.europropmarket.com\/actualites\/wp-content\/uploads\/2021\/04\/logo.png\",\"width\":204,\"height\":25,\"caption\":\"Europropmarket\"},\"image\":{\"@id\":\"https:\/\/www.europropmarket.com\/actualites\/#\/schema\/logo\/image\/\"}},{\"@type\":\"Person\",\"@id\":\"https:\/\/www.europropmarket.com\/actualites\/#\/schema\/person\/a1a2fc7052204bfc3d820384b1488e01\",\"name\":\"gcornali\",\"image\":{\"@type\":\"ImageObject\",\"inLanguage\":\"fr-FR\",\"@id\":\"https:\/\/www.europropmarket.com\/actualites\/#\/schema\/person\/image\/\",\"url\":\"https:\/\/secure.gravatar.com\/avatar\/be9194214014a77e1a18b6a6580c528cf8fd1bf7cf4c7cffe92d34221f5088a8?s=96&d=mm&r=g\",\"contentUrl\":\"https:\/\/secure.gravatar.com\/avatar\/be9194214014a77e1a18b6a6580c528cf8fd1bf7cf4c7cffe92d34221f5088a8?s=96&d=mm&r=g\",\"caption\":\"gcornali\"},\"sameAs\":[\"https:\/\/www.europropmarket.com\/actualites\"],\"url\":\"https:\/\/www.europropmarket.com\/actualites\/author\/gcornali\/\"}]}<\/script>\n<!-- \/ Yoast SEO plugin. -->","yoast_head_json":{"title":"Locaux d'activit\u00e9s \u00e0 Lyon : un march\u00e9 toujours performant","description":"En d\u00e9pit d'un recul par rapport \u00e0 2019 le march\u00e9 des locaux d'activit\u00e9s lyonnais conserve un niveau de performance sup\u00e9rieur \u00e0 la moyenne.","robots":{"index":"index","follow":"follow","max-snippet":"max-snippet:-1","max-image-preview":"max-image-preview:large","max-video-preview":"max-video-preview:-1"},"canonical":"https:\/\/www.europropmarket.com\/actualites\/le-marche-des-locaux-industriels-lyonnais\/","og_locale":"fr_FR","og_type":"article","og_title":"Locaux d'activit\u00e9s \u00e0 Lyon : un march\u00e9 toujours performant","og_description":"En d\u00e9pit d'un recul par rapport \u00e0 2019 le march\u00e9 des locaux d'activit\u00e9s lyonnais conserve un niveau de performance sup\u00e9rieur \u00e0 la moyenne.","og_url":"https:\/\/www.europropmarket.com\/actualites\/le-marche-des-locaux-industriels-lyonnais\/","og_site_name":"Europropmarket","article_published_time":"2021-02-08T21:02:23+00:00","article_modified_time":"2022-07-01T07:12:38+00:00","og_image":[{"width":980,"height":382,"url":"https:\/\/www.europropmarket.com\/actualites\/wp-content\/uploads\/2021\/02\/27.jpg","type":"image\/jpeg"}],"author":"gcornali","twitter_card":"summary_large_image","twitter_misc":{"\u00c9crit par":"gcornali","Dur\u00e9e de lecture estim\u00e9e":"2 minutes"},"schema":{"@context":"https:\/\/schema.org","@graph":[{"@type":"Article","@id":"https:\/\/www.europropmarket.com\/actualites\/le-marche-des-locaux-industriels-lyonnais\/#article","isPartOf":{"@id":"https:\/\/www.europropmarket.com\/actualites\/le-marche-des-locaux-industriels-lyonnais\/"},"author":{"name":"gcornali","@id":"https:\/\/www.europropmarket.com\/actualites\/#\/schema\/person\/a1a2fc7052204bfc3d820384b1488e01"},"headline":"Le march\u00e9 des locaux d&rsquo;activit\u00e9s et industriels lyonnais","datePublished":"2021-02-08T21:02:23+00:00","dateModified":"2022-07-01T07:12:38+00:00","mainEntityOfPage":{"@id":"https:\/\/www.europropmarket.com\/actualites\/le-marche-des-locaux-industriels-lyonnais\/"},"wordCount":452,"publisher":{"@id":"https:\/\/www.europropmarket.com\/actualites\/#organization"},"keywords":["Grand Lyon","grandes surfaces","Lyon","M\u00e9tropole de Lyon","P\u00f4le Industriel de V\u00e9nissieux","secteur industriel"],"articleSection":["Entrep\u00f4ts","Locaux d'activit\u00e9s"],"inLanguage":"fr-FR"},{"@type":"WebPage","@id":"https:\/\/www.europropmarket.com\/actualites\/le-marche-des-locaux-industriels-lyonnais\/","url":"https:\/\/www.europropmarket.com\/actualites\/le-marche-des-locaux-industriels-lyonnais\/","name":"Locaux d'activit\u00e9s \u00e0 Lyon : un march\u00e9 toujours performant","isPartOf":{"@id":"https:\/\/www.europropmarket.com\/actualites\/#website"},"datePublished":"2021-02-08T21:02:23+00:00","dateModified":"2022-07-01T07:12:38+00:00","description":"En d\u00e9pit d'un recul par rapport \u00e0 2019 le march\u00e9 des locaux d'activit\u00e9s lyonnais conserve un niveau de performance sup\u00e9rieur \u00e0 la moyenne.","breadcrumb":{"@id":"https:\/\/www.europropmarket.com\/actualites\/le-marche-des-locaux-industriels-lyonnais\/#breadcrumb"},"inLanguage":"fr-FR","potentialAction":[{"@type":"ReadAction","target":["https:\/\/www.europropmarket.com\/actualites\/le-marche-des-locaux-industriels-lyonnais\/"]}]},{"@type":"BreadcrumbList","@id":"https:\/\/www.europropmarket.com\/actualites\/le-marche-des-locaux-industriels-lyonnais\/#breadcrumb","itemListElement":[{"@type":"ListItem","position":1,"name":"Accueil","item":"https:\/\/www.europropmarket.com\/actualites\/"},{"@type":"ListItem","position":2,"name":"Le march\u00e9 des locaux d&rsquo;activit\u00e9s et industriels lyonnais"}]},{"@type":"WebSite","@id":"https:\/\/www.europropmarket.com\/actualites\/#website","url":"https:\/\/www.europropmarket.com\/actualites\/","name":"Europropmarket","description":"","publisher":{"@id":"https:\/\/www.europropmarket.com\/actualites\/#organization"},"potentialAction":[{"@type":"SearchAction","target":{"@type":"EntryPoint","urlTemplate":"https:\/\/www.europropmarket.com\/actualites\/?s={search_term_string}"},"query-input":"required name=search_term_string"}],"inLanguage":"fr-FR"},{"@type":"Organization","@id":"https:\/\/www.europropmarket.com\/actualites\/#organization","name":"Europropmarket","url":"https:\/\/www.europropmarket.com\/actualites\/","logo":{"@type":"ImageObject","inLanguage":"fr-FR","@id":"https:\/\/www.europropmarket.com\/actualites\/#\/schema\/logo\/image\/","url":"https:\/\/www.europropmarket.com\/actualites\/wp-content\/uploads\/2021\/04\/logo.png","contentUrl":"https:\/\/www.europropmarket.com\/actualites\/wp-content\/uploads\/2021\/04\/logo.png","width":204,"height":25,"caption":"Europropmarket"},"image":{"@id":"https:\/\/www.europropmarket.com\/actualites\/#\/schema\/logo\/image\/"}},{"@type":"Person","@id":"https:\/\/www.europropmarket.com\/actualites\/#\/schema\/person\/a1a2fc7052204bfc3d820384b1488e01","name":"gcornali","image":{"@type":"ImageObject","inLanguage":"fr-FR","@id":"https:\/\/www.europropmarket.com\/actualites\/#\/schema\/person\/image\/","url":"https:\/\/secure.gravatar.com\/avatar\/be9194214014a77e1a18b6a6580c528cf8fd1bf7cf4c7cffe92d34221f5088a8?s=96&d=mm&r=g","contentUrl":"https:\/\/secure.gravatar.com\/avatar\/be9194214014a77e1a18b6a6580c528cf8fd1bf7cf4c7cffe92d34221f5088a8?s=96&d=mm&r=g","caption":"gcornali"},"sameAs":["https:\/\/www.europropmarket.com\/actualites"],"url":"https:\/\/www.europropmarket.com\/actualites\/author\/gcornali\/"}]}},"_links":{"self":[{"href":"https:\/\/www.europropmarket.com\/actualites\/wp-json\/wp\/v2\/posts\/367","targetHints":{"allow":["GET"]}}],"collection":[{"href":"https:\/\/www.europropmarket.com\/actualites\/wp-json\/wp\/v2\/posts"}],"about":[{"href":"https:\/\/www.europropmarket.com\/actualites\/wp-json\/wp\/v2\/types\/post"}],"author":[{"embeddable":true,"href":"https:\/\/www.europropmarket.com\/actualites\/wp-json\/wp\/v2\/users\/2"}],"replies":[{"embeddable":true,"href":"https:\/\/www.europropmarket.com\/actualites\/wp-json\/wp\/v2\/comments?post=367"}],"version-history":[{"count":6,"href":"https:\/\/www.europropmarket.com\/actualites\/wp-json\/wp\/v2\/posts\/367\/revisions"}],"predecessor-version":[{"id":920,"href":"https:\/\/www.europropmarket.com\/actualites\/wp-json\/wp\/v2\/posts\/367\/revisions\/920"}],"wp:featuredmedia":[{"embeddable":true,"href":"https:\/\/www.europropmarket.com\/actualites\/wp-json\/wp\/v2\/media\/497"}],"wp:attachment":[{"href":"https:\/\/www.europropmarket.com\/actualites\/wp-json\/wp\/v2\/media?parent=367"}],"wp:term":[{"taxonomy":"category","embeddable":true,"href":"https:\/\/www.europropmarket.com\/actualites\/wp-json\/wp\/v2\/categories?post=367"},{"taxonomy":"post_tag","embeddable":true,"href":"https:\/\/www.europropmarket.com\/actualites\/wp-json\/wp\/v2\/tags?post=367"}],"curies":[{"name":"wp","href":"https:\/\/api.w.org\/{rel}","templated":true}]}}