{"id":376,"date":"2021-03-11T22:08:09","date_gmt":"2021-03-11T21:08:09","guid":{"rendered":"https:\/\/www.europropmarket.com\/actualites\/?p=376"},"modified":"2022-07-01T09:00:56","modified_gmt":"2022-07-01T07:00:56","slug":"coworking-de-nouveaux-espaces-dans-le-secteur-des-trois-frontieres","status":"publish","type":"post","link":"https:\/\/www.europropmarket.com\/actualites\/coworking-de-nouveaux-espaces-dans-le-secteur-des-trois-frontieres\/","title":{"rendered":"Coworking : de nouveaux espaces dans le secteur des Trois Fronti\u00e8res"},"content":{"rendered":"<h2>Le Coworking au c\u0153ur du parc d&rsquo;activit\u00e9 du Ch\u00e2teau d&rsquo;eau<\/h2>\n<p>Alors que pour certains observateurs la crise sanitaire devait mettre un terme \u00e0 l&rsquo;essor du <a href=\"https:\/\/www.europropmarket.com\/coworking\/location\/\">coworking<\/a>, l&rsquo;agence fonci\u00e8re Proudreed mise sur ces espaces flexibles pour renforcer l&rsquo;offre immobili\u00e8re d&rsquo;entreprise au sein du multiparc du ch\u00e2teau d&rsquo;eau \u00e0 Saint-Louis. B\u00e9n\u00e9ficiant du dynamisme propre au territoire des Trois fronti\u00e8res, ce parc accueille depuis f\u00e9vrier un premier espace de coworking, un second devant bient\u00f4t voir le jour sur le m\u00eame site. Appel\u00e9 \u00ab Fleex \u00bb, ce premier projet propose d&rsquo;ores et d\u00e9j\u00e0 aux utilisateurs des postes de travail \u00e0 louer dans le cadre de conventions courtes, offrant par ailleurs aux entreprises un large panel de services. Pour l&rsquo;agence fonci\u00e8re Proudreed, l&rsquo;op\u00e9ration constitue un test d&rsquo;envergure nationale dont le succ\u00e8s d\u00e9montre la r\u00e9silience et la pertinence du coworking, non seulement en p\u00e9riode de crise mais \u00e9galement dans le cadre de l&rsquo;immobilier professionnel post-covid. Le site Fleex accueille actuellement le club d&rsquo;entreprise Acteco3F : si le succ\u00e8s se confirme, Proudreed entend g\u00e9n\u00e9raliser ce type de projet \u00e0 l&rsquo;ensemble de ses parcs d&rsquo;activit\u00e9s.<\/p>\n<h2>Des espaces adapt\u00e9s aux nouveaux modes de travail<\/h2>\n<p>Les sites de <a href=\"https:\/\/www.europropmarket.com\/actualites\/category\/coworking\/\">coworking<\/a> d\u00e9velopp\u00e9s sur le multiparc du Ch\u00e2teau-d&rsquo;Eau correspondent aux nouvelles dynamiques qui structurent l&rsquo;immobilier d&rsquo;entreprises : le Fleex se trouve ainsi au c\u0153ur d&rsquo;un programme mixte englobant diff\u00e9rentes typologies d&rsquo;actifs, la mixit\u00e9 \u00e9tant d\u00e9sormais un \u00e9l\u00e9ment strat\u00e9gique pour les zones d&rsquo;activit\u00e9. Le coworking r\u00e9pond \u00e9galement aux imp\u00e9ratifs de flexibilit\u00e9 dont tiennent d\u00e9sormais compte un grand nombre d&rsquo;entreprises, \u00e0 mesure que le t\u00e9l\u00e9travail et le nomadisme professionnel se g\u00e9n\u00e9ralisent. Les deux nouveaux espaces collaboratifs du parc d&rsquo;activit\u00e9 permettront ainsi \u00e0 Saint-Louis de proposer aux entreprises des surfaces adapt\u00e9es aux nouveaux modes de travail, Flex Office, Smart Office, travail hybride\u2026Le premier b\u00e2timent offre \u00e0 ses utilisateurs un environnement de travail design et digitalis\u00e9, les entreprises de demain devant n\u00e9cessairement \u00eatre en mesure d&rsquo;\u00e9voluer au sein d&rsquo;espaces connect\u00e9s.<\/p>\n","protected":false},"excerpt":{"rendered":"<p>Le Coworking au c\u0153ur du parc d&rsquo;activit\u00e9 du Ch\u00e2teau d&rsquo;eau Alors que pour certains observateurs la crise sanitaire devait mettre un terme \u00e0 l&rsquo;essor du coworking, l&rsquo;agence fonci\u00e8re Proudreed mise sur ces espaces flexibles pour renforcer l&rsquo;offre immobili\u00e8re d&rsquo;entreprise au sein du multiparc du ch\u00e2teau d&rsquo;eau \u00e0 Saint-Louis. B\u00e9n\u00e9ficiant du dynamisme propre au territoire des [&hellip;]<\/p>\n","protected":false},"author":2,"featured_media":482,"comment_status":"closed","ping_status":"closed","sticky":false,"template":"","format":"standard","meta":{"footnotes":""},"categories":[9],"tags":[15,33,11,52],"class_list":["post-376","post","type-post","status-publish","format-standard","has-post-thumbnail","hentry","category-coworking","tag-coworking","tag-immobilier-de-bureaux","tag-smart-building","tag-trois-frontieres","entry","has-media"],"yoast_head":"<!-- This site is optimized with the Yoast SEO plugin v19.13 - https:\/\/yoast.com\/wordpress\/plugins\/seo\/ -->\n<title>De nouveaux espaces de coworking \u00e0 Saint Louis (Alsace)<\/title>\n<meta name=\"description\" content=\"Le multiparc du Ch\u00e2teau-d&#039;Eau \u00e0 Saint-Louis d\u00e9veloppe son offre de coworking, avec un premier espace collaboratif appel\u00e9 le Fleex.\" \/>\n<meta name=\"robots\" content=\"index, follow, max-snippet:-1, max-image-preview:large, max-video-preview:-1\" \/>\n<link rel=\"canonical\" href=\"https:\/\/www.europropmarket.com\/actualites\/coworking-de-nouveaux-espaces-dans-le-secteur-des-trois-frontieres\/\" \/>\n<meta property=\"og:locale\" content=\"fr_FR\" \/>\n<meta property=\"og:type\" content=\"article\" \/>\n<meta property=\"og:title\" content=\"De nouveaux espaces de coworking \u00e0 Saint Louis (Alsace)\" \/>\n<meta property=\"og:description\" content=\"Le multiparc du Ch\u00e2teau-d&#039;Eau \u00e0 Saint-Louis d\u00e9veloppe son offre de coworking, avec un premier espace collaboratif appel\u00e9 le Fleex.\" \/>\n<meta property=\"og:url\" content=\"https:\/\/www.europropmarket.com\/actualites\/coworking-de-nouveaux-espaces-dans-le-secteur-des-trois-frontieres\/\" \/>\n<meta property=\"og:site_name\" content=\"Europropmarket\" \/>\n<meta property=\"article:published_time\" content=\"2021-03-11T21:08:09+00:00\" \/>\n<meta property=\"article:modified_time\" content=\"2022-07-01T07:00:56+00:00\" \/>\n<meta property=\"og:image\" content=\"https:\/\/www.europropmarket.com\/actualites\/wp-content\/uploads\/2021\/03\/22.jpg\" \/>\n\t<meta property=\"og:image:width\" content=\"980\" \/>\n\t<meta property=\"og:image:height\" content=\"382\" \/>\n\t<meta property=\"og:image:type\" content=\"image\/jpeg\" \/>\n<meta name=\"author\" content=\"gcornali\" \/>\n<meta name=\"twitter:card\" content=\"summary_large_image\" \/>\n<meta name=\"twitter:label1\" content=\"\u00c9crit par\" \/>\n\t<meta name=\"twitter:data1\" content=\"gcornali\" \/>\n\t<meta name=\"twitter:label2\" content=\"Dur\u00e9e de lecture estim\u00e9e\" \/>\n\t<meta name=\"twitter:data2\" content=\"2 minutes\" \/>\n<script type=\"application\/ld+json\" class=\"yoast-schema-graph\">{\"@context\":\"https:\/\/schema.org\",\"@graph\":[{\"@type\":\"Article\",\"@id\":\"https:\/\/www.europropmarket.com\/actualites\/coworking-de-nouveaux-espaces-dans-le-secteur-des-trois-frontieres\/#article\",\"isPartOf\":{\"@id\":\"https:\/\/www.europropmarket.com\/actualites\/coworking-de-nouveaux-espaces-dans-le-secteur-des-trois-frontieres\/\"},\"author\":{\"name\":\"gcornali\",\"@id\":\"https:\/\/www.europropmarket.com\/actualites\/#\/schema\/person\/a1a2fc7052204bfc3d820384b1488e01\"},\"headline\":\"Coworking : de nouveaux espaces dans le secteur des Trois Fronti\u00e8res\",\"datePublished\":\"2021-03-11T21:08:09+00:00\",\"dateModified\":\"2022-07-01T07:00:56+00:00\",\"mainEntityOfPage\":{\"@id\":\"https:\/\/www.europropmarket.com\/actualites\/coworking-de-nouveaux-espaces-dans-le-secteur-des-trois-frontieres\/\"},\"wordCount\":358,\"publisher\":{\"@id\":\"https:\/\/www.europropmarket.com\/actualites\/#organization\"},\"keywords\":[\"coworking\",\"immobilier de bureaux\",\"smart building\",\"Trois Fronti\u00e8res\"],\"articleSection\":[\"Coworking\"],\"inLanguage\":\"fr-FR\"},{\"@type\":\"WebPage\",\"@id\":\"https:\/\/www.europropmarket.com\/actualites\/coworking-de-nouveaux-espaces-dans-le-secteur-des-trois-frontieres\/\",\"url\":\"https:\/\/www.europropmarket.com\/actualites\/coworking-de-nouveaux-espaces-dans-le-secteur-des-trois-frontieres\/\",\"name\":\"De nouveaux espaces de coworking \u00e0 Saint Louis (Alsace)\",\"isPartOf\":{\"@id\":\"https:\/\/www.europropmarket.com\/actualites\/#website\"},\"datePublished\":\"2021-03-11T21:08:09+00:00\",\"dateModified\":\"2022-07-01T07:00:56+00:00\",\"description\":\"Le multiparc du Ch\u00e2teau-d'Eau \u00e0 Saint-Louis d\u00e9veloppe son offre de coworking, avec un premier espace collaboratif appel\u00e9 le Fleex.\",\"breadcrumb\":{\"@id\":\"https:\/\/www.europropmarket.com\/actualites\/coworking-de-nouveaux-espaces-dans-le-secteur-des-trois-frontieres\/#breadcrumb\"},\"inLanguage\":\"fr-FR\",\"potentialAction\":[{\"@type\":\"ReadAction\",\"target\":[\"https:\/\/www.europropmarket.com\/actualites\/coworking-de-nouveaux-espaces-dans-le-secteur-des-trois-frontieres\/\"]}]},{\"@type\":\"BreadcrumbList\",\"@id\":\"https:\/\/www.europropmarket.com\/actualites\/coworking-de-nouveaux-espaces-dans-le-secteur-des-trois-frontieres\/#breadcrumb\",\"itemListElement\":[{\"@type\":\"ListItem\",\"position\":1,\"name\":\"Accueil\",\"item\":\"https:\/\/www.europropmarket.com\/actualites\/\"},{\"@type\":\"ListItem\",\"position\":2,\"name\":\"Coworking : de nouveaux espaces dans le secteur des Trois Fronti\u00e8res\"}]},{\"@type\":\"WebSite\",\"@id\":\"https:\/\/www.europropmarket.com\/actualites\/#website\",\"url\":\"https:\/\/www.europropmarket.com\/actualites\/\",\"name\":\"Europropmarket\",\"description\":\"\",\"publisher\":{\"@id\":\"https:\/\/www.europropmarket.com\/actualites\/#organization\"},\"potentialAction\":[{\"@type\":\"SearchAction\",\"target\":{\"@type\":\"EntryPoint\",\"urlTemplate\":\"https:\/\/www.europropmarket.com\/actualites\/?s={search_term_string}\"},\"query-input\":\"required name=search_term_string\"}],\"inLanguage\":\"fr-FR\"},{\"@type\":\"Organization\",\"@id\":\"https:\/\/www.europropmarket.com\/actualites\/#organization\",\"name\":\"Europropmarket\",\"url\":\"https:\/\/www.europropmarket.com\/actualites\/\",\"logo\":{\"@type\":\"ImageObject\",\"inLanguage\":\"fr-FR\",\"@id\":\"https:\/\/www.europropmarket.com\/actualites\/#\/schema\/logo\/image\/\",\"url\":\"https:\/\/www.europropmarket.com\/actualites\/wp-content\/uploads\/2021\/04\/logo.png\",\"contentUrl\":\"https:\/\/www.europropmarket.com\/actualites\/wp-content\/uploads\/2021\/04\/logo.png\",\"width\":204,\"height\":25,\"caption\":\"Europropmarket\"},\"image\":{\"@id\":\"https:\/\/www.europropmarket.com\/actualites\/#\/schema\/logo\/image\/\"}},{\"@type\":\"Person\",\"@id\":\"https:\/\/www.europropmarket.com\/actualites\/#\/schema\/person\/a1a2fc7052204bfc3d820384b1488e01\",\"name\":\"gcornali\",\"image\":{\"@type\":\"ImageObject\",\"inLanguage\":\"fr-FR\",\"@id\":\"https:\/\/www.europropmarket.com\/actualites\/#\/schema\/person\/image\/\",\"url\":\"https:\/\/secure.gravatar.com\/avatar\/be9194214014a77e1a18b6a6580c528cf8fd1bf7cf4c7cffe92d34221f5088a8?s=96&d=mm&r=g\",\"contentUrl\":\"https:\/\/secure.gravatar.com\/avatar\/be9194214014a77e1a18b6a6580c528cf8fd1bf7cf4c7cffe92d34221f5088a8?s=96&d=mm&r=g\",\"caption\":\"gcornali\"},\"sameAs\":[\"https:\/\/www.europropmarket.com\/actualites\"],\"url\":\"https:\/\/www.europropmarket.com\/actualites\/author\/gcornali\/\"}]}<\/script>\n<!-- \/ Yoast SEO plugin. -->","yoast_head_json":{"title":"De nouveaux espaces de coworking \u00e0 Saint Louis (Alsace)","description":"Le multiparc du Ch\u00e2teau-d'Eau \u00e0 Saint-Louis d\u00e9veloppe son offre de coworking, avec un premier espace collaboratif appel\u00e9 le Fleex.","robots":{"index":"index","follow":"follow","max-snippet":"max-snippet:-1","max-image-preview":"max-image-preview:large","max-video-preview":"max-video-preview:-1"},"canonical":"https:\/\/www.europropmarket.com\/actualites\/coworking-de-nouveaux-espaces-dans-le-secteur-des-trois-frontieres\/","og_locale":"fr_FR","og_type":"article","og_title":"De nouveaux espaces de coworking \u00e0 Saint Louis (Alsace)","og_description":"Le multiparc du Ch\u00e2teau-d'Eau \u00e0 Saint-Louis d\u00e9veloppe son offre de coworking, avec un premier espace collaboratif appel\u00e9 le Fleex.","og_url":"https:\/\/www.europropmarket.com\/actualites\/coworking-de-nouveaux-espaces-dans-le-secteur-des-trois-frontieres\/","og_site_name":"Europropmarket","article_published_time":"2021-03-11T21:08:09+00:00","article_modified_time":"2022-07-01T07:00:56+00:00","og_image":[{"width":980,"height":382,"url":"https:\/\/www.europropmarket.com\/actualites\/wp-content\/uploads\/2021\/03\/22.jpg","type":"image\/jpeg"}],"author":"gcornali","twitter_card":"summary_large_image","twitter_misc":{"\u00c9crit par":"gcornali","Dur\u00e9e de lecture estim\u00e9e":"2 minutes"},"schema":{"@context":"https:\/\/schema.org","@graph":[{"@type":"Article","@id":"https:\/\/www.europropmarket.com\/actualites\/coworking-de-nouveaux-espaces-dans-le-secteur-des-trois-frontieres\/#article","isPartOf":{"@id":"https:\/\/www.europropmarket.com\/actualites\/coworking-de-nouveaux-espaces-dans-le-secteur-des-trois-frontieres\/"},"author":{"name":"gcornali","@id":"https:\/\/www.europropmarket.com\/actualites\/#\/schema\/person\/a1a2fc7052204bfc3d820384b1488e01"},"headline":"Coworking : de nouveaux espaces dans le secteur des Trois Fronti\u00e8res","datePublished":"2021-03-11T21:08:09+00:00","dateModified":"2022-07-01T07:00:56+00:00","mainEntityOfPage":{"@id":"https:\/\/www.europropmarket.com\/actualites\/coworking-de-nouveaux-espaces-dans-le-secteur-des-trois-frontieres\/"},"wordCount":358,"publisher":{"@id":"https:\/\/www.europropmarket.com\/actualites\/#organization"},"keywords":["coworking","immobilier de bureaux","smart building","Trois Fronti\u00e8res"],"articleSection":["Coworking"],"inLanguage":"fr-FR"},{"@type":"WebPage","@id":"https:\/\/www.europropmarket.com\/actualites\/coworking-de-nouveaux-espaces-dans-le-secteur-des-trois-frontieres\/","url":"https:\/\/www.europropmarket.com\/actualites\/coworking-de-nouveaux-espaces-dans-le-secteur-des-trois-frontieres\/","name":"De nouveaux espaces de coworking \u00e0 Saint Louis (Alsace)","isPartOf":{"@id":"https:\/\/www.europropmarket.com\/actualites\/#website"},"datePublished":"2021-03-11T21:08:09+00:00","dateModified":"2022-07-01T07:00:56+00:00","description":"Le multiparc du Ch\u00e2teau-d'Eau \u00e0 Saint-Louis d\u00e9veloppe son offre de coworking, avec un premier espace collaboratif appel\u00e9 le Fleex.","breadcrumb":{"@id":"https:\/\/www.europropmarket.com\/actualites\/coworking-de-nouveaux-espaces-dans-le-secteur-des-trois-frontieres\/#breadcrumb"},"inLanguage":"fr-FR","potentialAction":[{"@type":"ReadAction","target":["https:\/\/www.europropmarket.com\/actualites\/coworking-de-nouveaux-espaces-dans-le-secteur-des-trois-frontieres\/"]}]},{"@type":"BreadcrumbList","@id":"https:\/\/www.europropmarket.com\/actualites\/coworking-de-nouveaux-espaces-dans-le-secteur-des-trois-frontieres\/#breadcrumb","itemListElement":[{"@type":"ListItem","position":1,"name":"Accueil","item":"https:\/\/www.europropmarket.com\/actualites\/"},{"@type":"ListItem","position":2,"name":"Coworking : de nouveaux espaces dans le secteur des Trois Fronti\u00e8res"}]},{"@type":"WebSite","@id":"https:\/\/www.europropmarket.com\/actualites\/#website","url":"https:\/\/www.europropmarket.com\/actualites\/","name":"Europropmarket","description":"","publisher":{"@id":"https:\/\/www.europropmarket.com\/actualites\/#organization"},"potentialAction":[{"@type":"SearchAction","target":{"@type":"EntryPoint","urlTemplate":"https:\/\/www.europropmarket.com\/actualites\/?s={search_term_string}"},"query-input":"required name=search_term_string"}],"inLanguage":"fr-FR"},{"@type":"Organization","@id":"https:\/\/www.europropmarket.com\/actualites\/#organization","name":"Europropmarket","url":"https:\/\/www.europropmarket.com\/actualites\/","logo":{"@type":"ImageObject","inLanguage":"fr-FR","@id":"https:\/\/www.europropmarket.com\/actualites\/#\/schema\/logo\/image\/","url":"https:\/\/www.europropmarket.com\/actualites\/wp-content\/uploads\/2021\/04\/logo.png","contentUrl":"https:\/\/www.europropmarket.com\/actualites\/wp-content\/uploads\/2021\/04\/logo.png","width":204,"height":25,"caption":"Europropmarket"},"image":{"@id":"https:\/\/www.europropmarket.com\/actualites\/#\/schema\/logo\/image\/"}},{"@type":"Person","@id":"https:\/\/www.europropmarket.com\/actualites\/#\/schema\/person\/a1a2fc7052204bfc3d820384b1488e01","name":"gcornali","image":{"@type":"ImageObject","inLanguage":"fr-FR","@id":"https:\/\/www.europropmarket.com\/actualites\/#\/schema\/person\/image\/","url":"https:\/\/secure.gravatar.com\/avatar\/be9194214014a77e1a18b6a6580c528cf8fd1bf7cf4c7cffe92d34221f5088a8?s=96&d=mm&r=g","contentUrl":"https:\/\/secure.gravatar.com\/avatar\/be9194214014a77e1a18b6a6580c528cf8fd1bf7cf4c7cffe92d34221f5088a8?s=96&d=mm&r=g","caption":"gcornali"},"sameAs":["https:\/\/www.europropmarket.com\/actualites"],"url":"https:\/\/www.europropmarket.com\/actualites\/author\/gcornali\/"}]}},"_links":{"self":[{"href":"https:\/\/www.europropmarket.com\/actualites\/wp-json\/wp\/v2\/posts\/376","targetHints":{"allow":["GET"]}}],"collection":[{"href":"https:\/\/www.europropmarket.com\/actualites\/wp-json\/wp\/v2\/posts"}],"about":[{"href":"https:\/\/www.europropmarket.com\/actualites\/wp-json\/wp\/v2\/types\/post"}],"author":[{"embeddable":true,"href":"https:\/\/www.europropmarket.com\/actualites\/wp-json\/wp\/v2\/users\/2"}],"replies":[{"embeddable":true,"href":"https:\/\/www.europropmarket.com\/actualites\/wp-json\/wp\/v2\/comments?post=376"}],"version-history":[{"count":4,"href":"https:\/\/www.europropmarket.com\/actualites\/wp-json\/wp\/v2\/posts\/376\/revisions"}],"predecessor-version":[{"id":915,"href":"https:\/\/www.europropmarket.com\/actualites\/wp-json\/wp\/v2\/posts\/376\/revisions\/915"}],"wp:featuredmedia":[{"embeddable":true,"href":"https:\/\/www.europropmarket.com\/actualites\/wp-json\/wp\/v2\/media\/482"}],"wp:attachment":[{"href":"https:\/\/www.europropmarket.com\/actualites\/wp-json\/wp\/v2\/media?parent=376"}],"wp:term":[{"taxonomy":"category","embeddable":true,"href":"https:\/\/www.europropmarket.com\/actualites\/wp-json\/wp\/v2\/categories?post=376"},{"taxonomy":"post_tag","embeddable":true,"href":"https:\/\/www.europropmarket.com\/actualites\/wp-json\/wp\/v2\/tags?post=376"}],"curies":[{"name":"wp","href":"https:\/\/api.w.org\/{rel}","templated":true}]}}