{"id":396,"date":"2021-05-02T22:32:57","date_gmt":"2021-05-02T20:32:57","guid":{"rendered":"https:\/\/www.europropmarket.com\/actualites\/?p=396"},"modified":"2022-07-01T11:51:48","modified_gmt":"2022-07-01T09:51:48","slug":"des-surfaces-professionnelles-reduites-pour-de-meilleures-performances","status":"publish","type":"post","link":"https:\/\/www.europropmarket.com\/actualites\/des-surfaces-professionnelles-reduites-pour-de-meilleures-performances\/","title":{"rendered":"Des surfaces professionnelles r\u00e9duites pour de meilleures performances"},"content":{"rendered":"<h2>La flexibilit\u00e9, une n\u00e9cessit\u00e9 devenue incontournable<\/h2>\n<p>Si l&rsquo;<a href=\"https:\/\/www.arthur-loyd-lyon.com\/\">immobilier d&rsquo;entreprise<\/a> conserve incontestablement son r\u00f4le strat\u00e9gique, le secteur est d&rsquo;ores et d\u00e9j\u00e0 confront\u00e9 \u00e0 une mutation structurelle acc\u00e9l\u00e9r\u00e9e par les nouveaux modes de travail. La flexibilit\u00e9 se trouve \u00e0 nouveau au centre des enjeux alors que beaucoup d&rsquo;entreprises envisagent de r\u00e9duire ou d&rsquo;optimiser leur empreinte immobili\u00e8re. Une \u00e9tude men\u00e9e en 2020 par EY et Urban Land Institut aupr\u00e8s de 550 professionnels de l&rsquo;immobilier d&rsquo;entreprise \u00e0 travers le monde r\u00e9v\u00e8le que 96% des r\u00e9pondants anticipent une g\u00e9n\u00e9ralisation du t\u00e9l\u00e9travail, 60 % des employ\u00e9s devant passer 1 \u00e0 3 jours par semaine en travail \u00e0 distance. D&rsquo;apr\u00e8s la m\u00eame \u00e9tude, 97 % des professionnels consid\u00e8rent que les entreprises se tourneront vers des solutions immobili\u00e8res flexibles et sur-mesure. Si le coworking continue de susciter l&rsquo;enthousiasme de certaines soci\u00e9t\u00e9s, les futures \u00e9volutions semblent cependant plut\u00f4t favorables au <a href=\"https:\/\/www.europropmarket.com\/coworking\/location\/\">Flex Office<\/a> dont la principale caract\u00e9ristique est pr\u00e9cis\u00e9ment son adaptabilit\u00e9. L&rsquo;imp\u00e9ratif de flexibilit\u00e9 se traduit \u00e9galement par l&rsquo;int\u00e9r\u00eat que portent les acteurs de la fili\u00e8re immobili\u00e8re aux b\u00e2timents r\u00e9versibles, \u00e0 l&rsquo;instar du Work #1 \u00e0 Lyon dont les surfaces de bureaux peuvent \u00eatre transform\u00e9es en logements. Mais la flexibilit\u00e9 de l&rsquo;immobilier d&rsquo;entreprise ne concerne pas seulement les b\u00e2timents eux-m\u00eames et s&rsquo;\u00e9tend \u00e9galement \u00e0 la r\u00e9glementation : selon l&rsquo;\u00e9tude susmentionn\u00e9e, 66 % des professionnels estiment que les contrats de location flexibles deviendront la norme au d\u00e9triment des traditionnels baux de longue dur\u00e9e.<\/p>\n<h2>Une profonde restructuration des environnements de travail : digitalisation et QVT<\/h2>\n<p>La transformation de l&rsquo;immobilier d&rsquo;entreprise se caract\u00e9rise donc par une tendance \u00e0 la r\u00e9duction des surfaces ; ces derni\u00e8res doivent cependant r\u00e9pondre \u00e0 des exigences de plus en plus fortes en termes de qualit\u00e9 et services offerts aux utilisateurs. Ainsi l&rsquo;offre de bureaux se r\u00e9invente avec le d\u00e9veloppement du nomadisme professionnel, tandis que le secteur logistique \u00e9volue pour accompagner l&rsquo;essor du e-commerce. Les immeubles d&rsquo;entreprise doivent pouvoir r\u00e9pondre aux nouveaux d\u00e9fis et usages professionnels, en accentuant le processus de digitalisation et la cr\u00e9ation d&rsquo;environnements de travail hyper connect\u00e9s. D&rsquo;apr\u00e8s l&rsquo;\u00e9tude EY, 85 % des r\u00e9pondants consid\u00e8rent que travail sera d\u00e9sormais digitalis\u00e9, avec un usage accru de l&rsquo;intelligence artificielle : 78 % s&rsquo;attendent \u00e0 ce que les t\u00e2ches d&rsquo;ex\u00e9cution soient effectu\u00e9es \u00e0 distance. Au-del\u00e0 de l&rsquo;essor des digital workplaces, l&rsquo;immobilier d&rsquo;entreprise est d\u00e9sormais fa\u00e7onn\u00e9 par les notions de bien-\u00eatre et de qualit\u00e9 de vie (QVT) au travail : les espaces de convivialit\u00e9, restauration, d\u00e9tente ou m\u00eame sport s&rsquo;installent durablement au sein des immeubles de bureaux, confort et productivit\u00e9 se trouvant li\u00e9s. Une \u00e9volution incontournable puisque de nombreux investisseurs envisagent d\u00e9j\u00e0 de se tourner vers des b\u00e2timents d&rsquo;entreprises plus r\u00e9silients, notamment en cas de crise sanitaire.<\/p>\n","protected":false},"excerpt":{"rendered":"<p>La flexibilit\u00e9, une n\u00e9cessit\u00e9 devenue incontournable Si l&rsquo;immobilier d&rsquo;entreprise conserve incontestablement son r\u00f4le strat\u00e9gique, le secteur est d&rsquo;ores et d\u00e9j\u00e0 confront\u00e9 \u00e0 une mutation structurelle acc\u00e9l\u00e9r\u00e9e par les nouveaux modes de travail. La flexibilit\u00e9 se trouve \u00e0 nouveau au centre des enjeux alors que beaucoup d&rsquo;entreprises envisagent de r\u00e9duire ou d&rsquo;optimiser leur empreinte immobili\u00e8re. Une [&hellip;]<\/p>\n","protected":false},"author":2,"featured_media":459,"comment_status":"closed","ping_status":"closed","sticky":false,"template":"","format":"standard","meta":{"footnotes":""},"categories":[5],"tags":[13,34,49],"class_list":["post-396","post","type-post","status-publish","format-standard","has-post-thumbnail","hentry","category-bureaux","tag-bureau","tag-bureaux","tag-flex-office","entry","has-media"],"yoast_head":"<!-- This site is optimized with the Yoast SEO plugin v19.13 - https:\/\/yoast.com\/wordpress\/plugins\/seo\/ -->\n<title>Immobilier d&#039;entreprise : vers des surfaces de moindre taille r\u00e9pondant aux nouvelles exigences de qualit\u00e9 et d&#039;adaptabilit\u00e9.<\/title>\n<meta name=\"description\" content=\"Si le d\u00e9veloppement des nouveaux modes de travail pousse les entreprises \u00e0 se diriger vers des surfaces plus modestes en termes de taille, les immeubles professionnels doivent d\u00e9sormais r\u00e9pondre \u00e0 de fortes attentes quant \u00e0 la qualit\u00e9 de leurs prestations.\" \/>\n<meta name=\"robots\" content=\"index, follow, max-snippet:-1, max-image-preview:large, max-video-preview:-1\" \/>\n<link rel=\"canonical\" href=\"https:\/\/www.europropmarket.com\/actualites\/des-surfaces-professionnelles-reduites-pour-de-meilleures-performances\/\" \/>\n<meta property=\"og:locale\" content=\"fr_FR\" \/>\n<meta property=\"og:type\" content=\"article\" \/>\n<meta property=\"og:title\" content=\"Immobilier d&#039;entreprise : vers des surfaces de moindre taille r\u00e9pondant aux nouvelles exigences de qualit\u00e9 et d&#039;adaptabilit\u00e9.\" \/>\n<meta property=\"og:description\" content=\"Si le d\u00e9veloppement des nouveaux modes de travail pousse les entreprises \u00e0 se diriger vers des surfaces plus modestes en termes de taille, les immeubles professionnels doivent d\u00e9sormais r\u00e9pondre \u00e0 de fortes attentes quant \u00e0 la qualit\u00e9 de leurs prestations.\" \/>\n<meta property=\"og:url\" content=\"https:\/\/www.europropmarket.com\/actualites\/des-surfaces-professionnelles-reduites-pour-de-meilleures-performances\/\" \/>\n<meta property=\"og:site_name\" content=\"Europropmarket\" \/>\n<meta property=\"article:published_time\" content=\"2021-05-02T20:32:57+00:00\" \/>\n<meta property=\"article:modified_time\" content=\"2022-07-01T09:51:48+00:00\" \/>\n<meta property=\"og:image\" content=\"https:\/\/www.europropmarket.com\/actualites\/wp-content\/uploads\/2021\/05\/1.jpg\" \/>\n\t<meta property=\"og:image:width\" content=\"1920\" \/>\n\t<meta property=\"og:image:height\" content=\"748\" \/>\n\t<meta property=\"og:image:type\" content=\"image\/jpeg\" \/>\n<meta name=\"author\" content=\"gcornali\" \/>\n<meta name=\"twitter:card\" content=\"summary_large_image\" \/>\n<meta name=\"twitter:label1\" content=\"\u00c9crit par\" \/>\n\t<meta name=\"twitter:data1\" content=\"gcornali\" \/>\n\t<meta name=\"twitter:label2\" content=\"Dur\u00e9e de lecture estim\u00e9e\" \/>\n\t<meta name=\"twitter:data2\" content=\"2 minutes\" \/>\n<script type=\"application\/ld+json\" class=\"yoast-schema-graph\">{\"@context\":\"https:\/\/schema.org\",\"@graph\":[{\"@type\":\"Article\",\"@id\":\"https:\/\/www.europropmarket.com\/actualites\/des-surfaces-professionnelles-reduites-pour-de-meilleures-performances\/#article\",\"isPartOf\":{\"@id\":\"https:\/\/www.europropmarket.com\/actualites\/des-surfaces-professionnelles-reduites-pour-de-meilleures-performances\/\"},\"author\":{\"name\":\"gcornali\",\"@id\":\"https:\/\/www.europropmarket.com\/actualites\/#\/schema\/person\/a1a2fc7052204bfc3d820384b1488e01\"},\"headline\":\"Des surfaces professionnelles r\u00e9duites pour de meilleures performances\",\"datePublished\":\"2021-05-02T20:32:57+00:00\",\"dateModified\":\"2022-07-01T09:51:48+00:00\",\"mainEntityOfPage\":{\"@id\":\"https:\/\/www.europropmarket.com\/actualites\/des-surfaces-professionnelles-reduites-pour-de-meilleures-performances\/\"},\"wordCount\":485,\"publisher\":{\"@id\":\"https:\/\/www.europropmarket.com\/actualites\/#organization\"},\"keywords\":[\"Bureau\",\"bureaux\",\"Flex office\"],\"articleSection\":[\"Bureaux\"],\"inLanguage\":\"fr-FR\"},{\"@type\":\"WebPage\",\"@id\":\"https:\/\/www.europropmarket.com\/actualites\/des-surfaces-professionnelles-reduites-pour-de-meilleures-performances\/\",\"url\":\"https:\/\/www.europropmarket.com\/actualites\/des-surfaces-professionnelles-reduites-pour-de-meilleures-performances\/\",\"name\":\"Immobilier d'entreprise : vers des surfaces de moindre taille r\u00e9pondant aux nouvelles exigences de qualit\u00e9 et d'adaptabilit\u00e9.\",\"isPartOf\":{\"@id\":\"https:\/\/www.europropmarket.com\/actualites\/#website\"},\"datePublished\":\"2021-05-02T20:32:57+00:00\",\"dateModified\":\"2022-07-01T09:51:48+00:00\",\"description\":\"Si le d\u00e9veloppement des nouveaux modes de travail pousse les entreprises \u00e0 se diriger vers des surfaces plus modestes en termes de taille, les immeubles professionnels doivent d\u00e9sormais r\u00e9pondre \u00e0 de fortes attentes quant \u00e0 la qualit\u00e9 de leurs prestations.\",\"breadcrumb\":{\"@id\":\"https:\/\/www.europropmarket.com\/actualites\/des-surfaces-professionnelles-reduites-pour-de-meilleures-performances\/#breadcrumb\"},\"inLanguage\":\"fr-FR\",\"potentialAction\":[{\"@type\":\"ReadAction\",\"target\":[\"https:\/\/www.europropmarket.com\/actualites\/des-surfaces-professionnelles-reduites-pour-de-meilleures-performances\/\"]}]},{\"@type\":\"BreadcrumbList\",\"@id\":\"https:\/\/www.europropmarket.com\/actualites\/des-surfaces-professionnelles-reduites-pour-de-meilleures-performances\/#breadcrumb\",\"itemListElement\":[{\"@type\":\"ListItem\",\"position\":1,\"name\":\"Accueil\",\"item\":\"https:\/\/www.europropmarket.com\/actualites\/\"},{\"@type\":\"ListItem\",\"position\":2,\"name\":\"Des surfaces professionnelles r\u00e9duites pour de meilleures performances\"}]},{\"@type\":\"WebSite\",\"@id\":\"https:\/\/www.europropmarket.com\/actualites\/#website\",\"url\":\"https:\/\/www.europropmarket.com\/actualites\/\",\"name\":\"Europropmarket\",\"description\":\"\",\"publisher\":{\"@id\":\"https:\/\/www.europropmarket.com\/actualites\/#organization\"},\"potentialAction\":[{\"@type\":\"SearchAction\",\"target\":{\"@type\":\"EntryPoint\",\"urlTemplate\":\"https:\/\/www.europropmarket.com\/actualites\/?s={search_term_string}\"},\"query-input\":\"required name=search_term_string\"}],\"inLanguage\":\"fr-FR\"},{\"@type\":\"Organization\",\"@id\":\"https:\/\/www.europropmarket.com\/actualites\/#organization\",\"name\":\"Europropmarket\",\"url\":\"https:\/\/www.europropmarket.com\/actualites\/\",\"logo\":{\"@type\":\"ImageObject\",\"inLanguage\":\"fr-FR\",\"@id\":\"https:\/\/www.europropmarket.com\/actualites\/#\/schema\/logo\/image\/\",\"url\":\"https:\/\/www.europropmarket.com\/actualites\/wp-content\/uploads\/2021\/04\/logo.png\",\"contentUrl\":\"https:\/\/www.europropmarket.com\/actualites\/wp-content\/uploads\/2021\/04\/logo.png\",\"width\":204,\"height\":25,\"caption\":\"Europropmarket\"},\"image\":{\"@id\":\"https:\/\/www.europropmarket.com\/actualites\/#\/schema\/logo\/image\/\"}},{\"@type\":\"Person\",\"@id\":\"https:\/\/www.europropmarket.com\/actualites\/#\/schema\/person\/a1a2fc7052204bfc3d820384b1488e01\",\"name\":\"gcornali\",\"image\":{\"@type\":\"ImageObject\",\"inLanguage\":\"fr-FR\",\"@id\":\"https:\/\/www.europropmarket.com\/actualites\/#\/schema\/person\/image\/\",\"url\":\"https:\/\/secure.gravatar.com\/avatar\/be9194214014a77e1a18b6a6580c528cf8fd1bf7cf4c7cffe92d34221f5088a8?s=96&d=mm&r=g\",\"contentUrl\":\"https:\/\/secure.gravatar.com\/avatar\/be9194214014a77e1a18b6a6580c528cf8fd1bf7cf4c7cffe92d34221f5088a8?s=96&d=mm&r=g\",\"caption\":\"gcornali\"},\"sameAs\":[\"https:\/\/www.europropmarket.com\/actualites\"],\"url\":\"https:\/\/www.europropmarket.com\/actualites\/author\/gcornali\/\"}]}<\/script>\n<!-- \/ Yoast SEO plugin. -->","yoast_head_json":{"title":"Immobilier d'entreprise : vers des surfaces de moindre taille r\u00e9pondant aux nouvelles exigences de qualit\u00e9 et d'adaptabilit\u00e9.","description":"Si le d\u00e9veloppement des nouveaux modes de travail pousse les entreprises \u00e0 se diriger vers des surfaces plus modestes en termes de taille, les immeubles professionnels doivent d\u00e9sormais r\u00e9pondre \u00e0 de fortes attentes quant \u00e0 la qualit\u00e9 de leurs prestations.","robots":{"index":"index","follow":"follow","max-snippet":"max-snippet:-1","max-image-preview":"max-image-preview:large","max-video-preview":"max-video-preview:-1"},"canonical":"https:\/\/www.europropmarket.com\/actualites\/des-surfaces-professionnelles-reduites-pour-de-meilleures-performances\/","og_locale":"fr_FR","og_type":"article","og_title":"Immobilier d'entreprise : vers des surfaces de moindre taille r\u00e9pondant aux nouvelles exigences de qualit\u00e9 et d'adaptabilit\u00e9.","og_description":"Si le d\u00e9veloppement des nouveaux modes de travail pousse les entreprises \u00e0 se diriger vers des surfaces plus modestes en termes de taille, les immeubles professionnels doivent d\u00e9sormais r\u00e9pondre \u00e0 de fortes attentes quant \u00e0 la qualit\u00e9 de leurs prestations.","og_url":"https:\/\/www.europropmarket.com\/actualites\/des-surfaces-professionnelles-reduites-pour-de-meilleures-performances\/","og_site_name":"Europropmarket","article_published_time":"2021-05-02T20:32:57+00:00","article_modified_time":"2022-07-01T09:51:48+00:00","og_image":[{"width":1920,"height":748,"url":"https:\/\/www.europropmarket.com\/actualites\/wp-content\/uploads\/2021\/05\/1.jpg","type":"image\/jpeg"}],"author":"gcornali","twitter_card":"summary_large_image","twitter_misc":{"\u00c9crit par":"gcornali","Dur\u00e9e de lecture estim\u00e9e":"2 minutes"},"schema":{"@context":"https:\/\/schema.org","@graph":[{"@type":"Article","@id":"https:\/\/www.europropmarket.com\/actualites\/des-surfaces-professionnelles-reduites-pour-de-meilleures-performances\/#article","isPartOf":{"@id":"https:\/\/www.europropmarket.com\/actualites\/des-surfaces-professionnelles-reduites-pour-de-meilleures-performances\/"},"author":{"name":"gcornali","@id":"https:\/\/www.europropmarket.com\/actualites\/#\/schema\/person\/a1a2fc7052204bfc3d820384b1488e01"},"headline":"Des surfaces professionnelles r\u00e9duites pour de meilleures performances","datePublished":"2021-05-02T20:32:57+00:00","dateModified":"2022-07-01T09:51:48+00:00","mainEntityOfPage":{"@id":"https:\/\/www.europropmarket.com\/actualites\/des-surfaces-professionnelles-reduites-pour-de-meilleures-performances\/"},"wordCount":485,"publisher":{"@id":"https:\/\/www.europropmarket.com\/actualites\/#organization"},"keywords":["Bureau","bureaux","Flex office"],"articleSection":["Bureaux"],"inLanguage":"fr-FR"},{"@type":"WebPage","@id":"https:\/\/www.europropmarket.com\/actualites\/des-surfaces-professionnelles-reduites-pour-de-meilleures-performances\/","url":"https:\/\/www.europropmarket.com\/actualites\/des-surfaces-professionnelles-reduites-pour-de-meilleures-performances\/","name":"Immobilier d'entreprise : vers des surfaces de moindre taille r\u00e9pondant aux nouvelles exigences de qualit\u00e9 et d'adaptabilit\u00e9.","isPartOf":{"@id":"https:\/\/www.europropmarket.com\/actualites\/#website"},"datePublished":"2021-05-02T20:32:57+00:00","dateModified":"2022-07-01T09:51:48+00:00","description":"Si le d\u00e9veloppement des nouveaux modes de travail pousse les entreprises \u00e0 se diriger vers des surfaces plus modestes en termes de taille, les immeubles professionnels doivent d\u00e9sormais r\u00e9pondre \u00e0 de fortes attentes quant \u00e0 la qualit\u00e9 de leurs prestations.","breadcrumb":{"@id":"https:\/\/www.europropmarket.com\/actualites\/des-surfaces-professionnelles-reduites-pour-de-meilleures-performances\/#breadcrumb"},"inLanguage":"fr-FR","potentialAction":[{"@type":"ReadAction","target":["https:\/\/www.europropmarket.com\/actualites\/des-surfaces-professionnelles-reduites-pour-de-meilleures-performances\/"]}]},{"@type":"BreadcrumbList","@id":"https:\/\/www.europropmarket.com\/actualites\/des-surfaces-professionnelles-reduites-pour-de-meilleures-performances\/#breadcrumb","itemListElement":[{"@type":"ListItem","position":1,"name":"Accueil","item":"https:\/\/www.europropmarket.com\/actualites\/"},{"@type":"ListItem","position":2,"name":"Des surfaces professionnelles r\u00e9duites pour de meilleures performances"}]},{"@type":"WebSite","@id":"https:\/\/www.europropmarket.com\/actualites\/#website","url":"https:\/\/www.europropmarket.com\/actualites\/","name":"Europropmarket","description":"","publisher":{"@id":"https:\/\/www.europropmarket.com\/actualites\/#organization"},"potentialAction":[{"@type":"SearchAction","target":{"@type":"EntryPoint","urlTemplate":"https:\/\/www.europropmarket.com\/actualites\/?s={search_term_string}"},"query-input":"required name=search_term_string"}],"inLanguage":"fr-FR"},{"@type":"Organization","@id":"https:\/\/www.europropmarket.com\/actualites\/#organization","name":"Europropmarket","url":"https:\/\/www.europropmarket.com\/actualites\/","logo":{"@type":"ImageObject","inLanguage":"fr-FR","@id":"https:\/\/www.europropmarket.com\/actualites\/#\/schema\/logo\/image\/","url":"https:\/\/www.europropmarket.com\/actualites\/wp-content\/uploads\/2021\/04\/logo.png","contentUrl":"https:\/\/www.europropmarket.com\/actualites\/wp-content\/uploads\/2021\/04\/logo.png","width":204,"height":25,"caption":"Europropmarket"},"image":{"@id":"https:\/\/www.europropmarket.com\/actualites\/#\/schema\/logo\/image\/"}},{"@type":"Person","@id":"https:\/\/www.europropmarket.com\/actualites\/#\/schema\/person\/a1a2fc7052204bfc3d820384b1488e01","name":"gcornali","image":{"@type":"ImageObject","inLanguage":"fr-FR","@id":"https:\/\/www.europropmarket.com\/actualites\/#\/schema\/person\/image\/","url":"https:\/\/secure.gravatar.com\/avatar\/be9194214014a77e1a18b6a6580c528cf8fd1bf7cf4c7cffe92d34221f5088a8?s=96&d=mm&r=g","contentUrl":"https:\/\/secure.gravatar.com\/avatar\/be9194214014a77e1a18b6a6580c528cf8fd1bf7cf4c7cffe92d34221f5088a8?s=96&d=mm&r=g","caption":"gcornali"},"sameAs":["https:\/\/www.europropmarket.com\/actualites"],"url":"https:\/\/www.europropmarket.com\/actualites\/author\/gcornali\/"}]}},"_links":{"self":[{"href":"https:\/\/www.europropmarket.com\/actualites\/wp-json\/wp\/v2\/posts\/396","targetHints":{"allow":["GET"]}}],"collection":[{"href":"https:\/\/www.europropmarket.com\/actualites\/wp-json\/wp\/v2\/posts"}],"about":[{"href":"https:\/\/www.europropmarket.com\/actualites\/wp-json\/wp\/v2\/types\/post"}],"author":[{"embeddable":true,"href":"https:\/\/www.europropmarket.com\/actualites\/wp-json\/wp\/v2\/users\/2"}],"replies":[{"embeddable":true,"href":"https:\/\/www.europropmarket.com\/actualites\/wp-json\/wp\/v2\/comments?post=396"}],"version-history":[{"count":5,"href":"https:\/\/www.europropmarket.com\/actualites\/wp-json\/wp\/v2\/posts\/396\/revisions"}],"predecessor-version":[{"id":959,"href":"https:\/\/www.europropmarket.com\/actualites\/wp-json\/wp\/v2\/posts\/396\/revisions\/959"}],"wp:featuredmedia":[{"embeddable":true,"href":"https:\/\/www.europropmarket.com\/actualites\/wp-json\/wp\/v2\/media\/459"}],"wp:attachment":[{"href":"https:\/\/www.europropmarket.com\/actualites\/wp-json\/wp\/v2\/media?parent=396"}],"wp:term":[{"taxonomy":"category","embeddable":true,"href":"https:\/\/www.europropmarket.com\/actualites\/wp-json\/wp\/v2\/categories?post=396"},{"taxonomy":"post_tag","embeddable":true,"href":"https:\/\/www.europropmarket.com\/actualites\/wp-json\/wp\/v2\/tags?post=396"}],"curies":[{"name":"wp","href":"https:\/\/api.w.org\/{rel}","templated":true}]}}