{"id":556,"date":"2022-08-03T14:18:40","date_gmt":"2022-08-03T12:18:40","guid":{"rendered":"https:\/\/www.europropmarket.com\/actualites\/?p=556"},"modified":"2022-08-03T14:18:40","modified_gmt":"2022-08-03T12:18:40","slug":"le-coworking-une-solution-immobiliere-adaptee-au-monde-dapres","status":"publish","type":"post","link":"https:\/\/www.europropmarket.com\/actualites\/le-coworking-une-solution-immobiliere-adaptee-au-monde-dapres\/","title":{"rendered":"Le coworking, une solution immobili\u00e8re adapt\u00e9e au \u00ab monde d&rsquo;apr\u00e8s \u00bb"},"content":{"rendered":"<p style=\"margin-bottom: 0cm; text-align: justify; text-justify: inter-ideograph; line-height: 150%;\"><span style=\"color: black;\">La crise sanitaire aura eu un impact particuli\u00e8rement fort sur les espaces de coworking non seulement en raison des confinements, mais \u00e9galement du fait des divers m\u00e9canismes de distanciation qui privent ces espaces de la possibilit\u00e9 d&rsquo;accomplir l&rsquo;une de leurs principales missions, \u00e0 savoir le maintien d&rsquo;un lien social au profit des travailleurs les plus \u00ab\u00a0nomades\u00a0\u00bb. Par leur nature m\u00eame, les <a href=\"https:\/\/www.europropmarket.com\/actualites\/le-coworking-des-espaces-de-bureaux-collaboratifs-adaptes-aux-nouveaux-modes-de-travail\/\">bureaux collaboratifs<\/a> ont subi de plein fouet la mise en \u0153uvre des diff\u00e9rents dispositifs de distanciation sociale ; le coworking n&rsquo;en demeure pas moins aujourd&rsquo;hui une solution incontournable pour l&rsquo;immobilier d&rsquo;entreprise de demain, puisqu&rsquo;il r\u00e9pond aux imp\u00e9ratifs de flexibilit\u00e9 qui animent les soci\u00e9t\u00e9s. Adapt\u00e9s aux travailleurs ind\u00e9pendants, lib\u00e9raux, start-ups et freelancers, le coworking s&rsquo;adresse \u00e9galement aux t\u00e9l\u00e9travailleurs qui ne souhaitent pas se priver totalement de contacts sociaux et de l&rsquo;\u00e9mulation qui en d\u00e9coule. Les espaces collaboratifs forment en effet le plus souvent des environnements de travail efficaces et connect\u00e9s, favorables \u00e0 la productivit\u00e9 et \u00e0 la cr\u00e9ativit\u00e9 quel que soit le secteur d&rsquo;activit\u00e9 des coworkers. La flexibilit\u00e9 des baux de coworking offre en outre la possibilit\u00e9 aux entreprises de r\u00e9duire leur empreinte immobili\u00e8re en permettant aux salari\u00e9s de travailler en pr\u00e9sentiel une partie de la semaine, et au sein d&rsquo;un espace collaboratif le reste du temps. Le coworking devient alors la cl\u00e9 de vo\u00fbte de l&rsquo;organisation des entreprises du \u00ab monde d&rsquo;apr\u00e8s \u00bb en accompagnant l&rsquo;essor du nomadisme professionnel.<\/span><\/p>\n","protected":false},"excerpt":{"rendered":"<p>La crise sanitaire aura eu un impact particuli\u00e8rement fort sur les espaces de coworking non seulement en raison des confinements, mais \u00e9galement du fait des divers m\u00e9canismes de distanciation qui privent ces espaces de la possibilit\u00e9 d&rsquo;accomplir l&rsquo;une de leurs principales missions, \u00e0 savoir le maintien d&rsquo;un lien social au profit des travailleurs les plus [&hellip;]<\/p>\n","protected":false},"author":4,"featured_media":1505,"comment_status":"closed","ping_status":"closed","sticky":false,"template":"","format":"standard","meta":{"footnotes":""},"categories":[9],"tags":[49],"class_list":["post-556","post","type-post","status-publish","format-standard","has-post-thumbnail","hentry","category-coworking","tag-flex-office","entry","has-media"],"yoast_head":"<!-- This site is optimized with the Yoast SEO plugin v19.13 - https:\/\/yoast.com\/wordpress\/plugins\/seo\/ -->\n<title>Le coworking, une solution adapt\u00e9e \u00e0 l&#039;immobilier d&#039;entreprise<\/title>\n<meta name=\"description\" content=\"les espaces de coworking confirment leur r\u00f4le essentiel dans le cadre de l&#039;\u00e9mergence de nouveaux modes de travail\" \/>\n<meta name=\"robots\" content=\"index, follow, max-snippet:-1, max-image-preview:large, max-video-preview:-1\" \/>\n<link rel=\"canonical\" href=\"https:\/\/www.europropmarket.com\/actualites\/le-coworking-une-solution-immobiliere-adaptee-au-monde-dapres\/\" \/>\n<meta property=\"og:locale\" content=\"fr_FR\" \/>\n<meta property=\"og:type\" content=\"article\" \/>\n<meta property=\"og:title\" content=\"Le coworking, une solution adapt\u00e9e \u00e0 l&#039;immobilier d&#039;entreprise\" \/>\n<meta property=\"og:description\" content=\"les espaces de coworking confirment leur r\u00f4le essentiel dans le cadre de l&#039;\u00e9mergence de nouveaux modes de travail\" \/>\n<meta property=\"og:url\" content=\"https:\/\/www.europropmarket.com\/actualites\/le-coworking-une-solution-immobiliere-adaptee-au-monde-dapres\/\" \/>\n<meta property=\"og:site_name\" content=\"Europropmarket\" \/>\n<meta property=\"article:published_time\" content=\"2022-08-03T12:18:40+00:00\" \/>\n<meta property=\"og:image\" content=\"https:\/\/www.europropmarket.com\/actualites\/wp-content\/uploads\/2021\/11\/home-slider-3.204fb582.jpg\" \/>\n\t<meta property=\"og:image:width\" content=\"980\" \/>\n\t<meta property=\"og:image:height\" content=\"380\" \/>\n\t<meta property=\"og:image:type\" content=\"image\/jpeg\" \/>\n<meta name=\"author\" content=\"St\u00e9phane BONTOUX\" \/>\n<meta name=\"twitter:card\" content=\"summary_large_image\" \/>\n<meta name=\"twitter:label1\" content=\"\u00c9crit par\" \/>\n\t<meta name=\"twitter:data1\" content=\"St\u00e9phane BONTOUX\" \/>\n\t<meta name=\"twitter:label2\" content=\"Dur\u00e9e de lecture estim\u00e9e\" \/>\n\t<meta name=\"twitter:data2\" content=\"1 minute\" \/>\n<script type=\"application\/ld+json\" class=\"yoast-schema-graph\">{\"@context\":\"https:\/\/schema.org\",\"@graph\":[{\"@type\":\"Article\",\"@id\":\"https:\/\/www.europropmarket.com\/actualites\/le-coworking-une-solution-immobiliere-adaptee-au-monde-dapres\/#article\",\"isPartOf\":{\"@id\":\"https:\/\/www.europropmarket.com\/actualites\/le-coworking-une-solution-immobiliere-adaptee-au-monde-dapres\/\"},\"author\":{\"name\":\"St\u00e9phane BONTOUX\",\"@id\":\"https:\/\/www.europropmarket.com\/actualites\/#\/schema\/person\/97027d62243b84ca18df0089bcbb10a8\"},\"headline\":\"Le coworking, une solution immobili\u00e8re adapt\u00e9e au \u00ab monde d&rsquo;apr\u00e8s \u00bb\",\"datePublished\":\"2022-08-03T12:18:40+00:00\",\"dateModified\":\"2022-08-03T12:18:40+00:00\",\"mainEntityOfPage\":{\"@id\":\"https:\/\/www.europropmarket.com\/actualites\/le-coworking-une-solution-immobiliere-adaptee-au-monde-dapres\/\"},\"wordCount\":259,\"publisher\":{\"@id\":\"https:\/\/www.europropmarket.com\/actualites\/#organization\"},\"keywords\":[\"Flex office\"],\"articleSection\":[\"Coworking\"],\"inLanguage\":\"fr-FR\"},{\"@type\":\"WebPage\",\"@id\":\"https:\/\/www.europropmarket.com\/actualites\/le-coworking-une-solution-immobiliere-adaptee-au-monde-dapres\/\",\"url\":\"https:\/\/www.europropmarket.com\/actualites\/le-coworking-une-solution-immobiliere-adaptee-au-monde-dapres\/\",\"name\":\"Le coworking, une solution adapt\u00e9e \u00e0 l'immobilier d'entreprise\",\"isPartOf\":{\"@id\":\"https:\/\/www.europropmarket.com\/actualites\/#website\"},\"datePublished\":\"2022-08-03T12:18:40+00:00\",\"dateModified\":\"2022-08-03T12:18:40+00:00\",\"description\":\"les espaces de coworking confirment leur r\u00f4le essentiel dans le cadre de l'\u00e9mergence de nouveaux modes de travail\",\"breadcrumb\":{\"@id\":\"https:\/\/www.europropmarket.com\/actualites\/le-coworking-une-solution-immobiliere-adaptee-au-monde-dapres\/#breadcrumb\"},\"inLanguage\":\"fr-FR\",\"potentialAction\":[{\"@type\":\"ReadAction\",\"target\":[\"https:\/\/www.europropmarket.com\/actualites\/le-coworking-une-solution-immobiliere-adaptee-au-monde-dapres\/\"]}]},{\"@type\":\"BreadcrumbList\",\"@id\":\"https:\/\/www.europropmarket.com\/actualites\/le-coworking-une-solution-immobiliere-adaptee-au-monde-dapres\/#breadcrumb\",\"itemListElement\":[{\"@type\":\"ListItem\",\"position\":1,\"name\":\"Accueil\",\"item\":\"https:\/\/www.europropmarket.com\/actualites\/\"},{\"@type\":\"ListItem\",\"position\":2,\"name\":\"Le coworking, une solution immobili\u00e8re adapt\u00e9e au \u00ab monde d&rsquo;apr\u00e8s \u00bb\"}]},{\"@type\":\"WebSite\",\"@id\":\"https:\/\/www.europropmarket.com\/actualites\/#website\",\"url\":\"https:\/\/www.europropmarket.com\/actualites\/\",\"name\":\"Europropmarket\",\"description\":\"\",\"publisher\":{\"@id\":\"https:\/\/www.europropmarket.com\/actualites\/#organization\"},\"potentialAction\":[{\"@type\":\"SearchAction\",\"target\":{\"@type\":\"EntryPoint\",\"urlTemplate\":\"https:\/\/www.europropmarket.com\/actualites\/?s={search_term_string}\"},\"query-input\":\"required name=search_term_string\"}],\"inLanguage\":\"fr-FR\"},{\"@type\":\"Organization\",\"@id\":\"https:\/\/www.europropmarket.com\/actualites\/#organization\",\"name\":\"Europropmarket\",\"url\":\"https:\/\/www.europropmarket.com\/actualites\/\",\"logo\":{\"@type\":\"ImageObject\",\"inLanguage\":\"fr-FR\",\"@id\":\"https:\/\/www.europropmarket.com\/actualites\/#\/schema\/logo\/image\/\",\"url\":\"https:\/\/www.europropmarket.com\/actualites\/wp-content\/uploads\/2021\/04\/logo.png\",\"contentUrl\":\"https:\/\/www.europropmarket.com\/actualites\/wp-content\/uploads\/2021\/04\/logo.png\",\"width\":204,\"height\":25,\"caption\":\"Europropmarket\"},\"image\":{\"@id\":\"https:\/\/www.europropmarket.com\/actualites\/#\/schema\/logo\/image\/\"}},{\"@type\":\"Person\",\"@id\":\"https:\/\/www.europropmarket.com\/actualites\/#\/schema\/person\/97027d62243b84ca18df0089bcbb10a8\",\"name\":\"St\u00e9phane BONTOUX\",\"image\":{\"@type\":\"ImageObject\",\"inLanguage\":\"fr-FR\",\"@id\":\"https:\/\/www.europropmarket.com\/actualites\/#\/schema\/person\/image\/\",\"url\":\"https:\/\/secure.gravatar.com\/avatar\/2e2408bccbefc28eb75eb64f0a5e748f653dd966b192e28b810a33dba3220ec5?s=96&d=mm&r=g\",\"contentUrl\":\"https:\/\/secure.gravatar.com\/avatar\/2e2408bccbefc28eb75eb64f0a5e748f653dd966b192e28b810a33dba3220ec5?s=96&d=mm&r=g\",\"caption\":\"St\u00e9phane BONTOUX\"},\"url\":\"https:\/\/www.europropmarket.com\/actualites\/author\/sbontoux\/\"}]}<\/script>\n<!-- \/ Yoast SEO plugin. -->","yoast_head_json":{"title":"Le coworking, une solution adapt\u00e9e \u00e0 l'immobilier d'entreprise","description":"les espaces de coworking confirment leur r\u00f4le essentiel dans le cadre de l'\u00e9mergence de nouveaux modes de travail","robots":{"index":"index","follow":"follow","max-snippet":"max-snippet:-1","max-image-preview":"max-image-preview:large","max-video-preview":"max-video-preview:-1"},"canonical":"https:\/\/www.europropmarket.com\/actualites\/le-coworking-une-solution-immobiliere-adaptee-au-monde-dapres\/","og_locale":"fr_FR","og_type":"article","og_title":"Le coworking, une solution adapt\u00e9e \u00e0 l'immobilier d'entreprise","og_description":"les espaces de coworking confirment leur r\u00f4le essentiel dans le cadre de l'\u00e9mergence de nouveaux modes de travail","og_url":"https:\/\/www.europropmarket.com\/actualites\/le-coworking-une-solution-immobiliere-adaptee-au-monde-dapres\/","og_site_name":"Europropmarket","article_published_time":"2022-08-03T12:18:40+00:00","og_image":[{"width":980,"height":380,"url":"https:\/\/www.europropmarket.com\/actualites\/wp-content\/uploads\/2021\/11\/home-slider-3.204fb582.jpg","type":"image\/jpeg"}],"author":"St\u00e9phane BONTOUX","twitter_card":"summary_large_image","twitter_misc":{"\u00c9crit par":"St\u00e9phane BONTOUX","Dur\u00e9e de lecture estim\u00e9e":"1 minute"},"schema":{"@context":"https:\/\/schema.org","@graph":[{"@type":"Article","@id":"https:\/\/www.europropmarket.com\/actualites\/le-coworking-une-solution-immobiliere-adaptee-au-monde-dapres\/#article","isPartOf":{"@id":"https:\/\/www.europropmarket.com\/actualites\/le-coworking-une-solution-immobiliere-adaptee-au-monde-dapres\/"},"author":{"name":"St\u00e9phane BONTOUX","@id":"https:\/\/www.europropmarket.com\/actualites\/#\/schema\/person\/97027d62243b84ca18df0089bcbb10a8"},"headline":"Le coworking, une solution immobili\u00e8re adapt\u00e9e au \u00ab monde d&rsquo;apr\u00e8s \u00bb","datePublished":"2022-08-03T12:18:40+00:00","dateModified":"2022-08-03T12:18:40+00:00","mainEntityOfPage":{"@id":"https:\/\/www.europropmarket.com\/actualites\/le-coworking-une-solution-immobiliere-adaptee-au-monde-dapres\/"},"wordCount":259,"publisher":{"@id":"https:\/\/www.europropmarket.com\/actualites\/#organization"},"keywords":["Flex office"],"articleSection":["Coworking"],"inLanguage":"fr-FR"},{"@type":"WebPage","@id":"https:\/\/www.europropmarket.com\/actualites\/le-coworking-une-solution-immobiliere-adaptee-au-monde-dapres\/","url":"https:\/\/www.europropmarket.com\/actualites\/le-coworking-une-solution-immobiliere-adaptee-au-monde-dapres\/","name":"Le coworking, une solution adapt\u00e9e \u00e0 l'immobilier d'entreprise","isPartOf":{"@id":"https:\/\/www.europropmarket.com\/actualites\/#website"},"datePublished":"2022-08-03T12:18:40+00:00","dateModified":"2022-08-03T12:18:40+00:00","description":"les espaces de coworking confirment leur r\u00f4le essentiel dans le cadre de l'\u00e9mergence de nouveaux modes de travail","breadcrumb":{"@id":"https:\/\/www.europropmarket.com\/actualites\/le-coworking-une-solution-immobiliere-adaptee-au-monde-dapres\/#breadcrumb"},"inLanguage":"fr-FR","potentialAction":[{"@type":"ReadAction","target":["https:\/\/www.europropmarket.com\/actualites\/le-coworking-une-solution-immobiliere-adaptee-au-monde-dapres\/"]}]},{"@type":"BreadcrumbList","@id":"https:\/\/www.europropmarket.com\/actualites\/le-coworking-une-solution-immobiliere-adaptee-au-monde-dapres\/#breadcrumb","itemListElement":[{"@type":"ListItem","position":1,"name":"Accueil","item":"https:\/\/www.europropmarket.com\/actualites\/"},{"@type":"ListItem","position":2,"name":"Le coworking, une solution immobili\u00e8re adapt\u00e9e au \u00ab monde d&rsquo;apr\u00e8s \u00bb"}]},{"@type":"WebSite","@id":"https:\/\/www.europropmarket.com\/actualites\/#website","url":"https:\/\/www.europropmarket.com\/actualites\/","name":"Europropmarket","description":"","publisher":{"@id":"https:\/\/www.europropmarket.com\/actualites\/#organization"},"potentialAction":[{"@type":"SearchAction","target":{"@type":"EntryPoint","urlTemplate":"https:\/\/www.europropmarket.com\/actualites\/?s={search_term_string}"},"query-input":"required name=search_term_string"}],"inLanguage":"fr-FR"},{"@type":"Organization","@id":"https:\/\/www.europropmarket.com\/actualites\/#organization","name":"Europropmarket","url":"https:\/\/www.europropmarket.com\/actualites\/","logo":{"@type":"ImageObject","inLanguage":"fr-FR","@id":"https:\/\/www.europropmarket.com\/actualites\/#\/schema\/logo\/image\/","url":"https:\/\/www.europropmarket.com\/actualites\/wp-content\/uploads\/2021\/04\/logo.png","contentUrl":"https:\/\/www.europropmarket.com\/actualites\/wp-content\/uploads\/2021\/04\/logo.png","width":204,"height":25,"caption":"Europropmarket"},"image":{"@id":"https:\/\/www.europropmarket.com\/actualites\/#\/schema\/logo\/image\/"}},{"@type":"Person","@id":"https:\/\/www.europropmarket.com\/actualites\/#\/schema\/person\/97027d62243b84ca18df0089bcbb10a8","name":"St\u00e9phane BONTOUX","image":{"@type":"ImageObject","inLanguage":"fr-FR","@id":"https:\/\/www.europropmarket.com\/actualites\/#\/schema\/person\/image\/","url":"https:\/\/secure.gravatar.com\/avatar\/2e2408bccbefc28eb75eb64f0a5e748f653dd966b192e28b810a33dba3220ec5?s=96&d=mm&r=g","contentUrl":"https:\/\/secure.gravatar.com\/avatar\/2e2408bccbefc28eb75eb64f0a5e748f653dd966b192e28b810a33dba3220ec5?s=96&d=mm&r=g","caption":"St\u00e9phane BONTOUX"},"url":"https:\/\/www.europropmarket.com\/actualites\/author\/sbontoux\/"}]}},"_links":{"self":[{"href":"https:\/\/www.europropmarket.com\/actualites\/wp-json\/wp\/v2\/posts\/556","targetHints":{"allow":["GET"]}}],"collection":[{"href":"https:\/\/www.europropmarket.com\/actualites\/wp-json\/wp\/v2\/posts"}],"about":[{"href":"https:\/\/www.europropmarket.com\/actualites\/wp-json\/wp\/v2\/types\/post"}],"author":[{"embeddable":true,"href":"https:\/\/www.europropmarket.com\/actualites\/wp-json\/wp\/v2\/users\/4"}],"replies":[{"embeddable":true,"href":"https:\/\/www.europropmarket.com\/actualites\/wp-json\/wp\/v2\/comments?post=556"}],"version-history":[{"count":2,"href":"https:\/\/www.europropmarket.com\/actualites\/wp-json\/wp\/v2\/posts\/556\/revisions"}],"predecessor-version":[{"id":1506,"href":"https:\/\/www.europropmarket.com\/actualites\/wp-json\/wp\/v2\/posts\/556\/revisions\/1506"}],"wp:featuredmedia":[{"embeddable":true,"href":"https:\/\/www.europropmarket.com\/actualites\/wp-json\/wp\/v2\/media\/1505"}],"wp:attachment":[{"href":"https:\/\/www.europropmarket.com\/actualites\/wp-json\/wp\/v2\/media?parent=556"}],"wp:term":[{"taxonomy":"category","embeddable":true,"href":"https:\/\/www.europropmarket.com\/actualites\/wp-json\/wp\/v2\/categories?post=556"},{"taxonomy":"post_tag","embeddable":true,"href":"https:\/\/www.europropmarket.com\/actualites\/wp-json\/wp\/v2\/tags?post=556"}],"curies":[{"name":"wp","href":"https:\/\/api.w.org\/{rel}","templated":true}]}}