{"id":743,"date":"2022-06-22T14:28:12","date_gmt":"2022-06-22T12:28:12","guid":{"rendered":"https:\/\/www.europropmarket.com\/actualites\/?p=743"},"modified":"2022-08-02T13:28:22","modified_gmt":"2022-08-02T11:28:22","slug":"le-marche-des-locaux-dactivites-en-ile-de-france","status":"publish","type":"post","link":"https:\/\/www.europropmarket.com\/actualites\/le-marche-des-locaux-dactivites-en-ile-de-france\/","title":{"rendered":"Le march\u00e9 des locaux d\u2019activit\u00e9s en \u00cele-de-France"},"content":{"rendered":"<h2><strong>Les performances du march\u00e9 parisien en 2021<\/strong><\/h2>\n<p>\u00c0 l&rsquo;instar de l&rsquo;immobilier logistique, le march\u00e9 des locaux d&rsquo;activit\u00e9s est bel et bien sorti de la crise depuis 2021 avec pr\u00e8s de 1\u00a0140\u00a0000 m\u00b2 commercialis\u00e9s En \u00cele-de-France. Une hausse de 33 % par rapport \u00e0 l&rsquo;ann\u00e9e 2020, avec plus de 1000 transactions enregistr\u00e9es : si les surfaces inf\u00e9rieures \u00e0 1000 m\u00b2 repr\u00e9sentent 75 % des op\u00e9rations, les surfaces de taille moyenne (c\u2019est-\u00e0-dire comprise entre 1000 et 5000 m\u00b2) enregistrent une hausse de 35 % au regard de l&rsquo;ann\u00e9e pr\u00e9c\u00e9dente. Avec plus de 200\u00a0000 m\u00b2 plac\u00e9s sur les locaux d&rsquo;activit\u00e9s de grande taille (sup\u00e9rieure \u00e0 5000 m\u00b2), l&rsquo;ann\u00e9e 2021 surpasse m\u00eame l&rsquo;ann\u00e9e 2019 qui fut pourtant une ann\u00e9e d&rsquo;exception sur l&rsquo;ensemble des segments du march\u00e9 immobilier d&rsquo;entreprise. Concernant le type de transaction, un tiers des entreprises choisissent la vente tandis que les autres soci\u00e9t\u00e9s privil\u00e9gient la location pour des raisons de flexibilit\u00e9. Le march\u00e9 des <a href=\"https:\/\/www.europropmarket.com\/entrepot-local-activite\/location\/75-paris\/\">locaux d&rsquo;activit\u00e9s francilien<\/a> profite donc de l&rsquo;essor de l&rsquo;industrie et de la nouvelle logistique, et continue d&rsquo;attirer entrepris et investisseurs. \u00c0 tel point que les soci\u00e9t\u00e9s en qu\u00eate de locaux d&rsquo;activit\u00e9s se trouvent aujourd&rsquo;hui en concurrence avec les investisseurs institutionnels dans leur qu\u00eate de locaux d&rsquo;activit\u00e9s disponibles \u00e0 la vente en \u00cele-de-France.<\/p>\n<h2><strong>Un dynamisme confirm\u00e9 au T1 2022<\/strong><\/h2>\n<p>La forte demande de locaux d&rsquo;activit\u00e9s destin\u00e9s \u00e0 la production industrielle ou au stockage se confirme au premier trimestre 2022, port\u00e9e notamment par la nouvelle logistique urbaine et les imp\u00e9ratifs de livraison du dernier kilom\u00e8tre. Cette croissance se traduit par une augmentation des loyers en \u00cele-de-France : en premi\u00e8re couronne les loyers se situent d\u00e9sormais entre 120 et 150 \u20ac\/m\u00b2 pour la seconde main et atteignent 170 \u20ac\/m\u00b2 pour les locaux d&rsquo;activit\u00e9s neufs. En seconde couronne, les loyers demeurent plus bas et oscillent en moyenne entre 80 \u20ac\/m\u00b2 et 110\u20ac\/m\u00b2, pouvant cependant atteindre 170\u20ac\/m\u00b2 pour les<a href=\"https:\/\/www.europropmarket.com\/entrepot-local-activite\/vente\/75-paris\/\"> locaux d\u2019activit\u00e9s neufs<\/a> situ\u00e9s \u00e0 proximit\u00e9 des r\u00e9seaux routiers ou autoroutiers. Au T1 2022 ce ne sont pas moins de 242 888 m\u00b2 de locaux d\u2019activit\u00e9s qui ont \u00e9t\u00e9 \u00e9chang\u00e9s en \u00cele-de-France, d\u00e9montrant ainsi que le march\u00e9 poursuit son d\u00e9veloppement. Signalons \u00e9galement que ce dynamisme concerne \u00e9galement les march\u00e9s r\u00e9gionaux et notamment la <a href=\"https:\/\/www.aderly.fr\/\">M\u00e9tropole lyonnaise<\/a> qui r\u00e9alise son second record de la d\u00e9cennie avec 97\u00a0606 m\u00b2 de locaux d&rsquo;activit\u00e9s commercialis\u00e9s au T1 2022<\/p>\n","protected":false},"excerpt":{"rendered":"<p>Les performances du march\u00e9 parisien en 2021 \u00c0 l&rsquo;instar de l&rsquo;immobilier logistique, le march\u00e9 des locaux d&rsquo;activit\u00e9s est bel et bien sorti de la crise depuis 2021 avec pr\u00e8s de 1\u00a0140\u00a0000 m\u00b2 commercialis\u00e9s En \u00cele-de-France. Une hausse de 33 % par rapport \u00e0 l&rsquo;ann\u00e9e 2020, avec plus de 1000 transactions enregistr\u00e9es : si les surfaces [&hellip;]<\/p>\n","protected":false},"author":4,"featured_media":744,"comment_status":"closed","ping_status":"closed","sticky":false,"template":"","format":"standard","meta":{"footnotes":""},"categories":[8],"tags":[28,27,23],"class_list":["post-743","post","type-post","status-publish","format-standard","has-post-thumbnail","hentry","category-locaux-dactivites","tag-locaux-dactivites","tag-locaux-dactivites-paris","tag-supply-chain","entry","has-media"],"yoast_head":"<!-- This site is optimized with the Yoast SEO plugin v19.13 - https:\/\/yoast.com\/wordpress\/plugins\/seo\/ -->\n<title>Locaux d\u2019activit\u00e9s Paris : un march\u00e9 en pleine croissance<\/title>\n<meta name=\"description\" content=\"Le dynamisme actuel de l\u2019industrie et de la logistique impacte positivement le march\u00e9 de locaux d\u2019activit\u00e9s francilien.\" \/>\n<meta name=\"robots\" content=\"index, follow, max-snippet:-1, max-image-preview:large, max-video-preview:-1\" \/>\n<link rel=\"canonical\" href=\"https:\/\/www.europropmarket.com\/actualites\/le-marche-des-locaux-dactivites-en-ile-de-france\/\" \/>\n<meta property=\"og:locale\" content=\"fr_FR\" \/>\n<meta property=\"og:type\" content=\"article\" \/>\n<meta property=\"og:title\" content=\"Locaux d\u2019activit\u00e9s Paris : un march\u00e9 en pleine croissance\" \/>\n<meta property=\"og:description\" content=\"Le dynamisme actuel de l\u2019industrie et de la logistique impacte positivement le march\u00e9 de locaux d\u2019activit\u00e9s francilien.\" \/>\n<meta property=\"og:url\" content=\"https:\/\/www.europropmarket.com\/actualites\/le-marche-des-locaux-dactivites-en-ile-de-france\/\" \/>\n<meta property=\"og:site_name\" content=\"Europropmarket\" \/>\n<meta property=\"article:published_time\" content=\"2022-06-22T12:28:12+00:00\" \/>\n<meta property=\"article:modified_time\" content=\"2022-08-02T11:28:22+00:00\" \/>\n<meta property=\"og:image\" content=\"https:\/\/www.europropmarket.com\/actualites\/wp-content\/uploads\/2022\/06\/1-2.jpg\" \/>\n\t<meta property=\"og:image:width\" content=\"1920\" \/>\n\t<meta property=\"og:image:height\" content=\"748\" \/>\n\t<meta property=\"og:image:type\" content=\"image\/jpeg\" \/>\n<meta name=\"author\" content=\"St\u00e9phane BONTOUX\" \/>\n<meta name=\"twitter:card\" content=\"summary_large_image\" \/>\n<meta name=\"twitter:label1\" content=\"\u00c9crit par\" \/>\n\t<meta name=\"twitter:data1\" content=\"St\u00e9phane BONTOUX\" \/>\n\t<meta name=\"twitter:label2\" content=\"Dur\u00e9e de lecture estim\u00e9e\" \/>\n\t<meta name=\"twitter:data2\" content=\"2 minutes\" \/>\n<script type=\"application\/ld+json\" class=\"yoast-schema-graph\">{\"@context\":\"https:\/\/schema.org\",\"@graph\":[{\"@type\":\"Article\",\"@id\":\"https:\/\/www.europropmarket.com\/actualites\/le-marche-des-locaux-dactivites-en-ile-de-france\/#article\",\"isPartOf\":{\"@id\":\"https:\/\/www.europropmarket.com\/actualites\/le-marche-des-locaux-dactivites-en-ile-de-france\/\"},\"author\":{\"name\":\"St\u00e9phane BONTOUX\",\"@id\":\"https:\/\/www.europropmarket.com\/actualites\/#\/schema\/person\/97027d62243b84ca18df0089bcbb10a8\"},\"headline\":\"Le march\u00e9 des locaux d\u2019activit\u00e9s en \u00cele-de-France\",\"datePublished\":\"2022-06-22T12:28:12+00:00\",\"dateModified\":\"2022-08-02T11:28:22+00:00\",\"mainEntityOfPage\":{\"@id\":\"https:\/\/www.europropmarket.com\/actualites\/le-marche-des-locaux-dactivites-en-ile-de-france\/\"},\"wordCount\":403,\"publisher\":{\"@id\":\"https:\/\/www.europropmarket.com\/actualites\/#organization\"},\"keywords\":[\"Locaux d\u2019activit\u00e9s\",\"Locaux d\u2019activit\u00e9s Paris\",\"supply-chain\"],\"articleSection\":[\"Locaux d'activit\u00e9s\"],\"inLanguage\":\"fr-FR\"},{\"@type\":\"WebPage\",\"@id\":\"https:\/\/www.europropmarket.com\/actualites\/le-marche-des-locaux-dactivites-en-ile-de-france\/\",\"url\":\"https:\/\/www.europropmarket.com\/actualites\/le-marche-des-locaux-dactivites-en-ile-de-france\/\",\"name\":\"Locaux d\u2019activit\u00e9s Paris : un march\u00e9 en pleine croissance\",\"isPartOf\":{\"@id\":\"https:\/\/www.europropmarket.com\/actualites\/#website\"},\"datePublished\":\"2022-06-22T12:28:12+00:00\",\"dateModified\":\"2022-08-02T11:28:22+00:00\",\"description\":\"Le dynamisme actuel de l\u2019industrie et de la logistique impacte positivement le march\u00e9 de locaux d\u2019activit\u00e9s francilien.\",\"breadcrumb\":{\"@id\":\"https:\/\/www.europropmarket.com\/actualites\/le-marche-des-locaux-dactivites-en-ile-de-france\/#breadcrumb\"},\"inLanguage\":\"fr-FR\",\"potentialAction\":[{\"@type\":\"ReadAction\",\"target\":[\"https:\/\/www.europropmarket.com\/actualites\/le-marche-des-locaux-dactivites-en-ile-de-france\/\"]}]},{\"@type\":\"BreadcrumbList\",\"@id\":\"https:\/\/www.europropmarket.com\/actualites\/le-marche-des-locaux-dactivites-en-ile-de-france\/#breadcrumb\",\"itemListElement\":[{\"@type\":\"ListItem\",\"position\":1,\"name\":\"Accueil\",\"item\":\"https:\/\/www.europropmarket.com\/actualites\/\"},{\"@type\":\"ListItem\",\"position\":2,\"name\":\"Le march\u00e9 des locaux d\u2019activit\u00e9s en \u00cele-de-France\"}]},{\"@type\":\"WebSite\",\"@id\":\"https:\/\/www.europropmarket.com\/actualites\/#website\",\"url\":\"https:\/\/www.europropmarket.com\/actualites\/\",\"name\":\"Europropmarket\",\"description\":\"\",\"publisher\":{\"@id\":\"https:\/\/www.europropmarket.com\/actualites\/#organization\"},\"potentialAction\":[{\"@type\":\"SearchAction\",\"target\":{\"@type\":\"EntryPoint\",\"urlTemplate\":\"https:\/\/www.europropmarket.com\/actualites\/?s={search_term_string}\"},\"query-input\":\"required name=search_term_string\"}],\"inLanguage\":\"fr-FR\"},{\"@type\":\"Organization\",\"@id\":\"https:\/\/www.europropmarket.com\/actualites\/#organization\",\"name\":\"Europropmarket\",\"url\":\"https:\/\/www.europropmarket.com\/actualites\/\",\"logo\":{\"@type\":\"ImageObject\",\"inLanguage\":\"fr-FR\",\"@id\":\"https:\/\/www.europropmarket.com\/actualites\/#\/schema\/logo\/image\/\",\"url\":\"https:\/\/www.europropmarket.com\/actualites\/wp-content\/uploads\/2021\/04\/logo.png\",\"contentUrl\":\"https:\/\/www.europropmarket.com\/actualites\/wp-content\/uploads\/2021\/04\/logo.png\",\"width\":204,\"height\":25,\"caption\":\"Europropmarket\"},\"image\":{\"@id\":\"https:\/\/www.europropmarket.com\/actualites\/#\/schema\/logo\/image\/\"}},{\"@type\":\"Person\",\"@id\":\"https:\/\/www.europropmarket.com\/actualites\/#\/schema\/person\/97027d62243b84ca18df0089bcbb10a8\",\"name\":\"St\u00e9phane BONTOUX\",\"image\":{\"@type\":\"ImageObject\",\"inLanguage\":\"fr-FR\",\"@id\":\"https:\/\/www.europropmarket.com\/actualites\/#\/schema\/person\/image\/\",\"url\":\"https:\/\/secure.gravatar.com\/avatar\/2e2408bccbefc28eb75eb64f0a5e748f653dd966b192e28b810a33dba3220ec5?s=96&d=mm&r=g\",\"contentUrl\":\"https:\/\/secure.gravatar.com\/avatar\/2e2408bccbefc28eb75eb64f0a5e748f653dd966b192e28b810a33dba3220ec5?s=96&d=mm&r=g\",\"caption\":\"St\u00e9phane BONTOUX\"},\"url\":\"https:\/\/www.europropmarket.com\/actualites\/author\/sbontoux\/\"}]}<\/script>\n<!-- \/ Yoast SEO plugin. -->","yoast_head_json":{"title":"Locaux d\u2019activit\u00e9s Paris : un march\u00e9 en pleine croissance","description":"Le dynamisme actuel de l\u2019industrie et de la logistique impacte positivement le march\u00e9 de locaux d\u2019activit\u00e9s francilien.","robots":{"index":"index","follow":"follow","max-snippet":"max-snippet:-1","max-image-preview":"max-image-preview:large","max-video-preview":"max-video-preview:-1"},"canonical":"https:\/\/www.europropmarket.com\/actualites\/le-marche-des-locaux-dactivites-en-ile-de-france\/","og_locale":"fr_FR","og_type":"article","og_title":"Locaux d\u2019activit\u00e9s Paris : un march\u00e9 en pleine croissance","og_description":"Le dynamisme actuel de l\u2019industrie et de la logistique impacte positivement le march\u00e9 de locaux d\u2019activit\u00e9s francilien.","og_url":"https:\/\/www.europropmarket.com\/actualites\/le-marche-des-locaux-dactivites-en-ile-de-france\/","og_site_name":"Europropmarket","article_published_time":"2022-06-22T12:28:12+00:00","article_modified_time":"2022-08-02T11:28:22+00:00","og_image":[{"width":1920,"height":748,"url":"https:\/\/www.europropmarket.com\/actualites\/wp-content\/uploads\/2022\/06\/1-2.jpg","type":"image\/jpeg"}],"author":"St\u00e9phane BONTOUX","twitter_card":"summary_large_image","twitter_misc":{"\u00c9crit par":"St\u00e9phane BONTOUX","Dur\u00e9e de lecture estim\u00e9e":"2 minutes"},"schema":{"@context":"https:\/\/schema.org","@graph":[{"@type":"Article","@id":"https:\/\/www.europropmarket.com\/actualites\/le-marche-des-locaux-dactivites-en-ile-de-france\/#article","isPartOf":{"@id":"https:\/\/www.europropmarket.com\/actualites\/le-marche-des-locaux-dactivites-en-ile-de-france\/"},"author":{"name":"St\u00e9phane BONTOUX","@id":"https:\/\/www.europropmarket.com\/actualites\/#\/schema\/person\/97027d62243b84ca18df0089bcbb10a8"},"headline":"Le march\u00e9 des locaux d\u2019activit\u00e9s en \u00cele-de-France","datePublished":"2022-06-22T12:28:12+00:00","dateModified":"2022-08-02T11:28:22+00:00","mainEntityOfPage":{"@id":"https:\/\/www.europropmarket.com\/actualites\/le-marche-des-locaux-dactivites-en-ile-de-france\/"},"wordCount":403,"publisher":{"@id":"https:\/\/www.europropmarket.com\/actualites\/#organization"},"keywords":["Locaux d\u2019activit\u00e9s","Locaux d\u2019activit\u00e9s Paris","supply-chain"],"articleSection":["Locaux d'activit\u00e9s"],"inLanguage":"fr-FR"},{"@type":"WebPage","@id":"https:\/\/www.europropmarket.com\/actualites\/le-marche-des-locaux-dactivites-en-ile-de-france\/","url":"https:\/\/www.europropmarket.com\/actualites\/le-marche-des-locaux-dactivites-en-ile-de-france\/","name":"Locaux d\u2019activit\u00e9s Paris : un march\u00e9 en pleine croissance","isPartOf":{"@id":"https:\/\/www.europropmarket.com\/actualites\/#website"},"datePublished":"2022-06-22T12:28:12+00:00","dateModified":"2022-08-02T11:28:22+00:00","description":"Le dynamisme actuel de l\u2019industrie et de la logistique impacte positivement le march\u00e9 de locaux d\u2019activit\u00e9s francilien.","breadcrumb":{"@id":"https:\/\/www.europropmarket.com\/actualites\/le-marche-des-locaux-dactivites-en-ile-de-france\/#breadcrumb"},"inLanguage":"fr-FR","potentialAction":[{"@type":"ReadAction","target":["https:\/\/www.europropmarket.com\/actualites\/le-marche-des-locaux-dactivites-en-ile-de-france\/"]}]},{"@type":"BreadcrumbList","@id":"https:\/\/www.europropmarket.com\/actualites\/le-marche-des-locaux-dactivites-en-ile-de-france\/#breadcrumb","itemListElement":[{"@type":"ListItem","position":1,"name":"Accueil","item":"https:\/\/www.europropmarket.com\/actualites\/"},{"@type":"ListItem","position":2,"name":"Le march\u00e9 des locaux d\u2019activit\u00e9s en \u00cele-de-France"}]},{"@type":"WebSite","@id":"https:\/\/www.europropmarket.com\/actualites\/#website","url":"https:\/\/www.europropmarket.com\/actualites\/","name":"Europropmarket","description":"","publisher":{"@id":"https:\/\/www.europropmarket.com\/actualites\/#organization"},"potentialAction":[{"@type":"SearchAction","target":{"@type":"EntryPoint","urlTemplate":"https:\/\/www.europropmarket.com\/actualites\/?s={search_term_string}"},"query-input":"required name=search_term_string"}],"inLanguage":"fr-FR"},{"@type":"Organization","@id":"https:\/\/www.europropmarket.com\/actualites\/#organization","name":"Europropmarket","url":"https:\/\/www.europropmarket.com\/actualites\/","logo":{"@type":"ImageObject","inLanguage":"fr-FR","@id":"https:\/\/www.europropmarket.com\/actualites\/#\/schema\/logo\/image\/","url":"https:\/\/www.europropmarket.com\/actualites\/wp-content\/uploads\/2021\/04\/logo.png","contentUrl":"https:\/\/www.europropmarket.com\/actualites\/wp-content\/uploads\/2021\/04\/logo.png","width":204,"height":25,"caption":"Europropmarket"},"image":{"@id":"https:\/\/www.europropmarket.com\/actualites\/#\/schema\/logo\/image\/"}},{"@type":"Person","@id":"https:\/\/www.europropmarket.com\/actualites\/#\/schema\/person\/97027d62243b84ca18df0089bcbb10a8","name":"St\u00e9phane BONTOUX","image":{"@type":"ImageObject","inLanguage":"fr-FR","@id":"https:\/\/www.europropmarket.com\/actualites\/#\/schema\/person\/image\/","url":"https:\/\/secure.gravatar.com\/avatar\/2e2408bccbefc28eb75eb64f0a5e748f653dd966b192e28b810a33dba3220ec5?s=96&d=mm&r=g","contentUrl":"https:\/\/secure.gravatar.com\/avatar\/2e2408bccbefc28eb75eb64f0a5e748f653dd966b192e28b810a33dba3220ec5?s=96&d=mm&r=g","caption":"St\u00e9phane BONTOUX"},"url":"https:\/\/www.europropmarket.com\/actualites\/author\/sbontoux\/"}]}},"_links":{"self":[{"href":"https:\/\/www.europropmarket.com\/actualites\/wp-json\/wp\/v2\/posts\/743","targetHints":{"allow":["GET"]}}],"collection":[{"href":"https:\/\/www.europropmarket.com\/actualites\/wp-json\/wp\/v2\/posts"}],"about":[{"href":"https:\/\/www.europropmarket.com\/actualites\/wp-json\/wp\/v2\/types\/post"}],"author":[{"embeddable":true,"href":"https:\/\/www.europropmarket.com\/actualites\/wp-json\/wp\/v2\/users\/4"}],"replies":[{"embeddable":true,"href":"https:\/\/www.europropmarket.com\/actualites\/wp-json\/wp\/v2\/comments?post=743"}],"version-history":[{"count":3,"href":"https:\/\/www.europropmarket.com\/actualites\/wp-json\/wp\/v2\/posts\/743\/revisions"}],"predecessor-version":[{"id":747,"href":"https:\/\/www.europropmarket.com\/actualites\/wp-json\/wp\/v2\/posts\/743\/revisions\/747"}],"wp:featuredmedia":[{"embeddable":true,"href":"https:\/\/www.europropmarket.com\/actualites\/wp-json\/wp\/v2\/media\/744"}],"wp:attachment":[{"href":"https:\/\/www.europropmarket.com\/actualites\/wp-json\/wp\/v2\/media?parent=743"}],"wp:term":[{"taxonomy":"category","embeddable":true,"href":"https:\/\/www.europropmarket.com\/actualites\/wp-json\/wp\/v2\/categories?post=743"},{"taxonomy":"post_tag","embeddable":true,"href":"https:\/\/www.europropmarket.com\/actualites\/wp-json\/wp\/v2\/tags?post=743"}],"curies":[{"name":"wp","href":"https:\/\/api.w.org\/{rel}","templated":true}]}}