{"id":772,"date":"2022-07-20T18:39:11","date_gmt":"2022-07-20T16:39:11","guid":{"rendered":"https:\/\/www.europropmarket.com\/actualites\/?p=772"},"modified":"2022-08-02T12:23:45","modified_gmt":"2022-08-02T10:23:45","slug":"loperation-damenagement-de-la-zac-de-la-duchere-a-lyon-arrive-a-son-terme","status":"publish","type":"post","link":"https:\/\/www.europropmarket.com\/actualites\/loperation-damenagement-de-la-zac-de-la-duchere-a-lyon-arrive-a-son-terme\/","title":{"rendered":"L\u2019op\u00e9ration d\u2019am\u00e9nagement de la Zac de la Duch\u00e8re \u00e0 Lyon arrive \u00e0 son terme"},"content":{"rendered":"<h2><strong>Une op\u00e9ration majeure au c\u0153ur de Lyon M\u00e9tropole<\/strong><\/h2>\n<p>La<a href=\"https:\/\/www.europropmarket.com\/bureau\/location\/69009-lyon-9e-arrondissement\/\"> Zac de la Duch\u00e8re<\/a> est une des op\u00e9rations majeures men\u00e9es par la m\u00e9tropole lyonnaise au cours des 10 derni\u00e8res ann\u00e9es en termes de renouvellement urbain. Au c\u0153ur du neuvi\u00e8me arrondissement de Lyon, les am\u00e9nagements qui transforment ce secteur depuis plusieurs ann\u00e9es ont permis de voir na\u00eetre un \u00e9coquartier moderne (niveau quatre) fond\u00e9 sur la mixit\u00e9 des usages. Logements, bureaux, commerces, nouveaux \u00e9quipements culturels, sportifs et \u00e9ducatifs, r\u00e9am\u00e9nagement du parc du Vallon\u2026 l&rsquo;\u00e9coquartier de la Duch\u00e8re affiche d\u00e9sormais un nouveau visage, l&rsquo;op\u00e9ration arrivant \u00e0 son terme en 2021. Les espaces publics sont en effet livr\u00e9s de m\u00eame que la quasi-totalit\u00e9 des logements, la prochaine livraison devant permettre d&rsquo;accueillir les futures entreprises dont le \u00ab\u00a0U\u00a0\u00bb de la Tour Panoramique. Selon un principe participatif et inclusif, la Zac de la Duch\u00e8re sera \u00e9valu\u00e9e r\u00e9guli\u00e8rement gr\u00e2ce \u00e0 la consultation des habitants en mati\u00e8re d&rsquo;usage des c\u0153urs d&rsquo;\u00eelots et espaces publics.<\/p>\n<h2><strong>La Zac de la Duch\u00e8re en d\u00e9tails<\/strong><\/h2>\n<p>En cours d&rsquo;am\u00e9nagement depuis 2004, le secteur a mobilis\u00e9 162 millions d&rsquo;euros en termes d&rsquo;investissements. Pour ce qui concerne l\u2019habitat, 1800 logements ont \u00e9t\u00e9 livr\u00e9s soient 26 op\u00e9rations sur les 27 pr\u00e9vues. En tant que programmation moderne, la Zac de la Duch\u00e8re se veut mixte et multifonctionnelle et comporte ainsi un volet \u00e9conomique : elle compte ainsi six cellules commerciales en commercialisation implant\u00e9es en RDC ; <a href=\"https:\/\/www.arthur-loyd-lyon.com\/lyon\/vaise\">16\u00a0000 m\u00b2 de bureaux<\/a>, 4 \u00eelots ayant \u00e9t\u00e9 livr\u00e9s sur les 5 pr\u00e9vus ; deux \u00eelots \u00e9conomiques en commercialisation ; un p\u00f4le entrepreneurial actif ; la r\u00e9habilitation de la tour panoramique soit deux plateaux de 1000 m\u00b2. Ayant obtenu le niveau quatre du label \u00e9co quartier, la Duch\u00e8re se distingue \u00e9galement par des espaces et \u00e9quipements publics destin\u00e9s \u00e0 accro\u00eetre la qualit\u00e9 de vie des riverains et salari\u00e9s : le Parc du Vallon et ses aires de jeux, la mise en place d\u2019une zone de circulation apais\u00e9e, de jardins partag\u00e9s etc. font de la Duch\u00e8re un v\u00e9ritable \u00eelot v\u00e9g\u00e9talis\u00e9 au c\u0153ur de la <a href=\"https:\/\/www.europropmarket.com\/actualites\/immobilier-dentreprise-le-marche-lyonnais-reprend-son-essor-en-2022\/\">m\u00e9tropole lyonnaise<\/a>.<\/p>\n<p>&nbsp;<\/p>\n","protected":false},"excerpt":{"rendered":"<p>Une op\u00e9ration majeure au c\u0153ur de Lyon M\u00e9tropole La Zac de la Duch\u00e8re est une des op\u00e9rations majeures men\u00e9es par la m\u00e9tropole lyonnaise au cours des 10 derni\u00e8res ann\u00e9es en termes de renouvellement urbain. Au c\u0153ur du neuvi\u00e8me arrondissement de Lyon, les am\u00e9nagements qui transforment ce secteur depuis plusieurs ann\u00e9es ont permis de voir na\u00eetre [&hellip;]<\/p>\n","protected":false},"author":4,"featured_media":773,"comment_status":"closed","ping_status":"closed","sticky":false,"template":"","format":"standard","meta":{"footnotes":""},"categories":[5],"tags":[38,37],"class_list":["post-772","post","type-post","status-publish","format-standard","has-post-thumbnail","hentry","category-bureaux","tag-bureaux-lyon","tag-zac-de-la-duchere","entry","has-media"],"yoast_head":"<!-- This site is optimized with the Yoast SEO plugin v19.13 - https:\/\/yoast.com\/wordpress\/plugins\/seo\/ -->\n<title>La Zac de la Duch\u00e8re<\/title>\n<meta name=\"description\" content=\"La ZAC de la Duch\u00e8re (Lyon 9) a connu de profondes transformations, les op\u00e9rations d\u2019am\u00e9nagements men\u00e9es par la M\u00e9tropole\" \/>\n<meta name=\"robots\" content=\"index, follow, max-snippet:-1, max-image-preview:large, max-video-preview:-1\" \/>\n<link rel=\"canonical\" href=\"https:\/\/www.europropmarket.com\/actualites\/loperation-damenagement-de-la-zac-de-la-duchere-a-lyon-arrive-a-son-terme\/\" \/>\n<meta property=\"og:locale\" content=\"fr_FR\" \/>\n<meta property=\"og:type\" content=\"article\" \/>\n<meta property=\"og:title\" content=\"La Zac de la Duch\u00e8re\" \/>\n<meta property=\"og:description\" content=\"La ZAC de la Duch\u00e8re (Lyon 9) a connu de profondes transformations, les op\u00e9rations d\u2019am\u00e9nagements men\u00e9es par la M\u00e9tropole\" \/>\n<meta property=\"og:url\" content=\"https:\/\/www.europropmarket.com\/actualites\/loperation-damenagement-de-la-zac-de-la-duchere-a-lyon-arrive-a-son-terme\/\" \/>\n<meta property=\"og:site_name\" content=\"Europropmarket\" \/>\n<meta property=\"article:published_time\" content=\"2022-07-20T16:39:11+00:00\" \/>\n<meta property=\"article:modified_time\" content=\"2022-08-02T10:23:45+00:00\" \/>\n<meta property=\"og:image\" content=\"https:\/\/www.europropmarket.com\/actualites\/wp-content\/uploads\/2022\/06\/duchere-lyon-vaise.jpg\" \/>\n\t<meta property=\"og:image:width\" content=\"765\" \/>\n\t<meta property=\"og:image:height\" content=\"298\" \/>\n\t<meta property=\"og:image:type\" content=\"image\/jpeg\" \/>\n<meta name=\"author\" content=\"St\u00e9phane BONTOUX\" \/>\n<meta name=\"twitter:card\" content=\"summary_large_image\" \/>\n<meta name=\"twitter:label1\" content=\"\u00c9crit par\" \/>\n\t<meta name=\"twitter:data1\" content=\"St\u00e9phane BONTOUX\" \/>\n\t<meta name=\"twitter:label2\" content=\"Dur\u00e9e de lecture estim\u00e9e\" \/>\n\t<meta name=\"twitter:data2\" content=\"2 minutes\" \/>\n<script type=\"application\/ld+json\" class=\"yoast-schema-graph\">{\"@context\":\"https:\/\/schema.org\",\"@graph\":[{\"@type\":\"Article\",\"@id\":\"https:\/\/www.europropmarket.com\/actualites\/loperation-damenagement-de-la-zac-de-la-duchere-a-lyon-arrive-a-son-terme\/#article\",\"isPartOf\":{\"@id\":\"https:\/\/www.europropmarket.com\/actualites\/loperation-damenagement-de-la-zac-de-la-duchere-a-lyon-arrive-a-son-terme\/\"},\"author\":{\"name\":\"St\u00e9phane BONTOUX\",\"@id\":\"https:\/\/www.europropmarket.com\/actualites\/#\/schema\/person\/97027d62243b84ca18df0089bcbb10a8\"},\"headline\":\"L\u2019op\u00e9ration d\u2019am\u00e9nagement de la Zac de la Duch\u00e8re \u00e0 Lyon arrive \u00e0 son terme\",\"datePublished\":\"2022-07-20T16:39:11+00:00\",\"dateModified\":\"2022-08-02T10:23:45+00:00\",\"mainEntityOfPage\":{\"@id\":\"https:\/\/www.europropmarket.com\/actualites\/loperation-damenagement-de-la-zac-de-la-duchere-a-lyon-arrive-a-son-terme\/\"},\"wordCount\":387,\"publisher\":{\"@id\":\"https:\/\/www.europropmarket.com\/actualites\/#organization\"},\"keywords\":[\"bureaux lyon\",\"Zac de la Duch\u00e8re\"],\"articleSection\":[\"Bureaux\"],\"inLanguage\":\"fr-FR\"},{\"@type\":\"WebPage\",\"@id\":\"https:\/\/www.europropmarket.com\/actualites\/loperation-damenagement-de-la-zac-de-la-duchere-a-lyon-arrive-a-son-terme\/\",\"url\":\"https:\/\/www.europropmarket.com\/actualites\/loperation-damenagement-de-la-zac-de-la-duchere-a-lyon-arrive-a-son-terme\/\",\"name\":\"La Zac de la Duch\u00e8re\",\"isPartOf\":{\"@id\":\"https:\/\/www.europropmarket.com\/actualites\/#website\"},\"datePublished\":\"2022-07-20T16:39:11+00:00\",\"dateModified\":\"2022-08-02T10:23:45+00:00\",\"description\":\"La ZAC de la Duch\u00e8re (Lyon 9) a connu de profondes transformations, les op\u00e9rations d\u2019am\u00e9nagements men\u00e9es par la M\u00e9tropole\",\"breadcrumb\":{\"@id\":\"https:\/\/www.europropmarket.com\/actualites\/loperation-damenagement-de-la-zac-de-la-duchere-a-lyon-arrive-a-son-terme\/#breadcrumb\"},\"inLanguage\":\"fr-FR\",\"potentialAction\":[{\"@type\":\"ReadAction\",\"target\":[\"https:\/\/www.europropmarket.com\/actualites\/loperation-damenagement-de-la-zac-de-la-duchere-a-lyon-arrive-a-son-terme\/\"]}]},{\"@type\":\"BreadcrumbList\",\"@id\":\"https:\/\/www.europropmarket.com\/actualites\/loperation-damenagement-de-la-zac-de-la-duchere-a-lyon-arrive-a-son-terme\/#breadcrumb\",\"itemListElement\":[{\"@type\":\"ListItem\",\"position\":1,\"name\":\"Accueil\",\"item\":\"https:\/\/www.europropmarket.com\/actualites\/\"},{\"@type\":\"ListItem\",\"position\":2,\"name\":\"L\u2019op\u00e9ration d\u2019am\u00e9nagement de la Zac de la Duch\u00e8re \u00e0 Lyon arrive \u00e0 son terme\"}]},{\"@type\":\"WebSite\",\"@id\":\"https:\/\/www.europropmarket.com\/actualites\/#website\",\"url\":\"https:\/\/www.europropmarket.com\/actualites\/\",\"name\":\"Europropmarket\",\"description\":\"\",\"publisher\":{\"@id\":\"https:\/\/www.europropmarket.com\/actualites\/#organization\"},\"potentialAction\":[{\"@type\":\"SearchAction\",\"target\":{\"@type\":\"EntryPoint\",\"urlTemplate\":\"https:\/\/www.europropmarket.com\/actualites\/?s={search_term_string}\"},\"query-input\":\"required name=search_term_string\"}],\"inLanguage\":\"fr-FR\"},{\"@type\":\"Organization\",\"@id\":\"https:\/\/www.europropmarket.com\/actualites\/#organization\",\"name\":\"Europropmarket\",\"url\":\"https:\/\/www.europropmarket.com\/actualites\/\",\"logo\":{\"@type\":\"ImageObject\",\"inLanguage\":\"fr-FR\",\"@id\":\"https:\/\/www.europropmarket.com\/actualites\/#\/schema\/logo\/image\/\",\"url\":\"https:\/\/www.europropmarket.com\/actualites\/wp-content\/uploads\/2021\/04\/logo.png\",\"contentUrl\":\"https:\/\/www.europropmarket.com\/actualites\/wp-content\/uploads\/2021\/04\/logo.png\",\"width\":204,\"height\":25,\"caption\":\"Europropmarket\"},\"image\":{\"@id\":\"https:\/\/www.europropmarket.com\/actualites\/#\/schema\/logo\/image\/\"}},{\"@type\":\"Person\",\"@id\":\"https:\/\/www.europropmarket.com\/actualites\/#\/schema\/person\/97027d62243b84ca18df0089bcbb10a8\",\"name\":\"St\u00e9phane BONTOUX\",\"image\":{\"@type\":\"ImageObject\",\"inLanguage\":\"fr-FR\",\"@id\":\"https:\/\/www.europropmarket.com\/actualites\/#\/schema\/person\/image\/\",\"url\":\"https:\/\/secure.gravatar.com\/avatar\/2e2408bccbefc28eb75eb64f0a5e748f653dd966b192e28b810a33dba3220ec5?s=96&d=mm&r=g\",\"contentUrl\":\"https:\/\/secure.gravatar.com\/avatar\/2e2408bccbefc28eb75eb64f0a5e748f653dd966b192e28b810a33dba3220ec5?s=96&d=mm&r=g\",\"caption\":\"St\u00e9phane BONTOUX\"},\"url\":\"https:\/\/www.europropmarket.com\/actualites\/author\/sbontoux\/\"}]}<\/script>\n<!-- \/ Yoast SEO plugin. -->","yoast_head_json":{"title":"La Zac de la Duch\u00e8re","description":"La ZAC de la Duch\u00e8re (Lyon 9) a connu de profondes transformations, les op\u00e9rations d\u2019am\u00e9nagements men\u00e9es par la M\u00e9tropole","robots":{"index":"index","follow":"follow","max-snippet":"max-snippet:-1","max-image-preview":"max-image-preview:large","max-video-preview":"max-video-preview:-1"},"canonical":"https:\/\/www.europropmarket.com\/actualites\/loperation-damenagement-de-la-zac-de-la-duchere-a-lyon-arrive-a-son-terme\/","og_locale":"fr_FR","og_type":"article","og_title":"La Zac de la Duch\u00e8re","og_description":"La ZAC de la Duch\u00e8re (Lyon 9) a connu de profondes transformations, les op\u00e9rations d\u2019am\u00e9nagements men\u00e9es par la M\u00e9tropole","og_url":"https:\/\/www.europropmarket.com\/actualites\/loperation-damenagement-de-la-zac-de-la-duchere-a-lyon-arrive-a-son-terme\/","og_site_name":"Europropmarket","article_published_time":"2022-07-20T16:39:11+00:00","article_modified_time":"2022-08-02T10:23:45+00:00","og_image":[{"width":765,"height":298,"url":"https:\/\/www.europropmarket.com\/actualites\/wp-content\/uploads\/2022\/06\/duchere-lyon-vaise.jpg","type":"image\/jpeg"}],"author":"St\u00e9phane BONTOUX","twitter_card":"summary_large_image","twitter_misc":{"\u00c9crit par":"St\u00e9phane BONTOUX","Dur\u00e9e de lecture estim\u00e9e":"2 minutes"},"schema":{"@context":"https:\/\/schema.org","@graph":[{"@type":"Article","@id":"https:\/\/www.europropmarket.com\/actualites\/loperation-damenagement-de-la-zac-de-la-duchere-a-lyon-arrive-a-son-terme\/#article","isPartOf":{"@id":"https:\/\/www.europropmarket.com\/actualites\/loperation-damenagement-de-la-zac-de-la-duchere-a-lyon-arrive-a-son-terme\/"},"author":{"name":"St\u00e9phane BONTOUX","@id":"https:\/\/www.europropmarket.com\/actualites\/#\/schema\/person\/97027d62243b84ca18df0089bcbb10a8"},"headline":"L\u2019op\u00e9ration d\u2019am\u00e9nagement de la Zac de la Duch\u00e8re \u00e0 Lyon arrive \u00e0 son terme","datePublished":"2022-07-20T16:39:11+00:00","dateModified":"2022-08-02T10:23:45+00:00","mainEntityOfPage":{"@id":"https:\/\/www.europropmarket.com\/actualites\/loperation-damenagement-de-la-zac-de-la-duchere-a-lyon-arrive-a-son-terme\/"},"wordCount":387,"publisher":{"@id":"https:\/\/www.europropmarket.com\/actualites\/#organization"},"keywords":["bureaux lyon","Zac de la Duch\u00e8re"],"articleSection":["Bureaux"],"inLanguage":"fr-FR"},{"@type":"WebPage","@id":"https:\/\/www.europropmarket.com\/actualites\/loperation-damenagement-de-la-zac-de-la-duchere-a-lyon-arrive-a-son-terme\/","url":"https:\/\/www.europropmarket.com\/actualites\/loperation-damenagement-de-la-zac-de-la-duchere-a-lyon-arrive-a-son-terme\/","name":"La Zac de la Duch\u00e8re","isPartOf":{"@id":"https:\/\/www.europropmarket.com\/actualites\/#website"},"datePublished":"2022-07-20T16:39:11+00:00","dateModified":"2022-08-02T10:23:45+00:00","description":"La ZAC de la Duch\u00e8re (Lyon 9) a connu de profondes transformations, les op\u00e9rations d\u2019am\u00e9nagements men\u00e9es par la M\u00e9tropole","breadcrumb":{"@id":"https:\/\/www.europropmarket.com\/actualites\/loperation-damenagement-de-la-zac-de-la-duchere-a-lyon-arrive-a-son-terme\/#breadcrumb"},"inLanguage":"fr-FR","potentialAction":[{"@type":"ReadAction","target":["https:\/\/www.europropmarket.com\/actualites\/loperation-damenagement-de-la-zac-de-la-duchere-a-lyon-arrive-a-son-terme\/"]}]},{"@type":"BreadcrumbList","@id":"https:\/\/www.europropmarket.com\/actualites\/loperation-damenagement-de-la-zac-de-la-duchere-a-lyon-arrive-a-son-terme\/#breadcrumb","itemListElement":[{"@type":"ListItem","position":1,"name":"Accueil","item":"https:\/\/www.europropmarket.com\/actualites\/"},{"@type":"ListItem","position":2,"name":"L\u2019op\u00e9ration d\u2019am\u00e9nagement de la Zac de la Duch\u00e8re \u00e0 Lyon arrive \u00e0 son terme"}]},{"@type":"WebSite","@id":"https:\/\/www.europropmarket.com\/actualites\/#website","url":"https:\/\/www.europropmarket.com\/actualites\/","name":"Europropmarket","description":"","publisher":{"@id":"https:\/\/www.europropmarket.com\/actualites\/#organization"},"potentialAction":[{"@type":"SearchAction","target":{"@type":"EntryPoint","urlTemplate":"https:\/\/www.europropmarket.com\/actualites\/?s={search_term_string}"},"query-input":"required name=search_term_string"}],"inLanguage":"fr-FR"},{"@type":"Organization","@id":"https:\/\/www.europropmarket.com\/actualites\/#organization","name":"Europropmarket","url":"https:\/\/www.europropmarket.com\/actualites\/","logo":{"@type":"ImageObject","inLanguage":"fr-FR","@id":"https:\/\/www.europropmarket.com\/actualites\/#\/schema\/logo\/image\/","url":"https:\/\/www.europropmarket.com\/actualites\/wp-content\/uploads\/2021\/04\/logo.png","contentUrl":"https:\/\/www.europropmarket.com\/actualites\/wp-content\/uploads\/2021\/04\/logo.png","width":204,"height":25,"caption":"Europropmarket"},"image":{"@id":"https:\/\/www.europropmarket.com\/actualites\/#\/schema\/logo\/image\/"}},{"@type":"Person","@id":"https:\/\/www.europropmarket.com\/actualites\/#\/schema\/person\/97027d62243b84ca18df0089bcbb10a8","name":"St\u00e9phane BONTOUX","image":{"@type":"ImageObject","inLanguage":"fr-FR","@id":"https:\/\/www.europropmarket.com\/actualites\/#\/schema\/person\/image\/","url":"https:\/\/secure.gravatar.com\/avatar\/2e2408bccbefc28eb75eb64f0a5e748f653dd966b192e28b810a33dba3220ec5?s=96&d=mm&r=g","contentUrl":"https:\/\/secure.gravatar.com\/avatar\/2e2408bccbefc28eb75eb64f0a5e748f653dd966b192e28b810a33dba3220ec5?s=96&d=mm&r=g","caption":"St\u00e9phane BONTOUX"},"url":"https:\/\/www.europropmarket.com\/actualites\/author\/sbontoux\/"}]}},"_links":{"self":[{"href":"https:\/\/www.europropmarket.com\/actualites\/wp-json\/wp\/v2\/posts\/772","targetHints":{"allow":["GET"]}}],"collection":[{"href":"https:\/\/www.europropmarket.com\/actualites\/wp-json\/wp\/v2\/posts"}],"about":[{"href":"https:\/\/www.europropmarket.com\/actualites\/wp-json\/wp\/v2\/types\/post"}],"author":[{"embeddable":true,"href":"https:\/\/www.europropmarket.com\/actualites\/wp-json\/wp\/v2\/users\/4"}],"replies":[{"embeddable":true,"href":"https:\/\/www.europropmarket.com\/actualites\/wp-json\/wp\/v2\/comments?post=772"}],"version-history":[{"count":2,"href":"https:\/\/www.europropmarket.com\/actualites\/wp-json\/wp\/v2\/posts\/772\/revisions"}],"predecessor-version":[{"id":1365,"href":"https:\/\/www.europropmarket.com\/actualites\/wp-json\/wp\/v2\/posts\/772\/revisions\/1365"}],"wp:featuredmedia":[{"embeddable":true,"href":"https:\/\/www.europropmarket.com\/actualites\/wp-json\/wp\/v2\/media\/773"}],"wp:attachment":[{"href":"https:\/\/www.europropmarket.com\/actualites\/wp-json\/wp\/v2\/media?parent=772"}],"wp:term":[{"taxonomy":"category","embeddable":true,"href":"https:\/\/www.europropmarket.com\/actualites\/wp-json\/wp\/v2\/categories?post=772"},{"taxonomy":"post_tag","embeddable":true,"href":"https:\/\/www.europropmarket.com\/actualites\/wp-json\/wp\/v2\/tags?post=772"}],"curies":[{"name":"wp","href":"https:\/\/api.w.org\/{rel}","templated":true}]}}