{"id":877,"date":"2022-11-24T11:05:44","date_gmt":"2022-11-24T10:05:44","guid":{"rendered":"https:\/\/www.europropmarket.com\/actualites\/?p=877"},"modified":"2022-11-24T11:05:44","modified_gmt":"2022-11-24T10:05:44","slug":"au-coeur-de-nantes-metropole-le-secteur-du-bas-fontenay-entame-sa-transformation","status":"publish","type":"post","link":"https:\/\/www.europropmarket.com\/actualites\/au-coeur-de-nantes-metropole-le-secteur-du-bas-fontenay-entame-sa-transformation\/","title":{"rendered":"Au c\u0153ur de Nantes M\u00e9tropole, le secteur du Bas-Fontenay entame sa transformation"},"content":{"rendered":"<p>Le projet urbain du Bas-Chantenay permettra ce nouvel espace tertiaire\u00a0 de s\u2019ouvrir sur la Loire \u00e0 travers des am\u00e9nagements ambitieux<\/p>\n<h2><strong>Un projet mixte d\u2019envergure pour un quartier embl\u00e9matique<\/strong><\/h2>\n<p>C&rsquo;est gr\u00e2ce \u00e0 ses fortes disponibilit\u00e9s fonci\u00e8res que le secteur du Bas Chantenay fait aujourd&rsquo;hui l&rsquo;objet d&rsquo;am\u00e9nagements ambitieux conduits par la m\u00e9tropole nantaise. Au sein de cette zone o\u00f9 activit\u00e9s \u00e9conomiques, artisanales et associatives se c\u00f4toient, ce sont de nouveaux logement, commerces et bureaux qui viendront bient\u00f4t stimuler le dynamisme et l&rsquo;attractivit\u00e9 d&rsquo;un territoire embl\u00e9matique de l&rsquo;\u00eele de Nantes. Les projets de <a href=\"https:\/\/www.europropmarket.com\/nos-offres\/44000-nantes\/\">Nantes m\u00e9tropole<\/a> portent sur la cr\u00e9ation de nouveaux espaces publics et programmes immobiliers neufs au c\u0153ur des cinq quartiers qui composent le Bas-Chantenay : Roche Maurice, le bois Hardy, l&rsquo;usine \u00e9lectrique, les Chantiers Dubigeon et la carri\u00e8re Mis\u00e9ry. C&rsquo;est notamment l&rsquo;accessibilit\u00e9 du quartier qui se trouvera renforc\u00e9e gr\u00e2ce entre autres \u00e0 la mise en place de mobilit\u00e9s douces, v\u00e9los et navettes fluviales. La v\u00e9g\u00e9talisation est un des aspects essentiels du projet, la cr\u00e9ation de nouveaux espaces verts accompagnant le d\u00e9veloppement d&rsquo;activit\u00e9s de navigation et \u00e9v\u00e9nementielles. Un cadre de vie am\u00e9lior\u00e9 pour les 1500 logements pr\u00e9vus, qui jouiront d\u2019un \u00e9crin naturel faisant aussi une place aux activit\u00e9s \u00e9conomiques.<\/p>\n<h2><strong>Bas-Chantenay, une activit\u00e9 \u00e9conomique dynamis\u00e9e<\/strong><\/h2>\n<p>L&rsquo;am\u00e9nagement du Bas Chantenay associe \u00e0 la qualit\u00e9 de vie le dynamisme de l&rsquo;\u00e9conomie locale : 70\u00a0000 m\u00b2 de surfaces seront ainsi consacr\u00e9s \u00e0 l&rsquo;artisanat, aux activit\u00e9s tertiaires et productives. D&rsquo;ici 2030, ce ne sont pas moins de 200 ha et 3 km de rives qui seront am\u00e9nag\u00e9es pour ouvrir ce secteur embl\u00e9matique sur le fleuve et stimuler ainsi l&rsquo;activit\u00e9 industrielle et logistique. De son c\u00f4t\u00e9 le site historique de l&rsquo;Usine \u00e9lectrique se transforme \u00e9galement pour donner naissance \u00e0 un lieu d\u00e9di\u00e9 \u00e0 l&rsquo;innovation : l&rsquo;ancienne friche industrielle voit ainsi \u00e9merger de nouveaux espaces de travail dans le domaine de l&rsquo;industrie et des loisirs. P\u00f4le d&rsquo;excellence au sein duquel de nombreuses entreprises ont d\u00e9j\u00e0 trouv\u00e9 refuge, l&rsquo;Usine Electrique offre des b\u00e2timents hybrides dot\u00e9s d&rsquo;espaces industriels autant que tertiaires : c&rsquo;est le cas de l\u2019immeuble \u00ab\u00a0Brick\u00a0\u00bb qui h\u00e9berge notamment des activit\u00e9s maritimes et nautiques. Gr\u00e2ce ce projet urbain, c&rsquo;est un nouveau p\u00f4le \u00e9conomique qui voit le jour dans le secteur du Bas Chantenay, lui permettant ainsi de renouer enfin avec la Loire<\/p>\n<p>&nbsp;<\/p>\n","protected":false},"excerpt":{"rendered":"<p>Le projet urbain du Bas-Chantenay permettra ce nouvel espace tertiaire\u00a0 de s\u2019ouvrir sur la Loire \u00e0 travers des am\u00e9nagements ambitieux Un projet mixte d\u2019envergure pour un quartier embl\u00e9matique C&rsquo;est gr\u00e2ce \u00e0 ses fortes disponibilit\u00e9s fonci\u00e8res que le secteur du Bas Chantenay fait aujourd&rsquo;hui l&rsquo;objet d&rsquo;am\u00e9nagements ambitieux conduits par la m\u00e9tropole nantaise. Au sein de cette [&hellip;]<\/p>\n","protected":false},"author":4,"featured_media":1690,"comment_status":"closed","ping_status":"closed","sticky":false,"template":"","format":"standard","meta":{"footnotes":""},"categories":[149],"tags":[70,90],"class_list":["post-877","post","type-post","status-publish","format-standard","has-post-thumbnail","hentry","category-marche-investissements","tag-bureaux-nantes","tag-nantes","entry","has-media"],"yoast_head":"<!-- This site is optimized with the Yoast SEO plugin v19.13 - https:\/\/yoast.com\/wordpress\/plugins\/seo\/ -->\n<title>Le renouveau du Bas-Chantenay \u00e0 Nantes<\/title>\n<meta name=\"description\" content=\"Le projet urbain du Bas-Chantenay permettra \u00e0 ce secteur de s\u2019ouvrir sur la Loire \u00e0 travers des am\u00e9nagements ambitieux\" \/>\n<meta name=\"robots\" content=\"index, follow, max-snippet:-1, max-image-preview:large, max-video-preview:-1\" \/>\n<link rel=\"canonical\" href=\"https:\/\/www.europropmarket.com\/actualites\/au-coeur-de-nantes-metropole-le-secteur-du-bas-fontenay-entame-sa-transformation\/\" \/>\n<meta property=\"og:locale\" content=\"fr_FR\" \/>\n<meta property=\"og:type\" content=\"article\" \/>\n<meta property=\"og:title\" content=\"Le renouveau du Bas-Chantenay \u00e0 Nantes\" \/>\n<meta property=\"og:description\" content=\"Le projet urbain du Bas-Chantenay permettra \u00e0 ce secteur de s\u2019ouvrir sur la Loire \u00e0 travers des am\u00e9nagements ambitieux\" \/>\n<meta property=\"og:url\" content=\"https:\/\/www.europropmarket.com\/actualites\/au-coeur-de-nantes-metropole-le-secteur-du-bas-fontenay-entame-sa-transformation\/\" \/>\n<meta property=\"og:site_name\" content=\"Europropmarket\" \/>\n<meta property=\"article:published_time\" content=\"2022-11-24T10:05:44+00:00\" \/>\n<meta property=\"og:image\" content=\"https:\/\/www.europropmarket.com\/actualites\/wp-content\/uploads\/2022\/11\/Bas-Chantenay-se-transfome\u00a9-Patrick-Garcon-NM.jpg\" \/>\n\t<meta property=\"og:image:width\" content=\"980\" \/>\n\t<meta property=\"og:image:height\" content=\"381\" \/>\n\t<meta property=\"og:image:type\" content=\"image\/jpeg\" \/>\n<meta name=\"author\" content=\"St\u00e9phane BONTOUX\" \/>\n<meta name=\"twitter:card\" content=\"summary_large_image\" \/>\n<meta name=\"twitter:label1\" content=\"\u00c9crit par\" \/>\n\t<meta name=\"twitter:data1\" content=\"St\u00e9phane BONTOUX\" \/>\n\t<meta name=\"twitter:label2\" content=\"Dur\u00e9e de lecture estim\u00e9e\" \/>\n\t<meta name=\"twitter:data2\" content=\"2 minutes\" \/>\n<script type=\"application\/ld+json\" class=\"yoast-schema-graph\">{\"@context\":\"https:\/\/schema.org\",\"@graph\":[{\"@type\":\"Article\",\"@id\":\"https:\/\/www.europropmarket.com\/actualites\/au-coeur-de-nantes-metropole-le-secteur-du-bas-fontenay-entame-sa-transformation\/#article\",\"isPartOf\":{\"@id\":\"https:\/\/www.europropmarket.com\/actualites\/au-coeur-de-nantes-metropole-le-secteur-du-bas-fontenay-entame-sa-transformation\/\"},\"author\":{\"name\":\"St\u00e9phane BONTOUX\",\"@id\":\"https:\/\/www.europropmarket.com\/actualites\/#\/schema\/person\/97027d62243b84ca18df0089bcbb10a8\"},\"headline\":\"Au c\u0153ur de Nantes M\u00e9tropole, le secteur du Bas-Fontenay entame sa transformation\",\"datePublished\":\"2022-11-24T10:05:44+00:00\",\"dateModified\":\"2022-11-24T10:05:44+00:00\",\"mainEntityOfPage\":{\"@id\":\"https:\/\/www.europropmarket.com\/actualites\/au-coeur-de-nantes-metropole-le-secteur-du-bas-fontenay-entame-sa-transformation\/\"},\"wordCount\":424,\"publisher\":{\"@id\":\"https:\/\/www.europropmarket.com\/actualites\/#organization\"},\"keywords\":[\"Bureaux Nantes\",\"Nantes\"],\"articleSection\":[\"March\u00e9 \/ Investissements\"],\"inLanguage\":\"fr-FR\"},{\"@type\":\"WebPage\",\"@id\":\"https:\/\/www.europropmarket.com\/actualites\/au-coeur-de-nantes-metropole-le-secteur-du-bas-fontenay-entame-sa-transformation\/\",\"url\":\"https:\/\/www.europropmarket.com\/actualites\/au-coeur-de-nantes-metropole-le-secteur-du-bas-fontenay-entame-sa-transformation\/\",\"name\":\"Le renouveau du Bas-Chantenay \u00e0 Nantes\",\"isPartOf\":{\"@id\":\"https:\/\/www.europropmarket.com\/actualites\/#website\"},\"datePublished\":\"2022-11-24T10:05:44+00:00\",\"dateModified\":\"2022-11-24T10:05:44+00:00\",\"description\":\"Le projet urbain du Bas-Chantenay permettra \u00e0 ce secteur de s\u2019ouvrir sur la Loire \u00e0 travers des am\u00e9nagements ambitieux\",\"breadcrumb\":{\"@id\":\"https:\/\/www.europropmarket.com\/actualites\/au-coeur-de-nantes-metropole-le-secteur-du-bas-fontenay-entame-sa-transformation\/#breadcrumb\"},\"inLanguage\":\"fr-FR\",\"potentialAction\":[{\"@type\":\"ReadAction\",\"target\":[\"https:\/\/www.europropmarket.com\/actualites\/au-coeur-de-nantes-metropole-le-secteur-du-bas-fontenay-entame-sa-transformation\/\"]}]},{\"@type\":\"BreadcrumbList\",\"@id\":\"https:\/\/www.europropmarket.com\/actualites\/au-coeur-de-nantes-metropole-le-secteur-du-bas-fontenay-entame-sa-transformation\/#breadcrumb\",\"itemListElement\":[{\"@type\":\"ListItem\",\"position\":1,\"name\":\"Accueil\",\"item\":\"https:\/\/www.europropmarket.com\/actualites\/\"},{\"@type\":\"ListItem\",\"position\":2,\"name\":\"Au c\u0153ur de Nantes M\u00e9tropole, le secteur du Bas-Fontenay entame sa transformation\"}]},{\"@type\":\"WebSite\",\"@id\":\"https:\/\/www.europropmarket.com\/actualites\/#website\",\"url\":\"https:\/\/www.europropmarket.com\/actualites\/\",\"name\":\"Europropmarket\",\"description\":\"\",\"publisher\":{\"@id\":\"https:\/\/www.europropmarket.com\/actualites\/#organization\"},\"potentialAction\":[{\"@type\":\"SearchAction\",\"target\":{\"@type\":\"EntryPoint\",\"urlTemplate\":\"https:\/\/www.europropmarket.com\/actualites\/?s={search_term_string}\"},\"query-input\":\"required name=search_term_string\"}],\"inLanguage\":\"fr-FR\"},{\"@type\":\"Organization\",\"@id\":\"https:\/\/www.europropmarket.com\/actualites\/#organization\",\"name\":\"Europropmarket\",\"url\":\"https:\/\/www.europropmarket.com\/actualites\/\",\"logo\":{\"@type\":\"ImageObject\",\"inLanguage\":\"fr-FR\",\"@id\":\"https:\/\/www.europropmarket.com\/actualites\/#\/schema\/logo\/image\/\",\"url\":\"https:\/\/www.europropmarket.com\/actualites\/wp-content\/uploads\/2021\/04\/logo.png\",\"contentUrl\":\"https:\/\/www.europropmarket.com\/actualites\/wp-content\/uploads\/2021\/04\/logo.png\",\"width\":204,\"height\":25,\"caption\":\"Europropmarket\"},\"image\":{\"@id\":\"https:\/\/www.europropmarket.com\/actualites\/#\/schema\/logo\/image\/\"}},{\"@type\":\"Person\",\"@id\":\"https:\/\/www.europropmarket.com\/actualites\/#\/schema\/person\/97027d62243b84ca18df0089bcbb10a8\",\"name\":\"St\u00e9phane BONTOUX\",\"image\":{\"@type\":\"ImageObject\",\"inLanguage\":\"fr-FR\",\"@id\":\"https:\/\/www.europropmarket.com\/actualites\/#\/schema\/person\/image\/\",\"url\":\"https:\/\/secure.gravatar.com\/avatar\/2e2408bccbefc28eb75eb64f0a5e748f653dd966b192e28b810a33dba3220ec5?s=96&d=mm&r=g\",\"contentUrl\":\"https:\/\/secure.gravatar.com\/avatar\/2e2408bccbefc28eb75eb64f0a5e748f653dd966b192e28b810a33dba3220ec5?s=96&d=mm&r=g\",\"caption\":\"St\u00e9phane BONTOUX\"},\"url\":\"https:\/\/www.europropmarket.com\/actualites\/author\/sbontoux\/\"}]}<\/script>\n<!-- \/ Yoast SEO plugin. -->","yoast_head_json":{"title":"Le renouveau du Bas-Chantenay \u00e0 Nantes","description":"Le projet urbain du Bas-Chantenay permettra \u00e0 ce secteur de s\u2019ouvrir sur la Loire \u00e0 travers des am\u00e9nagements ambitieux","robots":{"index":"index","follow":"follow","max-snippet":"max-snippet:-1","max-image-preview":"max-image-preview:large","max-video-preview":"max-video-preview:-1"},"canonical":"https:\/\/www.europropmarket.com\/actualites\/au-coeur-de-nantes-metropole-le-secteur-du-bas-fontenay-entame-sa-transformation\/","og_locale":"fr_FR","og_type":"article","og_title":"Le renouveau du Bas-Chantenay \u00e0 Nantes","og_description":"Le projet urbain du Bas-Chantenay permettra \u00e0 ce secteur de s\u2019ouvrir sur la Loire \u00e0 travers des am\u00e9nagements ambitieux","og_url":"https:\/\/www.europropmarket.com\/actualites\/au-coeur-de-nantes-metropole-le-secteur-du-bas-fontenay-entame-sa-transformation\/","og_site_name":"Europropmarket","article_published_time":"2022-11-24T10:05:44+00:00","og_image":[{"width":980,"height":381,"url":"https:\/\/www.europropmarket.com\/actualites\/wp-content\/uploads\/2022\/11\/Bas-Chantenay-se-transfome\u00a9-Patrick-Garcon-NM.jpg","type":"image\/jpeg"}],"author":"St\u00e9phane BONTOUX","twitter_card":"summary_large_image","twitter_misc":{"\u00c9crit par":"St\u00e9phane BONTOUX","Dur\u00e9e de lecture estim\u00e9e":"2 minutes"},"schema":{"@context":"https:\/\/schema.org","@graph":[{"@type":"Article","@id":"https:\/\/www.europropmarket.com\/actualites\/au-coeur-de-nantes-metropole-le-secteur-du-bas-fontenay-entame-sa-transformation\/#article","isPartOf":{"@id":"https:\/\/www.europropmarket.com\/actualites\/au-coeur-de-nantes-metropole-le-secteur-du-bas-fontenay-entame-sa-transformation\/"},"author":{"name":"St\u00e9phane BONTOUX","@id":"https:\/\/www.europropmarket.com\/actualites\/#\/schema\/person\/97027d62243b84ca18df0089bcbb10a8"},"headline":"Au c\u0153ur de Nantes M\u00e9tropole, le secteur du Bas-Fontenay entame sa transformation","datePublished":"2022-11-24T10:05:44+00:00","dateModified":"2022-11-24T10:05:44+00:00","mainEntityOfPage":{"@id":"https:\/\/www.europropmarket.com\/actualites\/au-coeur-de-nantes-metropole-le-secteur-du-bas-fontenay-entame-sa-transformation\/"},"wordCount":424,"publisher":{"@id":"https:\/\/www.europropmarket.com\/actualites\/#organization"},"keywords":["Bureaux Nantes","Nantes"],"articleSection":["March\u00e9 \/ Investissements"],"inLanguage":"fr-FR"},{"@type":"WebPage","@id":"https:\/\/www.europropmarket.com\/actualites\/au-coeur-de-nantes-metropole-le-secteur-du-bas-fontenay-entame-sa-transformation\/","url":"https:\/\/www.europropmarket.com\/actualites\/au-coeur-de-nantes-metropole-le-secteur-du-bas-fontenay-entame-sa-transformation\/","name":"Le renouveau du Bas-Chantenay \u00e0 Nantes","isPartOf":{"@id":"https:\/\/www.europropmarket.com\/actualites\/#website"},"datePublished":"2022-11-24T10:05:44+00:00","dateModified":"2022-11-24T10:05:44+00:00","description":"Le projet urbain du Bas-Chantenay permettra \u00e0 ce secteur de s\u2019ouvrir sur la Loire \u00e0 travers des am\u00e9nagements ambitieux","breadcrumb":{"@id":"https:\/\/www.europropmarket.com\/actualites\/au-coeur-de-nantes-metropole-le-secteur-du-bas-fontenay-entame-sa-transformation\/#breadcrumb"},"inLanguage":"fr-FR","potentialAction":[{"@type":"ReadAction","target":["https:\/\/www.europropmarket.com\/actualites\/au-coeur-de-nantes-metropole-le-secteur-du-bas-fontenay-entame-sa-transformation\/"]}]},{"@type":"BreadcrumbList","@id":"https:\/\/www.europropmarket.com\/actualites\/au-coeur-de-nantes-metropole-le-secteur-du-bas-fontenay-entame-sa-transformation\/#breadcrumb","itemListElement":[{"@type":"ListItem","position":1,"name":"Accueil","item":"https:\/\/www.europropmarket.com\/actualites\/"},{"@type":"ListItem","position":2,"name":"Au c\u0153ur de Nantes M\u00e9tropole, le secteur du Bas-Fontenay entame sa transformation"}]},{"@type":"WebSite","@id":"https:\/\/www.europropmarket.com\/actualites\/#website","url":"https:\/\/www.europropmarket.com\/actualites\/","name":"Europropmarket","description":"","publisher":{"@id":"https:\/\/www.europropmarket.com\/actualites\/#organization"},"potentialAction":[{"@type":"SearchAction","target":{"@type":"EntryPoint","urlTemplate":"https:\/\/www.europropmarket.com\/actualites\/?s={search_term_string}"},"query-input":"required name=search_term_string"}],"inLanguage":"fr-FR"},{"@type":"Organization","@id":"https:\/\/www.europropmarket.com\/actualites\/#organization","name":"Europropmarket","url":"https:\/\/www.europropmarket.com\/actualites\/","logo":{"@type":"ImageObject","inLanguage":"fr-FR","@id":"https:\/\/www.europropmarket.com\/actualites\/#\/schema\/logo\/image\/","url":"https:\/\/www.europropmarket.com\/actualites\/wp-content\/uploads\/2021\/04\/logo.png","contentUrl":"https:\/\/www.europropmarket.com\/actualites\/wp-content\/uploads\/2021\/04\/logo.png","width":204,"height":25,"caption":"Europropmarket"},"image":{"@id":"https:\/\/www.europropmarket.com\/actualites\/#\/schema\/logo\/image\/"}},{"@type":"Person","@id":"https:\/\/www.europropmarket.com\/actualites\/#\/schema\/person\/97027d62243b84ca18df0089bcbb10a8","name":"St\u00e9phane BONTOUX","image":{"@type":"ImageObject","inLanguage":"fr-FR","@id":"https:\/\/www.europropmarket.com\/actualites\/#\/schema\/person\/image\/","url":"https:\/\/secure.gravatar.com\/avatar\/2e2408bccbefc28eb75eb64f0a5e748f653dd966b192e28b810a33dba3220ec5?s=96&d=mm&r=g","contentUrl":"https:\/\/secure.gravatar.com\/avatar\/2e2408bccbefc28eb75eb64f0a5e748f653dd966b192e28b810a33dba3220ec5?s=96&d=mm&r=g","caption":"St\u00e9phane BONTOUX"},"url":"https:\/\/www.europropmarket.com\/actualites\/author\/sbontoux\/"}]}},"_links":{"self":[{"href":"https:\/\/www.europropmarket.com\/actualites\/wp-json\/wp\/v2\/posts\/877","targetHints":{"allow":["GET"]}}],"collection":[{"href":"https:\/\/www.europropmarket.com\/actualites\/wp-json\/wp\/v2\/posts"}],"about":[{"href":"https:\/\/www.europropmarket.com\/actualites\/wp-json\/wp\/v2\/types\/post"}],"author":[{"embeddable":true,"href":"https:\/\/www.europropmarket.com\/actualites\/wp-json\/wp\/v2\/users\/4"}],"replies":[{"embeddable":true,"href":"https:\/\/www.europropmarket.com\/actualites\/wp-json\/wp\/v2\/comments?post=877"}],"version-history":[{"count":3,"href":"https:\/\/www.europropmarket.com\/actualites\/wp-json\/wp\/v2\/posts\/877\/revisions"}],"predecessor-version":[{"id":1691,"href":"https:\/\/www.europropmarket.com\/actualites\/wp-json\/wp\/v2\/posts\/877\/revisions\/1691"}],"wp:featuredmedia":[{"embeddable":true,"href":"https:\/\/www.europropmarket.com\/actualites\/wp-json\/wp\/v2\/media\/1690"}],"wp:attachment":[{"href":"https:\/\/www.europropmarket.com\/actualites\/wp-json\/wp\/v2\/media?parent=877"}],"wp:term":[{"taxonomy":"category","embeddable":true,"href":"https:\/\/www.europropmarket.com\/actualites\/wp-json\/wp\/v2\/categories?post=877"},{"taxonomy":"post_tag","embeddable":true,"href":"https:\/\/www.europropmarket.com\/actualites\/wp-json\/wp\/v2\/tags?post=877"}],"curies":[{"name":"wp","href":"https:\/\/api.w.org\/{rel}","templated":true}]}}