{"id":887,"date":"2022-10-13T16:30:37","date_gmt":"2022-10-13T14:30:37","guid":{"rendered":"https:\/\/www.europropmarket.com\/actualites\/?p=887"},"modified":"2022-10-13T16:30:37","modified_gmt":"2022-10-13T14:30:37","slug":"la-gare-de-nord-se-reinvente-pour-faire-naitre-un-nouveau-pole-dattractivite-a-lhorizon-2024","status":"publish","type":"post","link":"https:\/\/www.europropmarket.com\/actualites\/la-gare-de-nord-se-reinvente-pour-faire-naitre-un-nouveau-pole-dattractivite-a-lhorizon-2024\/","title":{"rendered":"La gare de nord se r\u00e9invente pour faire na\u00eetre un nouveau p\u00f4le d\u2019attractivit\u00e9 \u00e0 l\u2019horizon 2024"},"content":{"rendered":"<p>A l\u2019horizon 2024 la Gare du Nord ach\u00e8vera son projet d&rsquo;agrandissement afin de mieux g\u00e9rer les flux de voyageurs : \u00e0 l&rsquo;approche des JO, la SNCF anticipe en effet une hausse de 40 % du trafic d&rsquo;ici 2030.<\/p>\n<h2><strong>Gare du Nord : des espaces publics am\u00e9lior\u00e9s<\/strong><\/h2>\n<p><a href=\"https:\/\/www.europropmarket.com\/actualites\/un-nouveau-pole-dattractivite-dans-le-secteur-gare-du-nord-prevu-pour-2024\/\">\u00a0La nouvelle Gare du Nord<\/a> comprendra ainsi \u00e0 termes 110 000 m\u00b2 d&rsquo;espaces dont 11 000 m\u00b2 d&rsquo;espaces verts : une transformation du secteur qui vise \u00e0 accro\u00eetre la qualit\u00e9 d&rsquo;accueil tout en am\u00e9liorant l&rsquo;offre en mati\u00e8re de mobilit\u00e9 et de services. Une nouvelle entr\u00e9e sera cr\u00e9\u00e9e rue du faubourg Saint-Denis pour faciliter l&rsquo;acc\u00e8s au hall des d\u00e9parts grandes lignes, la Gare du Nord se dotant par ailleurs de nouveaux ascenseurs et escalators pour une meilleure prise en charge des personnes \u00e0 mobilit\u00e9 r\u00e9duite. C\u00f4t\u00e9 qualit\u00e9 de vie, la gare deviendra plus lumineuse et s\u00e9curis\u00e9e \u2013 gr\u00e2ce entre autres aux cam\u00e9ras de vid\u00e9osurveillance \u2013 tandis que les espaces publics environnants seront r\u00e9organis\u00e9s en faveur des pi\u00e9tons et des mobilit\u00e9s douces. Les 6,5 millions d&rsquo;euros consacr\u00e9s au r\u00e9am\u00e9nagement des espaces publics pr\u00e9serveront le patrimoine historique de la zone tout en cr\u00e9ant un nouveau lieu de vie parisien, avec comme objectif de rendre la Gare du Nord plus attractive pour les voyageurs comme pour les riverains.<\/p>\n<h2><strong>Un p\u00f4le d\u2019attractivit\u00e9 \u00e9cocitoyen<\/strong><\/h2>\n<p>Le quartier de la Gare du Nord entend former un nouveau p\u00f4le d\u2019attractivit\u00e9 gr\u00e2ce \u00e0 la pr\u00e9sence d\u2019espaces d\u00e9di\u00e9s au shopping, d\u2019espaces de restauration \u2013 allant du fast Food au restaurant gastronomique \u2013 de lieux culturels, d\u2019\u00e9quipements sportifs incluant une salle de sport, un terrain de basket ou encore une piste de trail de 1km. Le secteur accueillera \u00e9galement une salle \u00e9v\u00e9nementielle de 1600 m2,\u00a05500m\u00b2\u00a0d\u2019<a href=\"https:\/\/www.europropmarket.com\/coworking\/location\/75-paris\/\">espaces de coworking<\/a>, une conciergerie de sport ainsi qu\u2019une cr\u00e8che. Les espaces de commerces et services devraient voir leur surface multipli\u00e9e par 5 pour atteindre 50\u00a0000m\u00b2, stimulant ainsi l\u2019attractivit\u00e9 \u00e9conomique du secteur. Le volet \u00e9cologique ne sera pas absent de ce vaste projet d&rsquo;am\u00e9nagement puisque ce ne sont pas moins de 7000 m\u00b2 d\u2019espaces verts qui viendront am\u00e9liorer le bien-\u00eatre et le confort des voyageurs. La Gare du Nord sera de plus aliment\u00e9e par des panneaux photovolta\u00efques et \u00e9quip\u00e9s de syst\u00e8mes destin\u00e9s \u00e0 pr\u00e9server la qualit\u00e9 de l&rsquo;air, autant de d\u00e9marches qui permettront \u00e0 ce hub de transport r\u00e9nov\u00e9 de b\u00e9n\u00e9ficier du label BREEAM. Enfin, la pr\u00e9sence d\u2019un parc suspendu de plus de 1 hectare fera na\u00eetre un nouveau poumon vert au c\u0153ur de la capitale.<\/p>\n","protected":false},"excerpt":{"rendered":"<p>A l\u2019horizon 2024 la Gare du Nord ach\u00e8vera son projet d&rsquo;agrandissement afin de mieux g\u00e9rer les flux de voyageurs : \u00e0 l&rsquo;approche des JO, la SNCF anticipe en effet une hausse de 40 % du trafic d&rsquo;ici 2030. Gare du Nord : des espaces publics am\u00e9lior\u00e9s \u00a0La nouvelle Gare du Nord comprendra ainsi \u00e0 termes [&hellip;]<\/p>\n","protected":false},"author":4,"featured_media":1605,"comment_status":"closed","ping_status":"closed","sticky":false,"template":"","format":"standard","meta":{"footnotes":""},"categories":[149],"tags":[138],"class_list":["post-887","post","type-post","status-publish","format-standard","has-post-thumbnail","hentry","category-marche-investissements","tag-gare-du-nord","entry","has-media"],"yoast_head":"<!-- This site is optimized with the Yoast SEO plugin v19.13 - https:\/\/yoast.com\/wordpress\/plugins\/seo\/ -->\n<title>La transformation de la Gare du Nord \u00e0 Paris<\/title>\n<meta name=\"description\" content=\"\u00c0 l&#039;approche des JO 2024, la Gare du Nord se m\u00e9tamorphose pour cr\u00e9er de nouveaux espaces publics am\u00e9liorant le confort des voyageurs\" \/>\n<meta name=\"robots\" content=\"index, follow, max-snippet:-1, max-image-preview:large, max-video-preview:-1\" \/>\n<link rel=\"canonical\" href=\"https:\/\/www.europropmarket.com\/actualites\/la-gare-de-nord-se-reinvente-pour-faire-naitre-un-nouveau-pole-dattractivite-a-lhorizon-2024\/\" \/>\n<meta property=\"og:locale\" content=\"fr_FR\" \/>\n<meta property=\"og:type\" content=\"article\" \/>\n<meta property=\"og:title\" content=\"La transformation de la Gare du Nord \u00e0 Paris\" \/>\n<meta property=\"og:description\" content=\"\u00c0 l&#039;approche des JO 2024, la Gare du Nord se m\u00e9tamorphose pour cr\u00e9er de nouveaux espaces publics am\u00e9liorant le confort des voyageurs\" \/>\n<meta property=\"og:url\" content=\"https:\/\/www.europropmarket.com\/actualites\/la-gare-de-nord-se-reinvente-pour-faire-naitre-un-nouveau-pole-dattractivite-a-lhorizon-2024\/\" \/>\n<meta property=\"og:site_name\" content=\"Europropmarket\" \/>\n<meta property=\"article:published_time\" content=\"2022-10-13T14:30:37+00:00\" \/>\n<meta property=\"og:image\" content=\"https:\/\/www.europropmarket.com\/actualites\/wp-content\/uploads\/2022\/10\/Nouvelle-Gare-du-Nord-1024x648-1.jpg\" \/>\n\t<meta property=\"og:image:width\" content=\"980\" \/>\n\t<meta property=\"og:image:height\" content=\"380\" \/>\n\t<meta property=\"og:image:type\" content=\"image\/jpeg\" \/>\n<meta name=\"author\" content=\"St\u00e9phane BONTOUX\" \/>\n<meta name=\"twitter:card\" content=\"summary_large_image\" \/>\n<meta name=\"twitter:label1\" content=\"\u00c9crit par\" \/>\n\t<meta name=\"twitter:data1\" content=\"St\u00e9phane BONTOUX\" \/>\n\t<meta name=\"twitter:label2\" content=\"Dur\u00e9e de lecture estim\u00e9e\" \/>\n\t<meta name=\"twitter:data2\" content=\"2 minutes\" \/>\n<script type=\"application\/ld+json\" class=\"yoast-schema-graph\">{\"@context\":\"https:\/\/schema.org\",\"@graph\":[{\"@type\":\"Article\",\"@id\":\"https:\/\/www.europropmarket.com\/actualites\/la-gare-de-nord-se-reinvente-pour-faire-naitre-un-nouveau-pole-dattractivite-a-lhorizon-2024\/#article\",\"isPartOf\":{\"@id\":\"https:\/\/www.europropmarket.com\/actualites\/la-gare-de-nord-se-reinvente-pour-faire-naitre-un-nouveau-pole-dattractivite-a-lhorizon-2024\/\"},\"author\":{\"name\":\"St\u00e9phane BONTOUX\",\"@id\":\"https:\/\/www.europropmarket.com\/actualites\/#\/schema\/person\/97027d62243b84ca18df0089bcbb10a8\"},\"headline\":\"La gare de nord se r\u00e9invente pour faire na\u00eetre un nouveau p\u00f4le d\u2019attractivit\u00e9 \u00e0 l\u2019horizon 2024\",\"datePublished\":\"2022-10-13T14:30:37+00:00\",\"dateModified\":\"2022-10-13T14:30:37+00:00\",\"mainEntityOfPage\":{\"@id\":\"https:\/\/www.europropmarket.com\/actualites\/la-gare-de-nord-se-reinvente-pour-faire-naitre-un-nouveau-pole-dattractivite-a-lhorizon-2024\/\"},\"wordCount\":461,\"publisher\":{\"@id\":\"https:\/\/www.europropmarket.com\/actualites\/#organization\"},\"keywords\":[\"Gare du Nord\"],\"articleSection\":[\"March\u00e9 \/ Investissements\"],\"inLanguage\":\"fr-FR\"},{\"@type\":\"WebPage\",\"@id\":\"https:\/\/www.europropmarket.com\/actualites\/la-gare-de-nord-se-reinvente-pour-faire-naitre-un-nouveau-pole-dattractivite-a-lhorizon-2024\/\",\"url\":\"https:\/\/www.europropmarket.com\/actualites\/la-gare-de-nord-se-reinvente-pour-faire-naitre-un-nouveau-pole-dattractivite-a-lhorizon-2024\/\",\"name\":\"La transformation de la Gare du Nord \u00e0 Paris\",\"isPartOf\":{\"@id\":\"https:\/\/www.europropmarket.com\/actualites\/#website\"},\"datePublished\":\"2022-10-13T14:30:37+00:00\",\"dateModified\":\"2022-10-13T14:30:37+00:00\",\"description\":\"\u00c0 l'approche des JO 2024, la Gare du Nord se m\u00e9tamorphose pour cr\u00e9er de nouveaux espaces publics am\u00e9liorant le confort des voyageurs\",\"breadcrumb\":{\"@id\":\"https:\/\/www.europropmarket.com\/actualites\/la-gare-de-nord-se-reinvente-pour-faire-naitre-un-nouveau-pole-dattractivite-a-lhorizon-2024\/#breadcrumb\"},\"inLanguage\":\"fr-FR\",\"potentialAction\":[{\"@type\":\"ReadAction\",\"target\":[\"https:\/\/www.europropmarket.com\/actualites\/la-gare-de-nord-se-reinvente-pour-faire-naitre-un-nouveau-pole-dattractivite-a-lhorizon-2024\/\"]}]},{\"@type\":\"BreadcrumbList\",\"@id\":\"https:\/\/www.europropmarket.com\/actualites\/la-gare-de-nord-se-reinvente-pour-faire-naitre-un-nouveau-pole-dattractivite-a-lhorizon-2024\/#breadcrumb\",\"itemListElement\":[{\"@type\":\"ListItem\",\"position\":1,\"name\":\"Accueil\",\"item\":\"https:\/\/www.europropmarket.com\/actualites\/\"},{\"@type\":\"ListItem\",\"position\":2,\"name\":\"La gare de nord se r\u00e9invente pour faire na\u00eetre un nouveau p\u00f4le d\u2019attractivit\u00e9 \u00e0 l\u2019horizon 2024\"}]},{\"@type\":\"WebSite\",\"@id\":\"https:\/\/www.europropmarket.com\/actualites\/#website\",\"url\":\"https:\/\/www.europropmarket.com\/actualites\/\",\"name\":\"Europropmarket\",\"description\":\"\",\"publisher\":{\"@id\":\"https:\/\/www.europropmarket.com\/actualites\/#organization\"},\"potentialAction\":[{\"@type\":\"SearchAction\",\"target\":{\"@type\":\"EntryPoint\",\"urlTemplate\":\"https:\/\/www.europropmarket.com\/actualites\/?s={search_term_string}\"},\"query-input\":\"required name=search_term_string\"}],\"inLanguage\":\"fr-FR\"},{\"@type\":\"Organization\",\"@id\":\"https:\/\/www.europropmarket.com\/actualites\/#organization\",\"name\":\"Europropmarket\",\"url\":\"https:\/\/www.europropmarket.com\/actualites\/\",\"logo\":{\"@type\":\"ImageObject\",\"inLanguage\":\"fr-FR\",\"@id\":\"https:\/\/www.europropmarket.com\/actualites\/#\/schema\/logo\/image\/\",\"url\":\"https:\/\/www.europropmarket.com\/actualites\/wp-content\/uploads\/2021\/04\/logo.png\",\"contentUrl\":\"https:\/\/www.europropmarket.com\/actualites\/wp-content\/uploads\/2021\/04\/logo.png\",\"width\":204,\"height\":25,\"caption\":\"Europropmarket\"},\"image\":{\"@id\":\"https:\/\/www.europropmarket.com\/actualites\/#\/schema\/logo\/image\/\"}},{\"@type\":\"Person\",\"@id\":\"https:\/\/www.europropmarket.com\/actualites\/#\/schema\/person\/97027d62243b84ca18df0089bcbb10a8\",\"name\":\"St\u00e9phane BONTOUX\",\"image\":{\"@type\":\"ImageObject\",\"inLanguage\":\"fr-FR\",\"@id\":\"https:\/\/www.europropmarket.com\/actualites\/#\/schema\/person\/image\/\",\"url\":\"https:\/\/secure.gravatar.com\/avatar\/2e2408bccbefc28eb75eb64f0a5e748f653dd966b192e28b810a33dba3220ec5?s=96&d=mm&r=g\",\"contentUrl\":\"https:\/\/secure.gravatar.com\/avatar\/2e2408bccbefc28eb75eb64f0a5e748f653dd966b192e28b810a33dba3220ec5?s=96&d=mm&r=g\",\"caption\":\"St\u00e9phane BONTOUX\"},\"url\":\"https:\/\/www.europropmarket.com\/actualites\/author\/sbontoux\/\"}]}<\/script>\n<!-- \/ Yoast SEO plugin. -->","yoast_head_json":{"title":"La transformation de la Gare du Nord \u00e0 Paris","description":"\u00c0 l'approche des JO 2024, la Gare du Nord se m\u00e9tamorphose pour cr\u00e9er de nouveaux espaces publics am\u00e9liorant le confort des voyageurs","robots":{"index":"index","follow":"follow","max-snippet":"max-snippet:-1","max-image-preview":"max-image-preview:large","max-video-preview":"max-video-preview:-1"},"canonical":"https:\/\/www.europropmarket.com\/actualites\/la-gare-de-nord-se-reinvente-pour-faire-naitre-un-nouveau-pole-dattractivite-a-lhorizon-2024\/","og_locale":"fr_FR","og_type":"article","og_title":"La transformation de la Gare du Nord \u00e0 Paris","og_description":"\u00c0 l'approche des JO 2024, la Gare du Nord se m\u00e9tamorphose pour cr\u00e9er de nouveaux espaces publics am\u00e9liorant le confort des voyageurs","og_url":"https:\/\/www.europropmarket.com\/actualites\/la-gare-de-nord-se-reinvente-pour-faire-naitre-un-nouveau-pole-dattractivite-a-lhorizon-2024\/","og_site_name":"Europropmarket","article_published_time":"2022-10-13T14:30:37+00:00","og_image":[{"width":980,"height":380,"url":"https:\/\/www.europropmarket.com\/actualites\/wp-content\/uploads\/2022\/10\/Nouvelle-Gare-du-Nord-1024x648-1.jpg","type":"image\/jpeg"}],"author":"St\u00e9phane BONTOUX","twitter_card":"summary_large_image","twitter_misc":{"\u00c9crit par":"St\u00e9phane BONTOUX","Dur\u00e9e de lecture estim\u00e9e":"2 minutes"},"schema":{"@context":"https:\/\/schema.org","@graph":[{"@type":"Article","@id":"https:\/\/www.europropmarket.com\/actualites\/la-gare-de-nord-se-reinvente-pour-faire-naitre-un-nouveau-pole-dattractivite-a-lhorizon-2024\/#article","isPartOf":{"@id":"https:\/\/www.europropmarket.com\/actualites\/la-gare-de-nord-se-reinvente-pour-faire-naitre-un-nouveau-pole-dattractivite-a-lhorizon-2024\/"},"author":{"name":"St\u00e9phane BONTOUX","@id":"https:\/\/www.europropmarket.com\/actualites\/#\/schema\/person\/97027d62243b84ca18df0089bcbb10a8"},"headline":"La gare de nord se r\u00e9invente pour faire na\u00eetre un nouveau p\u00f4le d\u2019attractivit\u00e9 \u00e0 l\u2019horizon 2024","datePublished":"2022-10-13T14:30:37+00:00","dateModified":"2022-10-13T14:30:37+00:00","mainEntityOfPage":{"@id":"https:\/\/www.europropmarket.com\/actualites\/la-gare-de-nord-se-reinvente-pour-faire-naitre-un-nouveau-pole-dattractivite-a-lhorizon-2024\/"},"wordCount":461,"publisher":{"@id":"https:\/\/www.europropmarket.com\/actualites\/#organization"},"keywords":["Gare du Nord"],"articleSection":["March\u00e9 \/ Investissements"],"inLanguage":"fr-FR"},{"@type":"WebPage","@id":"https:\/\/www.europropmarket.com\/actualites\/la-gare-de-nord-se-reinvente-pour-faire-naitre-un-nouveau-pole-dattractivite-a-lhorizon-2024\/","url":"https:\/\/www.europropmarket.com\/actualites\/la-gare-de-nord-se-reinvente-pour-faire-naitre-un-nouveau-pole-dattractivite-a-lhorizon-2024\/","name":"La transformation de la Gare du Nord \u00e0 Paris","isPartOf":{"@id":"https:\/\/www.europropmarket.com\/actualites\/#website"},"datePublished":"2022-10-13T14:30:37+00:00","dateModified":"2022-10-13T14:30:37+00:00","description":"\u00c0 l'approche des JO 2024, la Gare du Nord se m\u00e9tamorphose pour cr\u00e9er de nouveaux espaces publics am\u00e9liorant le confort des voyageurs","breadcrumb":{"@id":"https:\/\/www.europropmarket.com\/actualites\/la-gare-de-nord-se-reinvente-pour-faire-naitre-un-nouveau-pole-dattractivite-a-lhorizon-2024\/#breadcrumb"},"inLanguage":"fr-FR","potentialAction":[{"@type":"ReadAction","target":["https:\/\/www.europropmarket.com\/actualites\/la-gare-de-nord-se-reinvente-pour-faire-naitre-un-nouveau-pole-dattractivite-a-lhorizon-2024\/"]}]},{"@type":"BreadcrumbList","@id":"https:\/\/www.europropmarket.com\/actualites\/la-gare-de-nord-se-reinvente-pour-faire-naitre-un-nouveau-pole-dattractivite-a-lhorizon-2024\/#breadcrumb","itemListElement":[{"@type":"ListItem","position":1,"name":"Accueil","item":"https:\/\/www.europropmarket.com\/actualites\/"},{"@type":"ListItem","position":2,"name":"La gare de nord se r\u00e9invente pour faire na\u00eetre un nouveau p\u00f4le d\u2019attractivit\u00e9 \u00e0 l\u2019horizon 2024"}]},{"@type":"WebSite","@id":"https:\/\/www.europropmarket.com\/actualites\/#website","url":"https:\/\/www.europropmarket.com\/actualites\/","name":"Europropmarket","description":"","publisher":{"@id":"https:\/\/www.europropmarket.com\/actualites\/#organization"},"potentialAction":[{"@type":"SearchAction","target":{"@type":"EntryPoint","urlTemplate":"https:\/\/www.europropmarket.com\/actualites\/?s={search_term_string}"},"query-input":"required name=search_term_string"}],"inLanguage":"fr-FR"},{"@type":"Organization","@id":"https:\/\/www.europropmarket.com\/actualites\/#organization","name":"Europropmarket","url":"https:\/\/www.europropmarket.com\/actualites\/","logo":{"@type":"ImageObject","inLanguage":"fr-FR","@id":"https:\/\/www.europropmarket.com\/actualites\/#\/schema\/logo\/image\/","url":"https:\/\/www.europropmarket.com\/actualites\/wp-content\/uploads\/2021\/04\/logo.png","contentUrl":"https:\/\/www.europropmarket.com\/actualites\/wp-content\/uploads\/2021\/04\/logo.png","width":204,"height":25,"caption":"Europropmarket"},"image":{"@id":"https:\/\/www.europropmarket.com\/actualites\/#\/schema\/logo\/image\/"}},{"@type":"Person","@id":"https:\/\/www.europropmarket.com\/actualites\/#\/schema\/person\/97027d62243b84ca18df0089bcbb10a8","name":"St\u00e9phane BONTOUX","image":{"@type":"ImageObject","inLanguage":"fr-FR","@id":"https:\/\/www.europropmarket.com\/actualites\/#\/schema\/person\/image\/","url":"https:\/\/secure.gravatar.com\/avatar\/2e2408bccbefc28eb75eb64f0a5e748f653dd966b192e28b810a33dba3220ec5?s=96&d=mm&r=g","contentUrl":"https:\/\/secure.gravatar.com\/avatar\/2e2408bccbefc28eb75eb64f0a5e748f653dd966b192e28b810a33dba3220ec5?s=96&d=mm&r=g","caption":"St\u00e9phane BONTOUX"},"url":"https:\/\/www.europropmarket.com\/actualites\/author\/sbontoux\/"}]}},"_links":{"self":[{"href":"https:\/\/www.europropmarket.com\/actualites\/wp-json\/wp\/v2\/posts\/887","targetHints":{"allow":["GET"]}}],"collection":[{"href":"https:\/\/www.europropmarket.com\/actualites\/wp-json\/wp\/v2\/posts"}],"about":[{"href":"https:\/\/www.europropmarket.com\/actualites\/wp-json\/wp\/v2\/types\/post"}],"author":[{"embeddable":true,"href":"https:\/\/www.europropmarket.com\/actualites\/wp-json\/wp\/v2\/users\/4"}],"replies":[{"embeddable":true,"href":"https:\/\/www.europropmarket.com\/actualites\/wp-json\/wp\/v2\/comments?post=887"}],"version-history":[{"count":2,"href":"https:\/\/www.europropmarket.com\/actualites\/wp-json\/wp\/v2\/posts\/887\/revisions"}],"predecessor-version":[{"id":1606,"href":"https:\/\/www.europropmarket.com\/actualites\/wp-json\/wp\/v2\/posts\/887\/revisions\/1606"}],"wp:featuredmedia":[{"embeddable":true,"href":"https:\/\/www.europropmarket.com\/actualites\/wp-json\/wp\/v2\/media\/1605"}],"wp:attachment":[{"href":"https:\/\/www.europropmarket.com\/actualites\/wp-json\/wp\/v2\/media?parent=887"}],"wp:term":[{"taxonomy":"category","embeddable":true,"href":"https:\/\/www.europropmarket.com\/actualites\/wp-json\/wp\/v2\/categories?post=887"},{"taxonomy":"post_tag","embeddable":true,"href":"https:\/\/www.europropmarket.com\/actualites\/wp-json\/wp\/v2\/tags?post=887"}],"curies":[{"name":"wp","href":"https:\/\/api.w.org\/{rel}","templated":true}]}}