{"id":997,"date":"2022-11-10T15:57:28","date_gmt":"2022-11-10T14:57:28","guid":{"rendered":"https:\/\/www.europropmarket.com\/actualites\/?p=997"},"modified":"2022-11-10T15:57:28","modified_gmt":"2022-11-10T14:57:28","slug":"la-transition-ecologique-de-limmobilier-tertiaire","status":"publish","type":"post","link":"https:\/\/www.europropmarket.com\/actualites\/la-transition-ecologique-de-limmobilier-tertiaire\/","title":{"rendered":"La transition \u00e9cologique de l\u2019immobilier tertiaire"},"content":{"rendered":"<h2><strong>Un nouveau cadre juridique pour les entreprises<\/strong><\/h2>\n<p>L&rsquo;\u00e9volution du cadre juridique en mati\u00e8re d&rsquo;immobilier d&rsquo;entreprise &#8211; \u00e0 travers la loi climat et le d\u00e9cret tertiaire &#8211; t\u00e9moigne de l&rsquo;importance des enjeux environnementaux au sein des b\u00e2timents professionnels. L&rsquo;immobilier tertiaire \u00e9tant \u00e0 l&rsquo;origine de 25 % des \u00e9missions de GES, l&rsquo;\u00e9volution du march\u00e9 semble conditionn\u00e9e par les imp\u00e9ratifs climatiques et \u00e9cologiques contemporains. La neutralit\u00e9 carbone envisag\u00e9e par les autorit\u00e9s publiques et l&rsquo;ensemble des d\u00e9marches en termes de RSE s&rsquo;imposent aujourd&rsquo;hui en tant qu&rsquo;outils de pilotage du d\u00e9veloppement durable, et de protection de la sant\u00e9 des utilisateurs de <a href=\"https:\/\/www.europropmarket.com\/bureau\/location\/\">bureaux<\/a>. Le d\u00e9cret tertiaire joue ici un r\u00f4le cl\u00e9 en imposant une r\u00e9duction de la consommation \u00e9nerg\u00e9tique des immeubles tertiaires et en fixant des objectifs pr\u00e9cis : les entreprises, investisseurs ou bailleurs sont ainsi contraints de lancer des actions d&rsquo;efficacit\u00e9 \u00e9nerg\u00e9tique dont l\u2019impact doit \u00eatre quantifiable, les travaux de r\u00e9novation de bureaux \u00e9tant fortement encourag\u00e9s. La crise sanitaire aura en outre pouss\u00e9 de nombreuses soci\u00e9t\u00e9s \u00e0 optimiser leur empreinte immobili\u00e8re en r\u00e9duisant la surface de leurs b\u00e2timents, les espaces de bureaux s&rsquo;organisant d\u00e9sormais autour de la qualit\u00e9 de vie au travail (QVT), du confort et de la sant\u00e9 des collaborateurs.<\/p>\n<p>&nbsp;<\/p>\n<h2><strong>Certifications et labels, gages de performance \u00e9nerg\u00e9tique<\/strong><\/h2>\n<p>&nbsp;<\/p>\n<p>L&rsquo;entr\u00e9e en vigueur de la RE 2020 contribue fortement \u00e0 l&rsquo;\u00e9volution de la r\u00e9glementation applicable \u00e0 l&rsquo;<a href=\"https:\/\/www.europropmarket.com\/bureau\/\">immobilier tertiaire<\/a> ; la prise de conscience \u00e9cologique en entreprise s&rsquo;accompagne en outre de l&rsquo;apparition de plusieurs certifications et labels qui viennent \u00e9valuer la performance climatique et \u00e9nerg\u00e9tique des b\u00e2timents<\/p>\n<ul>\n<li>La certification Haute Qualit\u00e9 Environnementale (<a href=\"https:\/\/www.hqegbc.org\/batiments\/certifications\/\">HQE<\/a>) \u00e9value les immeubles en fonction de leur efficacit\u00e9 \u00e9nerg\u00e9tique et de leur performance environnementale en tenant compte de quatre crit\u00e8res : \u00e9coconstruction, \u00e9cogestion, confort, sant\u00e9.<\/li>\n<li>La certification BREAAM compte \u00e9galement parmi les principales certifications environnementales\u00a0: elle repose sur des crit\u00e8res pr\u00e9cis tels que l&rsquo;innovation, la gestion de l&rsquo;eau, le recyclage ou encore l&rsquo;\u00e9comobilit\u00e9.<\/li>\n<li>La certification LEED offre un outil d\u2019\u00e9valuation\/standardisation des b\u00e2timents \u00e0 haute qualit\u00e9 environnementale, qu\u2019il s\u2019agisse de constructions neuves ou existantes.<\/li>\n<\/ul>\n<p>&nbsp;<\/p>\n<p>Aux c\u00f4t\u00e9s des certifications, les labels de type BBC-Effinergie ou BBCA participent aussi \u00e0 la performance \u00e9nerg\u00e9tique des b\u00e2timents professionnels et \u00e0 la <a href=\"https:\/\/www.europropmarket.com\/actualites\/la-loi-climat-et-resilience-encourage-la-transition-ecologique-de-limmobilier-dentreprise\/\">transition \u00e9cologique<\/a> des entreprises, tout en contribuant au respect des normes en vigueur.<\/p>\n","protected":false},"excerpt":{"rendered":"<p>Un nouveau cadre juridique pour les entreprises L&rsquo;\u00e9volution du cadre juridique en mati\u00e8re d&rsquo;immobilier d&rsquo;entreprise &#8211; \u00e0 travers la loi climat et le d\u00e9cret tertiaire &#8211; t\u00e9moigne de l&rsquo;importance des enjeux environnementaux au sein des b\u00e2timents professionnels. L&rsquo;immobilier tertiaire \u00e9tant \u00e0 l&rsquo;origine de 25 % des \u00e9missions de GES, l&rsquo;\u00e9volution du march\u00e9 semble conditionn\u00e9e par [&hellip;]<\/p>\n","protected":false},"author":4,"featured_media":998,"comment_status":"closed","ping_status":"closed","sticky":false,"template":"","format":"standard","meta":{"footnotes":""},"categories":[149],"tags":[34,24,33,14],"class_list":["post-997","post","type-post","status-publish","format-standard","has-post-thumbnail","hentry","category-marche-investissements","tag-bureaux","tag-immobilier-dentreprise","tag-immobilier-de-bureaux","tag-rse","entry","has-media"],"yoast_head":"<!-- This site is optimized with the Yoast SEO plugin v19.13 - https:\/\/yoast.com\/wordpress\/plugins\/seo\/ -->\n<title>La transition \u00e9cologique de l\u2019immobilier tertiaire - Europropmarket<\/title>\n<meta name=\"description\" content=\"l\u2019\u00e9volution du cadre juridique et les d\u00e9marches de certifications favorisent la transition \u00e9cologique du secteur immobilier\" \/>\n<meta name=\"robots\" content=\"index, follow, max-snippet:-1, max-image-preview:large, max-video-preview:-1\" \/>\n<link rel=\"canonical\" href=\"https:\/\/www.europropmarket.com\/actualites\/la-transition-ecologique-de-limmobilier-tertiaire\/\" \/>\n<meta property=\"og:locale\" content=\"fr_FR\" \/>\n<meta property=\"og:type\" content=\"article\" \/>\n<meta property=\"og:title\" content=\"La transition \u00e9cologique de l\u2019immobilier tertiaire - Europropmarket\" \/>\n<meta property=\"og:description\" content=\"l\u2019\u00e9volution du cadre juridique et les d\u00e9marches de certifications favorisent la transition \u00e9cologique du secteur immobilier\" \/>\n<meta property=\"og:url\" content=\"https:\/\/www.europropmarket.com\/actualites\/la-transition-ecologique-de-limmobilier-tertiaire\/\" \/>\n<meta property=\"og:site_name\" content=\"Europropmarket\" \/>\n<meta property=\"article:published_time\" content=\"2022-11-10T14:57:28+00:00\" \/>\n<meta property=\"og:image\" content=\"https:\/\/www.europropmarket.com\/actualites\/wp-content\/uploads\/2022\/07\/\u00a9flyalone-AdobeStock_170905055_980x600.jpg\" \/>\n\t<meta property=\"og:image:width\" content=\"870\" \/>\n\t<meta property=\"og:image:height\" content=\"339\" \/>\n\t<meta property=\"og:image:type\" content=\"image\/jpeg\" \/>\n<meta name=\"author\" content=\"St\u00e9phane BONTOUX\" \/>\n<meta name=\"twitter:card\" content=\"summary_large_image\" \/>\n<meta name=\"twitter:label1\" content=\"\u00c9crit par\" \/>\n\t<meta name=\"twitter:data1\" content=\"St\u00e9phane BONTOUX\" \/>\n\t<meta name=\"twitter:label2\" content=\"Dur\u00e9e de lecture estim\u00e9e\" \/>\n\t<meta name=\"twitter:data2\" content=\"2 minutes\" \/>\n<script type=\"application\/ld+json\" class=\"yoast-schema-graph\">{\"@context\":\"https:\/\/schema.org\",\"@graph\":[{\"@type\":\"Article\",\"@id\":\"https:\/\/www.europropmarket.com\/actualites\/la-transition-ecologique-de-limmobilier-tertiaire\/#article\",\"isPartOf\":{\"@id\":\"https:\/\/www.europropmarket.com\/actualites\/la-transition-ecologique-de-limmobilier-tertiaire\/\"},\"author\":{\"name\":\"St\u00e9phane BONTOUX\",\"@id\":\"https:\/\/www.europropmarket.com\/actualites\/#\/schema\/person\/97027d62243b84ca18df0089bcbb10a8\"},\"headline\":\"La transition \u00e9cologique de l\u2019immobilier tertiaire\",\"datePublished\":\"2022-11-10T14:57:28+00:00\",\"dateModified\":\"2022-11-10T14:57:28+00:00\",\"mainEntityOfPage\":{\"@id\":\"https:\/\/www.europropmarket.com\/actualites\/la-transition-ecologique-de-limmobilier-tertiaire\/\"},\"wordCount\":407,\"publisher\":{\"@id\":\"https:\/\/www.europropmarket.com\/actualites\/#organization\"},\"keywords\":[\"bureaux\",\"Immobilier d'entreprise\",\"immobilier de bureaux\",\"RSE\"],\"articleSection\":[\"March\u00e9 \/ Investissements\"],\"inLanguage\":\"fr-FR\"},{\"@type\":\"WebPage\",\"@id\":\"https:\/\/www.europropmarket.com\/actualites\/la-transition-ecologique-de-limmobilier-tertiaire\/\",\"url\":\"https:\/\/www.europropmarket.com\/actualites\/la-transition-ecologique-de-limmobilier-tertiaire\/\",\"name\":\"La transition \u00e9cologique de l\u2019immobilier tertiaire - Europropmarket\",\"isPartOf\":{\"@id\":\"https:\/\/www.europropmarket.com\/actualites\/#website\"},\"datePublished\":\"2022-11-10T14:57:28+00:00\",\"dateModified\":\"2022-11-10T14:57:28+00:00\",\"description\":\"l\u2019\u00e9volution du cadre juridique et les d\u00e9marches de certifications favorisent la transition \u00e9cologique du secteur immobilier\",\"breadcrumb\":{\"@id\":\"https:\/\/www.europropmarket.com\/actualites\/la-transition-ecologique-de-limmobilier-tertiaire\/#breadcrumb\"},\"inLanguage\":\"fr-FR\",\"potentialAction\":[{\"@type\":\"ReadAction\",\"target\":[\"https:\/\/www.europropmarket.com\/actualites\/la-transition-ecologique-de-limmobilier-tertiaire\/\"]}]},{\"@type\":\"BreadcrumbList\",\"@id\":\"https:\/\/www.europropmarket.com\/actualites\/la-transition-ecologique-de-limmobilier-tertiaire\/#breadcrumb\",\"itemListElement\":[{\"@type\":\"ListItem\",\"position\":1,\"name\":\"Accueil\",\"item\":\"https:\/\/www.europropmarket.com\/actualites\/\"},{\"@type\":\"ListItem\",\"position\":2,\"name\":\"La transition \u00e9cologique de l\u2019immobilier tertiaire\"}]},{\"@type\":\"WebSite\",\"@id\":\"https:\/\/www.europropmarket.com\/actualites\/#website\",\"url\":\"https:\/\/www.europropmarket.com\/actualites\/\",\"name\":\"Europropmarket\",\"description\":\"\",\"publisher\":{\"@id\":\"https:\/\/www.europropmarket.com\/actualites\/#organization\"},\"potentialAction\":[{\"@type\":\"SearchAction\",\"target\":{\"@type\":\"EntryPoint\",\"urlTemplate\":\"https:\/\/www.europropmarket.com\/actualites\/?s={search_term_string}\"},\"query-input\":\"required name=search_term_string\"}],\"inLanguage\":\"fr-FR\"},{\"@type\":\"Organization\",\"@id\":\"https:\/\/www.europropmarket.com\/actualites\/#organization\",\"name\":\"Europropmarket\",\"url\":\"https:\/\/www.europropmarket.com\/actualites\/\",\"logo\":{\"@type\":\"ImageObject\",\"inLanguage\":\"fr-FR\",\"@id\":\"https:\/\/www.europropmarket.com\/actualites\/#\/schema\/logo\/image\/\",\"url\":\"https:\/\/www.europropmarket.com\/actualites\/wp-content\/uploads\/2021\/04\/logo.png\",\"contentUrl\":\"https:\/\/www.europropmarket.com\/actualites\/wp-content\/uploads\/2021\/04\/logo.png\",\"width\":204,\"height\":25,\"caption\":\"Europropmarket\"},\"image\":{\"@id\":\"https:\/\/www.europropmarket.com\/actualites\/#\/schema\/logo\/image\/\"}},{\"@type\":\"Person\",\"@id\":\"https:\/\/www.europropmarket.com\/actualites\/#\/schema\/person\/97027d62243b84ca18df0089bcbb10a8\",\"name\":\"St\u00e9phane BONTOUX\",\"image\":{\"@type\":\"ImageObject\",\"inLanguage\":\"fr-FR\",\"@id\":\"https:\/\/www.europropmarket.com\/actualites\/#\/schema\/person\/image\/\",\"url\":\"https:\/\/secure.gravatar.com\/avatar\/2e2408bccbefc28eb75eb64f0a5e748f653dd966b192e28b810a33dba3220ec5?s=96&d=mm&r=g\",\"contentUrl\":\"https:\/\/secure.gravatar.com\/avatar\/2e2408bccbefc28eb75eb64f0a5e748f653dd966b192e28b810a33dba3220ec5?s=96&d=mm&r=g\",\"caption\":\"St\u00e9phane BONTOUX\"},\"url\":\"https:\/\/www.europropmarket.com\/actualites\/author\/sbontoux\/\"}]}<\/script>\n<!-- \/ Yoast SEO plugin. -->","yoast_head_json":{"title":"La transition \u00e9cologique de l\u2019immobilier tertiaire - Europropmarket","description":"l\u2019\u00e9volution du cadre juridique et les d\u00e9marches de certifications favorisent la transition \u00e9cologique du secteur immobilier","robots":{"index":"index","follow":"follow","max-snippet":"max-snippet:-1","max-image-preview":"max-image-preview:large","max-video-preview":"max-video-preview:-1"},"canonical":"https:\/\/www.europropmarket.com\/actualites\/la-transition-ecologique-de-limmobilier-tertiaire\/","og_locale":"fr_FR","og_type":"article","og_title":"La transition \u00e9cologique de l\u2019immobilier tertiaire - Europropmarket","og_description":"l\u2019\u00e9volution du cadre juridique et les d\u00e9marches de certifications favorisent la transition \u00e9cologique du secteur immobilier","og_url":"https:\/\/www.europropmarket.com\/actualites\/la-transition-ecologique-de-limmobilier-tertiaire\/","og_site_name":"Europropmarket","article_published_time":"2022-11-10T14:57:28+00:00","og_image":[{"width":870,"height":339,"url":"https:\/\/www.europropmarket.com\/actualites\/wp-content\/uploads\/2022\/07\/\u00a9flyalone-AdobeStock_170905055_980x600.jpg","type":"image\/jpeg"}],"author":"St\u00e9phane BONTOUX","twitter_card":"summary_large_image","twitter_misc":{"\u00c9crit par":"St\u00e9phane BONTOUX","Dur\u00e9e de lecture estim\u00e9e":"2 minutes"},"schema":{"@context":"https:\/\/schema.org","@graph":[{"@type":"Article","@id":"https:\/\/www.europropmarket.com\/actualites\/la-transition-ecologique-de-limmobilier-tertiaire\/#article","isPartOf":{"@id":"https:\/\/www.europropmarket.com\/actualites\/la-transition-ecologique-de-limmobilier-tertiaire\/"},"author":{"name":"St\u00e9phane BONTOUX","@id":"https:\/\/www.europropmarket.com\/actualites\/#\/schema\/person\/97027d62243b84ca18df0089bcbb10a8"},"headline":"La transition \u00e9cologique de l\u2019immobilier tertiaire","datePublished":"2022-11-10T14:57:28+00:00","dateModified":"2022-11-10T14:57:28+00:00","mainEntityOfPage":{"@id":"https:\/\/www.europropmarket.com\/actualites\/la-transition-ecologique-de-limmobilier-tertiaire\/"},"wordCount":407,"publisher":{"@id":"https:\/\/www.europropmarket.com\/actualites\/#organization"},"keywords":["bureaux","Immobilier d'entreprise","immobilier de bureaux","RSE"],"articleSection":["March\u00e9 \/ Investissements"],"inLanguage":"fr-FR"},{"@type":"WebPage","@id":"https:\/\/www.europropmarket.com\/actualites\/la-transition-ecologique-de-limmobilier-tertiaire\/","url":"https:\/\/www.europropmarket.com\/actualites\/la-transition-ecologique-de-limmobilier-tertiaire\/","name":"La transition \u00e9cologique de l\u2019immobilier tertiaire - Europropmarket","isPartOf":{"@id":"https:\/\/www.europropmarket.com\/actualites\/#website"},"datePublished":"2022-11-10T14:57:28+00:00","dateModified":"2022-11-10T14:57:28+00:00","description":"l\u2019\u00e9volution du cadre juridique et les d\u00e9marches de certifications favorisent la transition \u00e9cologique du secteur immobilier","breadcrumb":{"@id":"https:\/\/www.europropmarket.com\/actualites\/la-transition-ecologique-de-limmobilier-tertiaire\/#breadcrumb"},"inLanguage":"fr-FR","potentialAction":[{"@type":"ReadAction","target":["https:\/\/www.europropmarket.com\/actualites\/la-transition-ecologique-de-limmobilier-tertiaire\/"]}]},{"@type":"BreadcrumbList","@id":"https:\/\/www.europropmarket.com\/actualites\/la-transition-ecologique-de-limmobilier-tertiaire\/#breadcrumb","itemListElement":[{"@type":"ListItem","position":1,"name":"Accueil","item":"https:\/\/www.europropmarket.com\/actualites\/"},{"@type":"ListItem","position":2,"name":"La transition \u00e9cologique de l\u2019immobilier tertiaire"}]},{"@type":"WebSite","@id":"https:\/\/www.europropmarket.com\/actualites\/#website","url":"https:\/\/www.europropmarket.com\/actualites\/","name":"Europropmarket","description":"","publisher":{"@id":"https:\/\/www.europropmarket.com\/actualites\/#organization"},"potentialAction":[{"@type":"SearchAction","target":{"@type":"EntryPoint","urlTemplate":"https:\/\/www.europropmarket.com\/actualites\/?s={search_term_string}"},"query-input":"required name=search_term_string"}],"inLanguage":"fr-FR"},{"@type":"Organization","@id":"https:\/\/www.europropmarket.com\/actualites\/#organization","name":"Europropmarket","url":"https:\/\/www.europropmarket.com\/actualites\/","logo":{"@type":"ImageObject","inLanguage":"fr-FR","@id":"https:\/\/www.europropmarket.com\/actualites\/#\/schema\/logo\/image\/","url":"https:\/\/www.europropmarket.com\/actualites\/wp-content\/uploads\/2021\/04\/logo.png","contentUrl":"https:\/\/www.europropmarket.com\/actualites\/wp-content\/uploads\/2021\/04\/logo.png","width":204,"height":25,"caption":"Europropmarket"},"image":{"@id":"https:\/\/www.europropmarket.com\/actualites\/#\/schema\/logo\/image\/"}},{"@type":"Person","@id":"https:\/\/www.europropmarket.com\/actualites\/#\/schema\/person\/97027d62243b84ca18df0089bcbb10a8","name":"St\u00e9phane BONTOUX","image":{"@type":"ImageObject","inLanguage":"fr-FR","@id":"https:\/\/www.europropmarket.com\/actualites\/#\/schema\/person\/image\/","url":"https:\/\/secure.gravatar.com\/avatar\/2e2408bccbefc28eb75eb64f0a5e748f653dd966b192e28b810a33dba3220ec5?s=96&d=mm&r=g","contentUrl":"https:\/\/secure.gravatar.com\/avatar\/2e2408bccbefc28eb75eb64f0a5e748f653dd966b192e28b810a33dba3220ec5?s=96&d=mm&r=g","caption":"St\u00e9phane BONTOUX"},"url":"https:\/\/www.europropmarket.com\/actualites\/author\/sbontoux\/"}]}},"_links":{"self":[{"href":"https:\/\/www.europropmarket.com\/actualites\/wp-json\/wp\/v2\/posts\/997","targetHints":{"allow":["GET"]}}],"collection":[{"href":"https:\/\/www.europropmarket.com\/actualites\/wp-json\/wp\/v2\/posts"}],"about":[{"href":"https:\/\/www.europropmarket.com\/actualites\/wp-json\/wp\/v2\/types\/post"}],"author":[{"embeddable":true,"href":"https:\/\/www.europropmarket.com\/actualites\/wp-json\/wp\/v2\/users\/4"}],"replies":[{"embeddable":true,"href":"https:\/\/www.europropmarket.com\/actualites\/wp-json\/wp\/v2\/comments?post=997"}],"version-history":[{"count":1,"href":"https:\/\/www.europropmarket.com\/actualites\/wp-json\/wp\/v2\/posts\/997\/revisions"}],"predecessor-version":[{"id":999,"href":"https:\/\/www.europropmarket.com\/actualites\/wp-json\/wp\/v2\/posts\/997\/revisions\/999"}],"wp:featuredmedia":[{"embeddable":true,"href":"https:\/\/www.europropmarket.com\/actualites\/wp-json\/wp\/v2\/media\/998"}],"wp:attachment":[{"href":"https:\/\/www.europropmarket.com\/actualites\/wp-json\/wp\/v2\/media?parent=997"}],"wp:term":[{"taxonomy":"category","embeddable":true,"href":"https:\/\/www.europropmarket.com\/actualites\/wp-json\/wp\/v2\/categories?post=997"},{"taxonomy":"post_tag","embeddable":true,"href":"https:\/\/www.europropmarket.com\/actualites\/wp-json\/wp\/v2\/tags?post=997"}],"curies":[{"name":"wp","href":"https:\/\/api.w.org\/{rel}","templated":true}]}}